{"id":99741,"date":"2020-09-23T06:01:45","date_gmt":"2020-09-23T10:01:45","guid":{"rendered":"https:\/\/linitiative.ca\/International\/letat-determine-a-concretiser-les-projets-inities-dans-les-zones-dhombre\/"},"modified":"2020-09-23T06:01:45","modified_gmt":"2020-09-23T10:01:45","slug":"letat-determine-a-concretiser-les-projets-inities-dans-les-zones-dhombre","status":"publish","type":"post","link":"https:\/\/linitiative.ca\/International\/letat-determine-a-concretiser-les-projets-inities-dans-les-zones-dhombre\/","title":{"rendered":"L&rsquo;Etat d\u00e9termin\u00e9 \u00e0 concr\u00e9tiser les projets initi\u00e9s dans les zones d\u2019hombre"},"content":{"rendered":"<div readability=\"35\">\n<p><strong>SAIDA &#8211; Le charg\u00e9 de mission \u00e0 la Pr\u00e9sidence de la R\u00e9publique pour le suivi des zones d&rsquo;ombre, Brahim Merrad a affirm\u00e9 mardi \u00e0 Sa\u00efda que \u00ab\u00a0l&rsquo;Etat est d\u00e9termin\u00e9 \u00e0 concr\u00e9tiser tous les projets initi\u00e9s dans les r\u00e9gions recul\u00e9es partout dans le pays et dans les plus brefs d\u00e9lais\u00a0\u00bb.<\/strong><\/p>\n<\/div>\n<div readability=\"76.979293544458\">\n<p>En marge de sa deuxi\u00e8me journ\u00e9e de visite d&rsquo;inspection effectu\u00e9e au niveau des zones d&rsquo;ombre \u00e0 Sa\u00efda, M. Merrad a indiqu\u00e9 que l&rsquo;Etat \u00e9tait soucieux de mener \u00e0 bien ces projets \u00ab\u00a0dans les plus brefs d\u00e9lais\u00a0\u00bb afin d&rsquo;am\u00e9liorer les conditions de vie des citoyens r\u00e9sidants dans ces r\u00e9gions, assurant que l&rsquo;Etat \u00ab\u00a0s&#8217;emploie \u00e0 aplanir les difficult\u00e9s et obstacles pouvant freiner les efforts de d\u00e9veloppements dans ces zones\u00a0\u00bb.<\/p>\n<blockquote readability=\"15\">\n<p><em><strong>Le m\u00eame responsable a fait part d&rsquo;enveloppes financi\u00e8res importantes consacr\u00e9es par l&rsquo;Etat pour r\u00e9aliser ces projets, dans plusieurs aspects de d\u00e9veloppement, citant, entre autres, le raccordement au r\u00e9seau d&rsquo;eau potable et d&rsquo;assainissement, l&rsquo;ouverture de pistes rurales, la r\u00e9alisation de salles de soins et d&rsquo;\u00e9coles primaires, ou encore le soutien destin\u00e9 \u00e0 la construction rurale.<\/strong><\/em><\/p>\n<\/blockquote>\n<p>Apr\u00e8s avoir pris note des pr\u00e9occupations des citoyens \u00e0 Ouled En Nadhri, Ouled Ali et El Houadir dans la Da\u00efra d&rsquo;Ouled Brahim, le charg\u00e9 de mission a pr\u00e9cis\u00e9 que \u00ab\u00a0le Pr\u00e9sident Tebboune accorde un int\u00e9r\u00eat particulier \u00e0 la redynamisation du d\u00e9veloppement dans les zones d&rsquo;ombre, d&rsquo;ailleurs il a constitu\u00e9 une commission \u00e0 son niveau charg\u00e9e de veiller et de suivre la cadence et l&rsquo;\u00e9tat d&rsquo;avancement des projets de d\u00e9veloppement, aussi bien les projets r\u00e9alis\u00e9s ou ceux en cours de r\u00e9alisation\u00a0\u00bb.<\/p>\n<hr\/>\n<p><strong>Lire aussi:\u00a0<a href=\"http:\/\/www.aps.dz\/regions\/109997-zones-d-ombre-la-prise-en-charge-par-l-etat-des-besoins-de-la-population-commence-a-donner-ses-fruits\"><span class=\"highlight\">Zones<\/span>\u00a0<span class=\"highlight\">d&rsquo;ombre<\/span>: la prise en charge des besoins de la population commence \u00e0 donner ses fruits<\/a><\/strong><\/p>\n<hr\/>\n<p>Par ailleurs, M. Merrad s&rsquo;est f\u00e9licit\u00e9 des efforts d\u00e9ploy\u00e9s par les autorit\u00e9s locales pour la r\u00e9alisation de bon nombre de projets, \u00e0 l&rsquo;instar du ch\u00e2teau d&rsquo;eau de 200 m\u00e8tres cube \u00e0 Ouled Ali, cens\u00e9 raccorder en eau potable les populations des douars de \u00ab\u00a0Gtouta\u00a0\u00bb, \u00ab\u00a0Bsabis\u00a0\u00bb, \u00ab\u00a0Ouled Ben Friha\u00a0\u00bb, \u00ab\u00a0Ouled El Hadj\u00a0\u00bb et \u00ab\u00a0Ouled Lagoug\u00a0\u00bb.<\/p>\n<p>En fin de visite, M. Merad s&rsquo;est enquis des travaux d&rsquo;am\u00e9nagement et de raccordement au r\u00e9seau d&rsquo;eau potable et d&rsquo;assainissement au niveau de l&rsquo;ancienne agglom\u00e9ration de Tagdourt (commune d&rsquo;A\u00efn Soltane), avant de se rendre \u00e0 la commune de Maamora o\u00f9 il a inspect\u00e9 les travaux de r\u00e9am\u00e9nagement de la rocade liant la RN4 et Douar El Houadir en passant par Douar Guenadza sur une distance de 7 km.<\/p>\n<p>A noter que la wilaya de Sa\u00efda compte 308 zones d&rsquo;ombre ayant b\u00e9n\u00e9fici\u00e9 de 423 projets de d\u00e9veloppement dans les ressources en eau, les travaux publics, l&rsquo;Education et l&rsquo;Energie, et pour lesquels une enveloppe financi\u00e8re de plus de 4 milliards Da a \u00e9t\u00e9 d\u00e9bloqu\u00e9e.<\/p>\n<\/div>\n<p>Auteur:<br \/>\n<a href=\"http:\/\/www.aps.dz\/regions\/110043-zones-d-ombre-l-etat-determine-a-concretiser-les-projets-dans-les-meilleurs-delais\">Cliquez ici pour lire l&rsquo;article depuis sa source.<\/a><\/p>\n","protected":false},"excerpt":{"rendered":"<p>SAIDA &#8211; Le charg\u00e9 de mission \u00e0 la Pr\u00e9sidence de la R\u00e9publique pour le suivi des zones d&rsquo;ombre, Brahim Merrad a affirm\u00e9 mardi \u00e0 Sa\u00efda que \u00ab\u00a0l&rsquo;Etat est d\u00e9termin\u00e9 \u00e0 concr\u00e9tiser tous les projets initi\u00e9s dans les r\u00e9gions recul\u00e9es partout dans le pays et dans les plus brefs d\u00e9lais\u00a0\u00bb. En marge de sa deuxi\u00e8me journ\u00e9e [&hellip;]<\/p>\n","protected":false},"author":1790,"featured_media":0,"comment_status":"closed","ping_status":"closed","sticky":false,"template":"","format":"standard","meta":{"fifu_image_url":"","fifu_image_alt":"","footnotes":""},"categories":[53,76],"tags":[],"class_list":["post-99741","post","type-post","status-publish","format-standard","hentry","category-algerie","category-regions"],"_links":{"self":[{"href":"https:\/\/linitiative.ca\/International\/wp-json\/wp\/v2\/posts\/99741","targetHints":{"allow":["GET"]}}],"collection":[{"href":"https:\/\/linitiative.ca\/International\/wp-json\/wp\/v2\/posts"}],"about":[{"href":"https:\/\/linitiative.ca\/International\/wp-json\/wp\/v2\/types\/post"}],"author":[{"embeddable":true,"href":"https:\/\/linitiative.ca\/International\/wp-json\/wp\/v2\/users\/1790"}],"replies":[{"embeddable":true,"href":"https:\/\/linitiative.ca\/International\/wp-json\/wp\/v2\/comments?post=99741"}],"version-history":[{"count":0,"href":"https:\/\/linitiative.ca\/International\/wp-json\/wp\/v2\/posts\/99741\/revisions"}],"wp:attachment":[{"href":"https:\/\/linitiative.ca\/International\/wp-json\/wp\/v2\/media?parent=99741"}],"wp:term":[{"taxonomy":"category","embeddable":true,"href":"https:\/\/linitiative.ca\/International\/wp-json\/wp\/v2\/categories?post=99741"},{"taxonomy":"post_tag","embeddable":true,"href":"https:\/\/linitiative.ca\/International\/wp-json\/wp\/v2\/tags?post=99741"}],"curies":[{"name":"wp","href":"https:\/\/api.w.org\/{rel}","templated":true}]}}