{"id":99742,"date":"2020-09-23T05:51:06","date_gmt":"2020-09-23T09:51:06","guid":{"rendered":"https:\/\/linitiative.ca\/International\/constantine-hommage-poignant-a-lhistorien-et-sociologue-abdelmadjid-merdaci\/"},"modified":"2020-09-23T05:51:06","modified_gmt":"2020-09-23T09:51:06","slug":"constantine-hommage-poignant-a-lhistorien-et-sociologue-abdelmadjid-merdaci","status":"publish","type":"post","link":"https:\/\/linitiative.ca\/International\/constantine-hommage-poignant-a-lhistorien-et-sociologue-abdelmadjid-merdaci\/","title":{"rendered":"Constantine: hommage poignant \u00e0 l\u2019historien et sociologue Abdelmadjid Merdaci"},"content":{"rendered":"<div readability=\"33.555172413793\">\n<p><strong>CONSTANTINE &#8211; Un hommage poignant a \u00e9t\u00e9 rendu mardi \u00e0 Constantine \u00e0 l\u2019historien et sociologue, le <em><a href=\"http:\/\/www.aps.dz\/algerie\/109860-deces-du-sociologue-et-historien-abdelmadjid-merdaci\" target=\"_blank\" rel=\"noopener noreferrer\">d\u00e9funt Abdelmadjid Merdaci<\/a><\/em>, lors d\u2019une c\u00e9r\u00e9monie, qui a fait d\u00e9ferler des vagues de souvenirs et d\u2019\u00e9loges \u00e0 l\u2019\u00e9gard d\u2019une vie peu commune d\u2019un grand homme de la culture.<\/strong><\/p>\n<\/div>\n<div readability=\"95.761295418641\">\n<p>A l\u2019initiative de la direction locale de la culture, la c\u00e9r\u00e9monie, tenue \u00e0 la maison de la culture \u00ab\u00a0Malek Haddad\u00a0\u00bb, a permis \u00e0 des amis et des proches du d\u00e9funt de \u00ab\u00a0raconter Merdaci\u00a0\u00bb, et son regard \u00ab\u00a0singulier\u00a0\u00bb sur le pass\u00e9, le pr\u00e9sent et l\u2019avenir.<\/p>\n<p>Le Pr Abdellah Boukhelkhal, ancien recteur de l\u2019universit\u00e9 des sciences islamiques \u00ab\u00a0Emir Abdelkader\u00a0\u00bb a lou\u00e9 les qualit\u00e9s de l\u2019historien et sociologue, assurant que \u00ab\u00a0Abdelmadjid Merdaci \u00e9tait l\u2019auteur d\u2019ouvrages d\u2019histoire d\u2019une qualit\u00e9 rare, celle de son regard qui a toujours pr\u00e9f\u00e9r\u00e9 poser sur les \u00e9v\u00e8nements rest\u00e9s \u00e0 l\u2019ombre des projecteurs\u00a0\u00bb.<\/p>\n<p>Et d\u2019ajouter: \u00ab\u00a0Madjid, \u00e9tait un homme de culture d\u2019une rare intelligence mais il \u00e9tait surtout une personne vraie et enti\u00e8re, un homme passionn\u00e9 par les autres\u00a0\u00bb.<\/p>\n<p>Le r\u00e9alisateur Ali Aissaoui a salu\u00e9 \u00ab\u00a0le franc- parler de Madjid\u00a0\u00bb. \u00ab\u00a0Je connais Madjid depuis pr\u00e9s de 45 ans. On \u00e9tait sur un projet de sc\u00e9nario. Il s\u2019exprimait, pensait et \u00e9crivait sans contrainte. Il \u00e9tait avant- gardiste dans ses id\u00e9es et ses \u00e9crits\u00a0\u00bb, relate-t-il affect\u00e9.<\/p>\n<p>Et de relever: \u00ab\u00a0Il avait cette passion de partager et transmettre le savoir\u00a0\u00bb. Mohamed Aggabou, un des doyens des journalistes \u00e0 Constantine et ami du d\u00e9funt Merdcai a soulign\u00e9 \u00ab\u00a0l\u2019intellectuel av\u00e9r\u00e9 que fut Madjid\u00a0\u00bb.<\/p>\n<hr\/>\n<h3>Lire aussi:\u00a0<a href=\"http:\/\/www.aps.dz\/regions\/109863-abdelmadjid-merdaci-portait-constantine-dans-son-coeur-et-l-algerie-chevillee-au-corps\" target=\"_blank\" rel=\"noopener noreferrer\">Abdelmadjid Merdaci portait Constantine dans son c\u0153ur et l&rsquo;Alg\u00e9rie chevill\u00e9e au corps<\/a><\/h3>\n<hr\/>\n<p>\u00ab\u00a0J\u2019ai connu Madjid en 1965 en tant que journaliste. Il se passionnait pour ce m\u00e9tier et savait transmettre sa joie de vivre et sa vitalit\u00e9 \u00e0 son entourage\u00a0\u00bb.<\/p>\n<p>Le wali de Constantine, Ahmed Abdelhafid Saci a salu\u00e9 \u00ab\u00a0celui qui a enrichi \u00e0 travers ses nombreux ouvrages sur l\u2019histoire, l\u2019art et le sport, la biblioth\u00e8que nationale, affirmant que Abdelmadjid Merdaci \u00ab\u00a0qui aimait sa ville et son pays par-dessus tout restera \u00e0 jamais comme le premier intellectuel \u00e0 avoir soumis le riche patrimoine musical alg\u00e9rien aux investigations de l\u2019histoire\u00a0\u00bb.<\/p>\n<p>Et de souligner : \u00ab\u00a0Cet hommage \u00e0 Merdaci vient nous rappeler de l\u2019importance d\u2019\u0153uvrer \u00e0 faire connaitre les \u0153uvres du d\u00e9funt dans le milieu universitaire en reconnaissance \u00e0 tout ce qu\u2019il a apport\u00e9 \u00e0 la pens\u00e9e et \u00e0 l&rsquo;histoire\u00a0\u00bb.<\/p>\n<blockquote readability=\"14\">\n<p><em><strong>La fille du d\u00e9funt, Meriem Merdaci, \u00e9ditrice et ancienne ministre de la Culture, a \u00e9voqu\u00e9 \u00ab\u00a0le d\u00e9sir absolu de vie, de connaissances et de partage qui avait anim\u00e9 Abdelmadjid Merdaci jusqu\u2019aux ultimes moments de sa vie\u00a0\u00bb. \u00ab\u00a0Sa passion pour la culture \u00e9tait intacte jusqu\u2019au dernier souffle. Il parlait de ses trois nouveaux livres, qu\u2019il a \u00e9crit durant la p\u00e9riode de confinement sanitaire et avait des id\u00e9es plein la t\u00eate\u00a0\u00bb, confie \u00e9mue l\u2019\u00e9ditrice.<\/strong><\/em><\/p>\n<\/blockquote>\n<p>Ecrivain, sociologue et historien, le d\u00e9funt professeur Abdelmadjid Merdaci est l\u2019auteur de plusieurs ouvrages sur l\u2019Histoire de la ville de Constantine et la guerre de lib\u00e9ration nationale, notamment \u00ab\u00a0Le dictionnaire des musiques et les musiciens de Constantine\u00a0\u00bb, \u00ab\u00a0La fonction pr\u00e9sidentielle en Alg\u00e9rie\u00a0\u00bb, \u00ab\u00a0GPRA, un mandat historique (19 septembre 1958-3 ao\u00fbt 1962)\u00a0\u00bb, \u00ab\u00a0Novembre 1954, de l\u2019insurrection \u00e0 la guerre d\u2019ind\u00e9pendance\u00a0\u00bb et \u00ab\u00a0Constantine, citadelle des vertiges.\u00a0\u00bb<\/p>\n<\/div>\n<p>Auteur:<br \/>\n<a href=\"http:\/\/www.aps.dz\/regions\/110044-constantine-hommage-poignant-a-l-historien-et-sociologue-abdelmadjid-merdaci\">Cliquez ici pour lire l&rsquo;article depuis sa source.<\/a><\/p>\n","protected":false},"excerpt":{"rendered":"<p>CONSTANTINE &#8211; Un hommage poignant a \u00e9t\u00e9 rendu mardi \u00e0 Constantine \u00e0 l\u2019historien et sociologue, le d\u00e9funt Abdelmadjid Merdaci, lors d\u2019une c\u00e9r\u00e9monie, qui a fait d\u00e9ferler des vagues de souvenirs et d\u2019\u00e9loges \u00e0 l\u2019\u00e9gard d\u2019une vie peu commune d\u2019un grand homme de la culture. A l\u2019initiative de la direction locale de la culture, la c\u00e9r\u00e9monie, [&hellip;]<\/p>\n","protected":false},"author":1790,"featured_media":0,"comment_status":"closed","ping_status":"closed","sticky":false,"template":"","format":"standard","meta":{"fifu_image_url":"","fifu_image_alt":"","footnotes":""},"categories":[53,76],"tags":[],"class_list":["post-99742","post","type-post","status-publish","format-standard","hentry","category-algerie","category-regions"],"_links":{"self":[{"href":"https:\/\/linitiative.ca\/International\/wp-json\/wp\/v2\/posts\/99742","targetHints":{"allow":["GET"]}}],"collection":[{"href":"https:\/\/linitiative.ca\/International\/wp-json\/wp\/v2\/posts"}],"about":[{"href":"https:\/\/linitiative.ca\/International\/wp-json\/wp\/v2\/types\/post"}],"author":[{"embeddable":true,"href":"https:\/\/linitiative.ca\/International\/wp-json\/wp\/v2\/users\/1790"}],"replies":[{"embeddable":true,"href":"https:\/\/linitiative.ca\/International\/wp-json\/wp\/v2\/comments?post=99742"}],"version-history":[{"count":0,"href":"https:\/\/linitiative.ca\/International\/wp-json\/wp\/v2\/posts\/99742\/revisions"}],"wp:attachment":[{"href":"https:\/\/linitiative.ca\/International\/wp-json\/wp\/v2\/media?parent=99742"}],"wp:term":[{"taxonomy":"category","embeddable":true,"href":"https:\/\/linitiative.ca\/International\/wp-json\/wp\/v2\/categories?post=99742"},{"taxonomy":"post_tag","embeddable":true,"href":"https:\/\/linitiative.ca\/International\/wp-json\/wp\/v2\/tags?post=99742"}],"curies":[{"name":"wp","href":"https:\/\/api.w.org\/{rel}","templated":true}]}}