{"id":99745,"date":"2020-09-23T10:22:12","date_gmt":"2020-09-23T14:22:12","guid":{"rendered":"https:\/\/linitiative.ca\/International\/une-assurance-pour-les-tpe-et-les-autoentrepreneurs\/"},"modified":"2020-09-23T10:22:12","modified_gmt":"2020-09-23T14:22:12","slug":"une-assurance-pour-les-tpe-et-les-autoentrepreneurs","status":"publish","type":"post","link":"https:\/\/linitiative.ca\/International\/une-assurance-pour-les-tpe-et-les-autoentrepreneurs\/","title":{"rendered":"Une assurance pour les TPE et les Autoentrepreneurs"},"content":{"rendered":"<div class=\"body\">\n<div class=\"field field-name-body field-type-text-with-summary field-label-hidden\">\n<div class=\"field-items\" readability=\"9.5\">\n<div class=\"field-item even\" property=\"content:encoded\" readability=\"14\">\n<p class=\"rtejustify\">Saham Assurance lance \u00e0 la commercialisation une assurance d\u00e9di\u00e9e aux TPE et aux Autoentrepreneurs. Il s\u2019agit de l\u2019Assur\u2019Moukawalati qui permet aux assur\u00e9s d\u2019avoir acc\u00e8s, via un contrat unique, aux garanties essentielles de la multirisque professionnelle d\u2019une part, et \u00e0 celle de l\u2019accident de travail d\u2019autre part. Elle vise ainsi \u00e0 permettre aux Autoentrepreneurs et TPE qui red\u00e9marrent leur activit\u00e9 de repartir dans des conditions optimales, en se pr\u00e9munissant au mieux contre les risques li\u00e9s \u00e0 leur activit\u00e9. La compagnie promet un tarif tr\u00e8s accessible.<br \/><em>M.A.B.<\/em><\/p>\n<\/div>\n<\/div>\n<\/div>\n<\/div>\n<div class=\"eco-conseil\">\n<div class=\"view view-eco-conseil-16 view-id-eco_conseil_16 view-display-id-cookies view-dom-id-b80c4ee21cf86e79e254dd14263d710f\">\n<div class=\"view-content\">\n<div id=\"views-bootstrap-grid-1\" class=\"views-bootstrap-grid-plugin-style\">\n<div class=\"row\">\n<div class=\" col-xs-12 col-lg-4\">\n<div class=\"row\">\n<div class=\"col col-xs-12 col-lg-12\">\n<div class=\"field-content\"><a href=\"\/article\/1067556-l-ong-al-jisr-cree-un-fab-lab\"><img loading=\"lazy\" decoding=\"async\" class=\"img-responsive\" typeof=\"foaf:Image\" src=\"https:\/\/www.leconomiste.com\/sites\/default\/files\/eco7\/public\/styles\/800x400\/public\/default_images\/default_une.jpg?itok=4jZlgnIZ\" width=\"660\" height=\"330\" alt=\"\"\/><\/a><\/div>\n<\/div>\n<div class=\" title_suite_2 col col-xs-12 col-lg-12\"> <a href=\"\/article\/1067556-l-ong-al-jisr-cree-un-fab-lab\"\/><span class=\"field-content\"> L\u2019ONG Al Jisr cr\u00e9e un Fab Lab<\/span><\/div>\n<\/div>\n<\/div>\n<div class=\" col-xs-12 col-lg-4\">\n<div class=\"row\">\n<div class=\"col col-xs-12 col-lg-12\">\n<div class=\"field-content\"><a href=\"\/article\/1067555-qui-est-le-nouveau-dg-d-ocp-africa\"><img loading=\"lazy\" decoding=\"async\" class=\"img-responsive\" typeof=\"foaf:Image\" src=\"https:\/\/www.leconomiste.com\/sites\/default\/files\/eco7\/public\/styles\/800x400\/public\/default_images\/default_une.jpg?itok=4jZlgnIZ\" width=\"660\" height=\"330\" alt=\"\"\/><\/a><\/div>\n<\/div>\n<div class=\" title_suite_2 col col-xs-12 col-lg-12\"> <a href=\"\/article\/1067555-qui-est-le-nouveau-dg-d-ocp-africa\"\/><span class=\"field-content\">Qui est le nouveau DG d\u2019OCP Africa<\/span><\/div>\n<\/div>\n<\/div>\n<div class=\" col-xs-12 col-lg-4\">\n<div class=\"row\">\n<div class=\"col col-xs-12 col-lg-12\">\n<div class=\"field-content\"><a href=\"\/article\/1067554-destruction-d-alcool-impropre-la-consommation\"><img loading=\"lazy\" decoding=\"async\" class=\"img-responsive\" typeof=\"foaf:Image\" src=\"https:\/\/www.leconomiste.com\/sites\/default\/files\/eco7\/public\/styles\/800x400\/public\/default_images\/default_une.jpg?itok=4jZlgnIZ\" width=\"660\" height=\"330\" alt=\"\"\/><\/a><\/div>\n<\/div>\n<div class=\" title_suite_2 col col-xs-12 col-lg-12\"> <a href=\"\/article\/1067554-destruction-d-alcool-impropre-la-consommation\"\/><span class=\"field-content\">Destruction d\u2019alcool impropre \u00e0 la consommation <\/span><\/div>\n<\/div>\n<\/div>\n<\/div>\n<\/div>\n<\/div>\n<\/div>\n<\/div>\n<p>Auteur: hlafriqi<br \/>\n<a href=\"https:\/\/www.leconomiste.com\/article\/1067552-une-assurance-pour-les-tpe-et-les-autoentrepreneurs\">Cliquez ici pour lire l&rsquo;article depuis sa source.<\/a><\/p>\n","protected":false},"excerpt":{"rendered":"<p>Saham Assurance lance \u00e0 la commercialisation une assurance d\u00e9di\u00e9e aux TPE et aux Autoentrepreneurs. Il s\u2019agit de l\u2019Assur\u2019Moukawalati qui permet aux assur\u00e9s d\u2019avoir acc\u00e8s, via un contrat unique, aux garanties essentielles de la multirisque professionnelle d\u2019une part, et \u00e0 celle de l\u2019accident de travail d\u2019autre part. Elle vise ainsi \u00e0 permettre aux Autoentrepreneurs et TPE [&hellip;]<\/p>\n","protected":false},"author":1763,"featured_media":0,"comment_status":"closed","ping_status":"closed","sticky":false,"template":"","format":"standard","meta":{"fifu_image_url":"","fifu_image_alt":"","footnotes":""},"categories":[78,54],"tags":[],"class_list":["post-99745","post","type-post","status-publish","format-standard","hentry","category-economie","category-maroc"],"_links":{"self":[{"href":"https:\/\/linitiative.ca\/International\/wp-json\/wp\/v2\/posts\/99745","targetHints":{"allow":["GET"]}}],"collection":[{"href":"https:\/\/linitiative.ca\/International\/wp-json\/wp\/v2\/posts"}],"about":[{"href":"https:\/\/linitiative.ca\/International\/wp-json\/wp\/v2\/types\/post"}],"author":[{"embeddable":true,"href":"https:\/\/linitiative.ca\/International\/wp-json\/wp\/v2\/users\/1763"}],"replies":[{"embeddable":true,"href":"https:\/\/linitiative.ca\/International\/wp-json\/wp\/v2\/comments?post=99745"}],"version-history":[{"count":0,"href":"https:\/\/linitiative.ca\/International\/wp-json\/wp\/v2\/posts\/99745\/revisions"}],"wp:attachment":[{"href":"https:\/\/linitiative.ca\/International\/wp-json\/wp\/v2\/media?parent=99745"}],"wp:term":[{"taxonomy":"category","embeddable":true,"href":"https:\/\/linitiative.ca\/International\/wp-json\/wp\/v2\/categories?post=99745"},{"taxonomy":"post_tag","embeddable":true,"href":"https:\/\/linitiative.ca\/International\/wp-json\/wp\/v2\/tags?post=99745"}],"curies":[{"name":"wp","href":"https:\/\/api.w.org\/{rel}","templated":true}]}}