{"id":99746,"date":"2020-09-23T10:23:12","date_gmt":"2020-09-23T14:23:12","guid":{"rendered":"https:\/\/linitiative.ca\/International\/enseignement-superieur-pas-de-nouvelles-filieres-cette-annee\/"},"modified":"2020-09-23T10:23:12","modified_gmt":"2020-09-23T14:23:12","slug":"enseignement-superieur-pas-de-nouvelles-filieres-cette-annee","status":"publish","type":"post","link":"https:\/\/linitiative.ca\/International\/enseignement-superieur-pas-de-nouvelles-filieres-cette-annee\/","title":{"rendered":"Enseignement sup\u00e9rieur: Pas de nouvelles fili\u00e8res cette ann\u00e9e"},"content":{"rendered":"<div class=\"author\" readability=\"5.6949152542373\"> Par <a href=\"\/content\/ahlam-nazih\"> Ahlam NAZIH<\/a> <a href=\"\/node\/\"> <\/a> | Edition N\u00b0:5849 Le 23\/09\/2020 | Partager <\/div>\n<div class=\"body\">\n<div class=\"field field-name-body field-type-text-with-summary field-label-hidden\">\n<div class=\"field-items\" readability=\"11.5\">\n<div class=\"field-item even\" property=\"content:encoded\" readability=\"18\">\n<p class=\"rtejustify\">Afin de se concentrer sur la r\u00e9forme du bachelor, le d\u00e9partement de l\u2019Enseignement sup\u00e9rieur avait d\u00e9cid\u00e9, l\u2019an dernier, de mettre les accr\u00e9ditations de fili\u00e8res en stand-by. Il n\u2019y a donc pas eu d\u2019autorisation de nouvelles fili\u00e8res pour cette ann\u00e9e 2020-2021, hormis quelques rares exceptions (DUT, licences professionnelles ou masters justifi\u00e9s par un besoin de l\u2019\u00e9tablissement ou ouverts dans le cadre d\u2019un projet international). Les sp\u00e9cialit\u00e9s dont l\u2019accr\u00e9ditation est arriv\u00e9e \u00e0 terme, pour leur part, ont b\u00e9n\u00e9fici\u00e9 d\u2019une prorogation d\u2019un an. Concernant les demandes d\u2019accr\u00e9ditation de fili\u00e8res \u00e0 d\u00e9poser cette ann\u00e9e par les \u00e9tablissements pour un lancement en 2021-2022, le minist\u00e8re n\u2019a pas encore pris de d\u00e9cision.<br \/><em>A.Na<\/em><\/p>\n<\/div>\n<\/div>\n<\/div>\n<\/div>\n<div class=\"eco-conseil\">\n<div class=\"view view-eco-conseil-16 view-id-eco_conseil_16 view-display-id-cookies view-dom-id-3927ddd6ab86358eac7ce5868d2c004b\">\n<div class=\"view-content\">\n<div id=\"views-bootstrap-grid-1\" class=\"views-bootstrap-grid-plugin-style\">\n<div class=\"row\">\n<div class=\" col-xs-12 col-lg-4\">\n<div class=\"row\">\n<div class=\"col col-xs-12 col-lg-12\">\n<div class=\"field-content\"><a href=\"\/article\/1067556-l-ong-al-jisr-cree-un-fab-lab\"><img loading=\"lazy\" decoding=\"async\" class=\"img-responsive\" typeof=\"foaf:Image\" src=\"https:\/\/www.leconomiste.com\/sites\/default\/files\/eco7\/public\/styles\/800x400\/public\/default_images\/default_une.jpg?itok=4jZlgnIZ\" width=\"660\" height=\"330\" alt=\"\"\/><\/a><\/div>\n<\/div>\n<div class=\" title_suite_2 col col-xs-12 col-lg-12\"> <a href=\"\/article\/1067556-l-ong-al-jisr-cree-un-fab-lab\"\/><span class=\"field-content\"> L\u2019ONG Al Jisr cr\u00e9e un Fab Lab<\/span><\/div>\n<\/div>\n<\/div>\n<div class=\" col-xs-12 col-lg-4\">\n<div class=\"row\">\n<div class=\"col col-xs-12 col-lg-12\">\n<div class=\"field-content\"><a href=\"\/article\/1067555-qui-est-le-nouveau-dg-d-ocp-africa\"><img loading=\"lazy\" decoding=\"async\" class=\"img-responsive\" typeof=\"foaf:Image\" src=\"https:\/\/www.leconomiste.com\/sites\/default\/files\/eco7\/public\/styles\/800x400\/public\/default_images\/default_une.jpg?itok=4jZlgnIZ\" width=\"660\" height=\"330\" alt=\"\"\/><\/a><\/div>\n<\/div>\n<div class=\" title_suite_2 col col-xs-12 col-lg-12\"> <a href=\"\/article\/1067555-qui-est-le-nouveau-dg-d-ocp-africa\"\/><span class=\"field-content\">Qui est le nouveau DG d\u2019OCP Africa<\/span><\/div>\n<\/div>\n<\/div>\n<div class=\" col-xs-12 col-lg-4\">\n<div class=\"row\">\n<div class=\"col col-xs-12 col-lg-12\">\n<div class=\"field-content\"><a href=\"\/article\/1067554-destruction-d-alcool-impropre-la-consommation\"><img loading=\"lazy\" decoding=\"async\" class=\"img-responsive\" typeof=\"foaf:Image\" src=\"https:\/\/www.leconomiste.com\/sites\/default\/files\/eco7\/public\/styles\/800x400\/public\/default_images\/default_une.jpg?itok=4jZlgnIZ\" width=\"660\" height=\"330\" alt=\"\"\/><\/a><\/div>\n<\/div>\n<div class=\" title_suite_2 col col-xs-12 col-lg-12\"> <a href=\"\/article\/1067554-destruction-d-alcool-impropre-la-consommation\"\/><span class=\"field-content\">Destruction d\u2019alcool impropre \u00e0 la consommation <\/span><\/div>\n<\/div>\n<\/div>\n<\/div>\n<\/div>\n<\/div>\n<\/div>\n<\/div>\n<p>Auteur: hlafriqi<br \/>\n<a href=\"https:\/\/www.leconomiste.com\/article\/1067553-enseignement-superieur-pas-de-nouvelles-filieres-cette-annee\">Cliquez ici pour lire l&rsquo;article depuis sa source.<\/a><\/p>\n","protected":false},"excerpt":{"rendered":"<p>Par Ahlam NAZIH | Edition N\u00b0:5849 Le 23\/09\/2020 | Partager Afin de se concentrer sur la r\u00e9forme du bachelor, le d\u00e9partement de l\u2019Enseignement sup\u00e9rieur avait d\u00e9cid\u00e9, l\u2019an dernier, de mettre les accr\u00e9ditations de fili\u00e8res en stand-by. Il n\u2019y a donc pas eu d\u2019autorisation de nouvelles fili\u00e8res pour cette ann\u00e9e 2020-2021, hormis quelques rares exceptions (DUT, [&hellip;]<\/p>\n","protected":false},"author":1763,"featured_media":0,"comment_status":"closed","ping_status":"closed","sticky":false,"template":"","format":"standard","meta":{"fifu_image_url":"","fifu_image_alt":"","footnotes":""},"categories":[78,54],"tags":[],"class_list":["post-99746","post","type-post","status-publish","format-standard","hentry","category-economie","category-maroc"],"_links":{"self":[{"href":"https:\/\/linitiative.ca\/International\/wp-json\/wp\/v2\/posts\/99746","targetHints":{"allow":["GET"]}}],"collection":[{"href":"https:\/\/linitiative.ca\/International\/wp-json\/wp\/v2\/posts"}],"about":[{"href":"https:\/\/linitiative.ca\/International\/wp-json\/wp\/v2\/types\/post"}],"author":[{"embeddable":true,"href":"https:\/\/linitiative.ca\/International\/wp-json\/wp\/v2\/users\/1763"}],"replies":[{"embeddable":true,"href":"https:\/\/linitiative.ca\/International\/wp-json\/wp\/v2\/comments?post=99746"}],"version-history":[{"count":0,"href":"https:\/\/linitiative.ca\/International\/wp-json\/wp\/v2\/posts\/99746\/revisions"}],"wp:attachment":[{"href":"https:\/\/linitiative.ca\/International\/wp-json\/wp\/v2\/media?parent=99746"}],"wp:term":[{"taxonomy":"category","embeddable":true,"href":"https:\/\/linitiative.ca\/International\/wp-json\/wp\/v2\/categories?post=99746"},{"taxonomy":"post_tag","embeddable":true,"href":"https:\/\/linitiative.ca\/International\/wp-json\/wp\/v2\/tags?post=99746"}],"curies":[{"name":"wp","href":"https:\/\/api.w.org\/{rel}","templated":true}]}}