{"id":99747,"date":"2020-09-23T10:24:06","date_gmt":"2020-09-23T14:24:06","guid":{"rendered":"https:\/\/linitiative.ca\/International\/destruction-dalcool-impropre-a-la-consommation\/"},"modified":"2020-09-23T10:24:06","modified_gmt":"2020-09-23T14:24:06","slug":"destruction-dalcool-impropre-a-la-consommation","status":"publish","type":"post","link":"https:\/\/linitiative.ca\/International\/destruction-dalcool-impropre-a-la-consommation\/","title":{"rendered":"Destruction d\u2019alcool impropre \u00e0 la consommation"},"content":{"rendered":"<div class=\"body\">\n<div class=\"field field-name-body field-type-text-with-summary field-label-hidden\">\n<div class=\"field-items\" readability=\"10\">\n<div class=\"field-item even\" property=\"content:encoded\" readability=\"15\">\n<p class=\"rtejustify\">Mardi 22 septembre, la S\u00fbret\u00e9 nationale a proc\u00e9d\u00e9 \u00e0 la destruction d\u2019environ 21.000 bouteilles de vin et de 8.000 canettes de bi\u00e8re impropres \u00e0 la consommation. L\u2019op\u00e9ration s\u2019est d\u00e9roul\u00e9e \u00e0\u00a0 Had Soualem. C\u2019est dans cette agglom\u00e9ration \u00e0 plus d\u2019une vingtaine de km\u00a0 de Casablanca\u00a0 o\u00f9 a \u00e9t\u00e9 saisie la marchandise. La police judiciaire, la Douane et l\u2019Office national de s\u00e9curit\u00e9 sanitaire des produits alimentaires (Onssa) ont collabor\u00e9 pour mener l\u2019op\u00e9ration mains propres. Plusieurs villes, comme F\u00e8s et Marrakech, sont concern\u00e9es. Pour l\u2019heure, trois personnes ont \u00e9t\u00e9 d\u00e9f\u00e9r\u00e9es devant le parquet de Casablanca.<br \/><em>F.F.\u00a0\u00a0\u00a0 <\/em><\/p>\n<\/div>\n<\/div>\n<\/div>\n<\/div>\n<div class=\"eco-conseil\">\n<div class=\"view view-eco-conseil-16 view-id-eco_conseil_16 view-display-id-cookies view-dom-id-467ef8b135fa42991c9940feccbd9f8b\">\n<div class=\"view-content\">\n<div id=\"views-bootstrap-grid-1\" class=\"views-bootstrap-grid-plugin-style\">\n<div class=\"row\">\n<div class=\" col-xs-12 col-lg-4\">\n<div class=\"row\">\n<div class=\"col col-xs-12 col-lg-12\">\n<div class=\"field-content\"><a href=\"\/article\/1067556-l-ong-al-jisr-cree-un-fab-lab\"><img loading=\"lazy\" decoding=\"async\" class=\"img-responsive\" typeof=\"foaf:Image\" src=\"https:\/\/www.leconomiste.com\/sites\/default\/files\/eco7\/public\/styles\/800x400\/public\/default_images\/default_une.jpg?itok=4jZlgnIZ\" width=\"660\" height=\"330\" alt=\"\"\/><\/a><\/div>\n<\/div>\n<div class=\" title_suite_2 col col-xs-12 col-lg-12\"> <a href=\"\/article\/1067556-l-ong-al-jisr-cree-un-fab-lab\"\/><span class=\"field-content\"> L\u2019ONG Al Jisr cr\u00e9e un Fab Lab<\/span><\/div>\n<\/div>\n<\/div>\n<div class=\" col-xs-12 col-lg-4\">\n<div class=\"row\">\n<div class=\"col col-xs-12 col-lg-12\">\n<div class=\"field-content\"><a href=\"\/article\/1067555-qui-est-le-nouveau-dg-d-ocp-africa\"><img loading=\"lazy\" decoding=\"async\" class=\"img-responsive\" typeof=\"foaf:Image\" src=\"https:\/\/www.leconomiste.com\/sites\/default\/files\/eco7\/public\/styles\/800x400\/public\/default_images\/default_une.jpg?itok=4jZlgnIZ\" width=\"660\" height=\"330\" alt=\"\"\/><\/a><\/div>\n<\/div>\n<div class=\" title_suite_2 col col-xs-12 col-lg-12\"> <a href=\"\/article\/1067555-qui-est-le-nouveau-dg-d-ocp-africa\"\/><span class=\"field-content\">Qui est le nouveau DG d\u2019OCP Africa<\/span><\/div>\n<\/div>\n<\/div>\n<div class=\" col-xs-12 col-lg-4\">\n<div class=\"row\">\n<div class=\"col col-xs-12 col-lg-12\">\n<div class=\"field-content\"><a href=\"\/article\/1067553-enseignement-superieur-pas-de-nouvelles-filieres-cette-annee\"><img loading=\"lazy\" decoding=\"async\" class=\"img-responsive\" typeof=\"foaf:Image\" src=\"https:\/\/www.leconomiste.com\/sites\/default\/files\/eco7\/public\/styles\/800x400\/public\/default_images\/default_une.jpg?itok=4jZlgnIZ\" width=\"660\" height=\"330\" alt=\"\"\/><\/a><\/div>\n<\/div>\n<div class=\" title_suite_2 col col-xs-12 col-lg-12\"> <a href=\"\/article\/1067553-enseignement-superieur-pas-de-nouvelles-filieres-cette-annee\"\/><span class=\"field-content\">Enseignement sup\u00e9rieur: Pas de nouvelles fili\u00e8res cette ann\u00e9e<\/span><\/div>\n<\/div>\n<\/div>\n<\/div>\n<\/div>\n<\/div>\n<\/div>\n<\/div>\n<p>Auteur: hlafriqi<br \/>\n<a href=\"https:\/\/www.leconomiste.com\/article\/1067554-destruction-d-alcool-impropre-la-consommation\">Cliquez ici pour lire l&rsquo;article depuis sa source.<\/a><\/p>\n","protected":false},"excerpt":{"rendered":"<p>Mardi 22 septembre, la S\u00fbret\u00e9 nationale a proc\u00e9d\u00e9 \u00e0 la destruction d\u2019environ 21.000 bouteilles de vin et de 8.000 canettes de bi\u00e8re impropres \u00e0 la consommation. L\u2019op\u00e9ration s\u2019est d\u00e9roul\u00e9e \u00e0\u00a0 Had Soualem. C\u2019est dans cette agglom\u00e9ration \u00e0 plus d\u2019une vingtaine de km\u00a0 de Casablanca\u00a0 o\u00f9 a \u00e9t\u00e9 saisie la marchandise. La police judiciaire, la Douane [&hellip;]<\/p>\n","protected":false},"author":1763,"featured_media":0,"comment_status":"closed","ping_status":"closed","sticky":false,"template":"","format":"standard","meta":{"fifu_image_url":"","fifu_image_alt":"","footnotes":""},"categories":[78,54],"tags":[],"class_list":["post-99747","post","type-post","status-publish","format-standard","hentry","category-economie","category-maroc"],"_links":{"self":[{"href":"https:\/\/linitiative.ca\/International\/wp-json\/wp\/v2\/posts\/99747","targetHints":{"allow":["GET"]}}],"collection":[{"href":"https:\/\/linitiative.ca\/International\/wp-json\/wp\/v2\/posts"}],"about":[{"href":"https:\/\/linitiative.ca\/International\/wp-json\/wp\/v2\/types\/post"}],"author":[{"embeddable":true,"href":"https:\/\/linitiative.ca\/International\/wp-json\/wp\/v2\/users\/1763"}],"replies":[{"embeddable":true,"href":"https:\/\/linitiative.ca\/International\/wp-json\/wp\/v2\/comments?post=99747"}],"version-history":[{"count":0,"href":"https:\/\/linitiative.ca\/International\/wp-json\/wp\/v2\/posts\/99747\/revisions"}],"wp:attachment":[{"href":"https:\/\/linitiative.ca\/International\/wp-json\/wp\/v2\/media?parent=99747"}],"wp:term":[{"taxonomy":"category","embeddable":true,"href":"https:\/\/linitiative.ca\/International\/wp-json\/wp\/v2\/categories?post=99747"},{"taxonomy":"post_tag","embeddable":true,"href":"https:\/\/linitiative.ca\/International\/wp-json\/wp\/v2\/tags?post=99747"}],"curies":[{"name":"wp","href":"https:\/\/api.w.org\/{rel}","templated":true}]}}