{"id":99748,"date":"2020-09-23T10:25:00","date_gmt":"2020-09-23T14:25:00","guid":{"rendered":"https:\/\/linitiative.ca\/International\/qui-est-le-nouveau-dg-docp-africa\/"},"modified":"2020-09-23T10:25:00","modified_gmt":"2020-09-23T14:25:00","slug":"qui-est-le-nouveau-dg-docp-africa","status":"publish","type":"post","link":"https:\/\/linitiative.ca\/International\/qui-est-le-nouveau-dg-docp-africa\/","title":{"rendered":"Qui est le nouveau DG d\u2019OCP Africa"},"content":{"rendered":"<div class=\"author\" readability=\"5.7931034482759\"> Par <a href=\"\/content\/amin-rboub\">Amin RBOUB<\/a> <a href=\"\/node\/\"> <\/a> | Edition N\u00b0:5849 Le 23\/09\/2020 | Partager <\/div>\n<div class=\"body\">\n<div class=\"field field-name-body field-type-text-with-summary field-label-hidden\">\n<div class=\"field-items\" readability=\"9.5\">\n<div class=\"field-item even\" property=\"content:encoded\" readability=\"14\">\n<p class=\"rtejustify\">OCP Africa, la filiale africaine du groupe \u00e9ponyme, vient de nommer un nouveau directeur g\u00e9n\u00e9ral. Il s\u2019agit de Mohamed Anouar Jamali, qui remplace Karim Lotfi Senhaji. La d\u00e9cision a \u00e9t\u00e9 prise le 18 septembre en marge du conseil d\u2019administration de l\u2019entreprise. Titulaire d\u2019un Ph.D en g\u00e9nie industriel de l\u2019Universit\u00e9 de Laval ainsi qu\u2019un doctorat en sciences de gestion \u00e0 l\u2019Universit\u00e9 catholique de Louvain en Belgique, le tout nouveau DG (Mohamed Anouar Jamali) assurait depuis 2018\u00a0 la direction de l\u2019initiative pour l\u2019Afrique \u00e0 l\u2019Universit\u00e9 Mohammed VI Polytechnique (UM6P).<br \/><em>\u00a0A.R.<\/em><\/p>\n<\/div>\n<\/div>\n<\/div>\n<\/div>\n<div class=\"eco-conseil\">\n<div class=\"view view-eco-conseil-16 view-id-eco_conseil_16 view-display-id-cookies view-dom-id-b649c3bb3570f3392e17e3655f3995c9\">\n<div class=\"view-content\">\n<div id=\"views-bootstrap-grid-1\" class=\"views-bootstrap-grid-plugin-style\">\n<div class=\"row\">\n<div class=\" col-xs-12 col-lg-4\">\n<div class=\"row\">\n<div class=\"col col-xs-12 col-lg-12\">\n<div class=\"field-content\"><a href=\"\/article\/1067556-l-ong-al-jisr-cree-un-fab-lab\"><img loading=\"lazy\" decoding=\"async\" class=\"img-responsive\" typeof=\"foaf:Image\" src=\"https:\/\/www.leconomiste.com\/sites\/default\/files\/eco7\/public\/styles\/800x400\/public\/default_images\/default_une.jpg?itok=4jZlgnIZ\" width=\"660\" height=\"330\" alt=\"\"\/><\/a><\/div>\n<\/div>\n<div class=\" title_suite_2 col col-xs-12 col-lg-12\"> <a href=\"\/article\/1067556-l-ong-al-jisr-cree-un-fab-lab\"\/><span class=\"field-content\"> L\u2019ONG Al Jisr cr\u00e9e un Fab Lab<\/span><\/div>\n<\/div>\n<\/div>\n<div class=\" col-xs-12 col-lg-4\">\n<div class=\"row\">\n<div class=\"col col-xs-12 col-lg-12\">\n<div class=\"field-content\"><a href=\"\/article\/1067554-destruction-d-alcool-impropre-la-consommation\"><img loading=\"lazy\" decoding=\"async\" class=\"img-responsive\" typeof=\"foaf:Image\" src=\"https:\/\/www.leconomiste.com\/sites\/default\/files\/eco7\/public\/styles\/800x400\/public\/default_images\/default_une.jpg?itok=4jZlgnIZ\" width=\"660\" height=\"330\" alt=\"\"\/><\/a><\/div>\n<\/div>\n<div class=\" title_suite_2 col col-xs-12 col-lg-12\"> <a href=\"\/article\/1067554-destruction-d-alcool-impropre-la-consommation\"\/><span class=\"field-content\">Destruction d\u2019alcool impropre \u00e0 la consommation <\/span><\/div>\n<\/div>\n<\/div>\n<div class=\" col-xs-12 col-lg-4\">\n<div class=\"row\">\n<div class=\"col col-xs-12 col-lg-12\">\n<div class=\"field-content\"><a href=\"\/article\/1067553-enseignement-superieur-pas-de-nouvelles-filieres-cette-annee\"><img loading=\"lazy\" decoding=\"async\" class=\"img-responsive\" typeof=\"foaf:Image\" src=\"https:\/\/www.leconomiste.com\/sites\/default\/files\/eco7\/public\/styles\/800x400\/public\/default_images\/default_une.jpg?itok=4jZlgnIZ\" width=\"660\" height=\"330\" alt=\"\"\/><\/a><\/div>\n<\/div>\n<div class=\" title_suite_2 col col-xs-12 col-lg-12\"> <a href=\"\/article\/1067553-enseignement-superieur-pas-de-nouvelles-filieres-cette-annee\"\/><span class=\"field-content\">Enseignement sup\u00e9rieur: Pas de nouvelles fili\u00e8res cette ann\u00e9e<\/span><\/div>\n<\/div>\n<\/div>\n<\/div>\n<\/div>\n<\/div>\n<\/div>\n<\/div>\n<p>Auteur: hlafriqi<br \/>\n<a href=\"https:\/\/www.leconomiste.com\/article\/1067555-qui-est-le-nouveau-dg-d-ocp-africa\">Cliquez ici pour lire l&rsquo;article depuis sa source.<\/a><\/p>\n","protected":false},"excerpt":{"rendered":"<p>Par Amin RBOUB | Edition N\u00b0:5849 Le 23\/09\/2020 | Partager OCP Africa, la filiale africaine du groupe \u00e9ponyme, vient de nommer un nouveau directeur g\u00e9n\u00e9ral. Il s\u2019agit de Mohamed Anouar Jamali, qui remplace Karim Lotfi Senhaji. La d\u00e9cision a \u00e9t\u00e9 prise le 18 septembre en marge du conseil d\u2019administration de l\u2019entreprise. Titulaire d\u2019un Ph.D en [&hellip;]<\/p>\n","protected":false},"author":1763,"featured_media":0,"comment_status":"closed","ping_status":"closed","sticky":false,"template":"","format":"standard","meta":{"fifu_image_url":"","fifu_image_alt":"","footnotes":""},"categories":[78,54],"tags":[],"class_list":["post-99748","post","type-post","status-publish","format-standard","hentry","category-economie","category-maroc"],"_links":{"self":[{"href":"https:\/\/linitiative.ca\/International\/wp-json\/wp\/v2\/posts\/99748","targetHints":{"allow":["GET"]}}],"collection":[{"href":"https:\/\/linitiative.ca\/International\/wp-json\/wp\/v2\/posts"}],"about":[{"href":"https:\/\/linitiative.ca\/International\/wp-json\/wp\/v2\/types\/post"}],"author":[{"embeddable":true,"href":"https:\/\/linitiative.ca\/International\/wp-json\/wp\/v2\/users\/1763"}],"replies":[{"embeddable":true,"href":"https:\/\/linitiative.ca\/International\/wp-json\/wp\/v2\/comments?post=99748"}],"version-history":[{"count":0,"href":"https:\/\/linitiative.ca\/International\/wp-json\/wp\/v2\/posts\/99748\/revisions"}],"wp:attachment":[{"href":"https:\/\/linitiative.ca\/International\/wp-json\/wp\/v2\/media?parent=99748"}],"wp:term":[{"taxonomy":"category","embeddable":true,"href":"https:\/\/linitiative.ca\/International\/wp-json\/wp\/v2\/categories?post=99748"},{"taxonomy":"post_tag","embeddable":true,"href":"https:\/\/linitiative.ca\/International\/wp-json\/wp\/v2\/tags?post=99748"}],"curies":[{"name":"wp","href":"https:\/\/api.w.org\/{rel}","templated":true}]}}