{"id":99749,"date":"2020-09-23T10:25:46","date_gmt":"2020-09-23T14:25:46","guid":{"rendered":"https:\/\/linitiative.ca\/International\/long-al-jisr-cree-un-fab-lab\/"},"modified":"2020-09-23T10:25:46","modified_gmt":"2020-09-23T14:25:46","slug":"long-al-jisr-cree-un-fab-lab","status":"publish","type":"post","link":"https:\/\/linitiative.ca\/International\/long-al-jisr-cree-un-fab-lab\/","title":{"rendered":"L\u2019ONG Al Jisr cr\u00e9e un Fab Lab"},"content":{"rendered":"<div class=\"author\" readability=\"5.6949152542373\"> Par <a href=\"\/content\/ahlam-nazih\"> Ahlam NAZIH<\/a> <a href=\"\/node\/\"> <\/a> | Edition N\u00b0:5849 Le 23\/09\/2020 | Partager <\/div>\n<div class=\"body\">\n<div class=\"field field-name-body field-type-text-with-summary field-label-hidden\">\n<div class=\"field-items\" readability=\"10.5\">\n<div class=\"field-item even\" property=\"content:encoded\" readability=\"16\">\n<p class=\"rtejustify\">Dans une approche de learning by doing, l\u2019association Al Jisr s\u2019appr\u00eate \u00e0 monter un Fab Lab. L\u2019ONG sp\u00e9cialis\u00e9e, entre autres, dans l\u2019insertion professionnelle des jeunes sans dipl\u00f4me, pr\u00e9voit de pousser ses b\u00e9n\u00e9ficiaires \u00e0 d\u00e9velopper des prototypes de jeux \u00e0 utiliser par ses \u00e9ducatrices du pr\u00e9scolaire. Une mani\u00e8re de les pousser \u00e0 d\u00e9velopper leurs comp\u00e9tences, \u00e0 la fois techniques et personnelles, mais aussi de les encourager \u00e0 entreprendre. Des prototypes pourraient \u00eatre commercialis\u00e9s \u00e0 travers une startup cr\u00e9\u00e9e par les jeunes de l\u2019association.<br \/><em>A.Na\u00a0\u00a0\u00a0 <\/em><\/p>\n<\/div>\n<\/div>\n<\/div>\n<\/div>\n<div class=\"eco-conseil\">\n<div class=\"view view-eco-conseil-16 view-id-eco_conseil_16 view-display-id-cookies view-dom-id-b9a9c13b5a9e9bc67fe0dde90dc7736f\">\n<div class=\"view-content\">\n<div id=\"views-bootstrap-grid-1\" class=\"views-bootstrap-grid-plugin-style\">\n<div class=\"row\">\n<div class=\" col-xs-12 col-lg-4\">\n<div class=\"row\">\n<div class=\"col col-xs-12 col-lg-12\">\n<div class=\"field-content\"><a href=\"\/article\/1067555-qui-est-le-nouveau-dg-d-ocp-africa\"><img loading=\"lazy\" decoding=\"async\" class=\"img-responsive\" typeof=\"foaf:Image\" src=\"https:\/\/www.leconomiste.com\/sites\/default\/files\/eco7\/public\/styles\/800x400\/public\/default_images\/default_une.jpg?itok=4jZlgnIZ\" width=\"660\" height=\"330\" alt=\"\"\/><\/a><\/div>\n<\/div>\n<div class=\" title_suite_2 col col-xs-12 col-lg-12\"> <a href=\"\/article\/1067555-qui-est-le-nouveau-dg-d-ocp-africa\"\/><span class=\"field-content\">Qui est le nouveau DG d\u2019OCP Africa<\/span><\/div>\n<\/div>\n<\/div>\n<div class=\" col-xs-12 col-lg-4\">\n<div class=\"row\">\n<div class=\"col col-xs-12 col-lg-12\">\n<div class=\"field-content\"><a href=\"\/article\/1067554-destruction-d-alcool-impropre-la-consommation\"><img loading=\"lazy\" decoding=\"async\" class=\"img-responsive\" typeof=\"foaf:Image\" src=\"https:\/\/www.leconomiste.com\/sites\/default\/files\/eco7\/public\/styles\/800x400\/public\/default_images\/default_une.jpg?itok=4jZlgnIZ\" width=\"660\" height=\"330\" alt=\"\"\/><\/a><\/div>\n<\/div>\n<div class=\" title_suite_2 col col-xs-12 col-lg-12\"> <a href=\"\/article\/1067554-destruction-d-alcool-impropre-la-consommation\"\/><span class=\"field-content\">Destruction d\u2019alcool impropre \u00e0 la consommation <\/span><\/div>\n<\/div>\n<\/div>\n<div class=\" col-xs-12 col-lg-4\">\n<div class=\"row\">\n<div class=\"col col-xs-12 col-lg-12\">\n<div class=\"field-content\"><a href=\"\/article\/1067553-enseignement-superieur-pas-de-nouvelles-filieres-cette-annee\"><img loading=\"lazy\" decoding=\"async\" class=\"img-responsive\" typeof=\"foaf:Image\" src=\"https:\/\/www.leconomiste.com\/sites\/default\/files\/eco7\/public\/styles\/800x400\/public\/default_images\/default_une.jpg?itok=4jZlgnIZ\" width=\"660\" height=\"330\" alt=\"\"\/><\/a><\/div>\n<\/div>\n<div class=\" title_suite_2 col col-xs-12 col-lg-12\"> <a href=\"\/article\/1067553-enseignement-superieur-pas-de-nouvelles-filieres-cette-annee\"\/><span class=\"field-content\">Enseignement sup\u00e9rieur: Pas de nouvelles fili\u00e8res cette ann\u00e9e<\/span><\/div>\n<\/div>\n<\/div>\n<\/div>\n<\/div>\n<\/div>\n<\/div>\n<\/div>\n<p>Auteur: hlafriqi<br \/>\n<a href=\"https:\/\/www.leconomiste.com\/article\/1067556-l-ong-al-jisr-cree-un-fab-lab\">Cliquez ici pour lire l&rsquo;article depuis sa source.<\/a><\/p>\n","protected":false},"excerpt":{"rendered":"<p>Par Ahlam NAZIH | Edition N\u00b0:5849 Le 23\/09\/2020 | Partager Dans une approche de learning by doing, l\u2019association Al Jisr s\u2019appr\u00eate \u00e0 monter un Fab Lab. L\u2019ONG sp\u00e9cialis\u00e9e, entre autres, dans l\u2019insertion professionnelle des jeunes sans dipl\u00f4me, pr\u00e9voit de pousser ses b\u00e9n\u00e9ficiaires \u00e0 d\u00e9velopper des prototypes de jeux \u00e0 utiliser par ses \u00e9ducatrices du pr\u00e9scolaire. [&hellip;]<\/p>\n","protected":false},"author":1763,"featured_media":0,"comment_status":"closed","ping_status":"closed","sticky":false,"template":"","format":"standard","meta":{"fifu_image_url":"","fifu_image_alt":"","footnotes":""},"categories":[78,54],"tags":[],"class_list":["post-99749","post","type-post","status-publish","format-standard","hentry","category-economie","category-maroc"],"_links":{"self":[{"href":"https:\/\/linitiative.ca\/International\/wp-json\/wp\/v2\/posts\/99749","targetHints":{"allow":["GET"]}}],"collection":[{"href":"https:\/\/linitiative.ca\/International\/wp-json\/wp\/v2\/posts"}],"about":[{"href":"https:\/\/linitiative.ca\/International\/wp-json\/wp\/v2\/types\/post"}],"author":[{"embeddable":true,"href":"https:\/\/linitiative.ca\/International\/wp-json\/wp\/v2\/users\/1763"}],"replies":[{"embeddable":true,"href":"https:\/\/linitiative.ca\/International\/wp-json\/wp\/v2\/comments?post=99749"}],"version-history":[{"count":0,"href":"https:\/\/linitiative.ca\/International\/wp-json\/wp\/v2\/posts\/99749\/revisions"}],"wp:attachment":[{"href":"https:\/\/linitiative.ca\/International\/wp-json\/wp\/v2\/media?parent=99749"}],"wp:term":[{"taxonomy":"category","embeddable":true,"href":"https:\/\/linitiative.ca\/International\/wp-json\/wp\/v2\/categories?post=99749"},{"taxonomy":"post_tag","embeddable":true,"href":"https:\/\/linitiative.ca\/International\/wp-json\/wp\/v2\/tags?post=99749"}],"curies":[{"name":"wp","href":"https:\/\/api.w.org\/{rel}","templated":true}]}}