{"id":99750,"date":"2020-09-23T11:30:00","date_gmt":"2020-09-23T15:30:00","guid":{"rendered":"https:\/\/linitiative.ca\/International\/zoubeir-baya-en-colere\/"},"modified":"2020-09-23T11:30:00","modified_gmt":"2020-09-23T15:30:00","slug":"zoubeir-baya-en-colere","status":"publish","type":"post","link":"https:\/\/linitiative.ca\/International\/zoubeir-baya-en-colere\/","title":{"rendered":"Zoubeir Baya en col\u00e8re !"},"content":{"rendered":"<p class=\"p1 c3\"><span class=\"c2\">L\u2019ex-gloire de l\u2019Etoile Zoubeir Baya est sorti de son silence en d\u00e9plorant les maladresses manag\u00e9riales qui pr\u00e9valent actuellement \u00e0 son club de c\u0153ur<span class=\"Apple-converted-space\">\u00a0<\/span><\/span><\/p>\n<p class=\"p1 c3\"><span class=\"c2\">\u00ab Je dois avouer que l\u2019on ne peut m\u00eame parler d\u2019\u00e9valuation de la saison qui vient de s\u2019\u00e9couler, tellement les d\u00e9boires ont touch\u00e9 toutes les disciplines.<span class=\"Apple-converted-space\">\u00a0<\/span><\/span><\/p>\n<p class=\"p1 c3\"><span class=\"c2\">C\u2019est une situation d\u00e9plorable et inqui\u00e9tante qui n\u2019a pas eu lieu depuis de longues ann\u00e9es, due \u00e0 l\u2019absence de planification claire et de strat\u00e9gie coh\u00e9rente de la part des dirigeants du club,au point de ne pas savoir ce qu\u2019ils veulent faire exactement.<span class=\"Apple-converted-space\">\u00a0<\/span><\/span><\/p>\n<p class=\"p1 c3\"><span class=\"c2\">A juste titre, ils ont commenc\u00e9 l\u2019op\u00e9ration rajeunissement pour terminer finalement la saison avec les joueurs d\u2019exp\u00e9rience ! Allez-savoir !<\/span><\/p>\n<p class=\"p1 c3\"><span class=\"c2\">A chaque crise, ils nous sortent l\u2019alternative- Lemerre pour faire taire les critiques et apaiser la tension.<span class=\"Apple-converted-space\">\u00a0<\/span><\/span><\/p>\n<p class=\"p1 c3\"><span class=\"c2\">C\u2019est inadmissible que ce dernier s\u00e9journe \u00e0 Sousse pour 48h pour rebrousser chemin sans donner de r\u00e9ponse et sans la moindre information de la part des d\u00e9cideurs de l\u2019Etoile.<\/span><\/p>\n<p class=\"p1 c3\"><span class=\"c2\"><span class=\"Apple-converted-space\">\u00a0<\/span>Il aurait \u00e9t\u00e9 plus judicieux de faire appel \u00e0 Faouzi Benzarti sous certaines conditions pour g\u00e9rer au mieux cette situation \u00bb.<\/span><\/p>\n<p class=\"p2 c4\"><span class=\"c2\"><strong>Hatem REGAIEG<\/strong><\/span><\/p>\n<p>Auteur: letemps1<br \/>\n<a href=\"http:\/\/www.letemps.com.tn\/article\/117210\/zoubeir-baya-en-col%C3%A8re\">Cliquez ici pour lire l&rsquo;article depuis sa source.<\/a><\/p>\n","protected":false},"excerpt":{"rendered":"<p>L\u2019ex-gloire de l\u2019Etoile Zoubeir Baya est sorti de son silence en d\u00e9plorant les maladresses manag\u00e9riales qui pr\u00e9valent actuellement \u00e0 son club de c\u0153ur\u00a0 \u00ab Je dois avouer que l\u2019on ne peut m\u00eame parler d\u2019\u00e9valuation de la saison qui vient de s\u2019\u00e9couler, tellement les d\u00e9boires ont touch\u00e9 toutes les disciplines.\u00a0 C\u2019est une situation d\u00e9plorable et inqui\u00e9tante [&hellip;]<\/p>\n","protected":false},"author":1773,"featured_media":0,"comment_status":"closed","ping_status":"closed","sticky":false,"template":"","format":"standard","meta":{"fifu_image_url":"","fifu_image_alt":"","footnotes":""},"categories":[73,55],"tags":[],"class_list":["post-99750","post","type-post","status-publish","format-standard","hentry","category-actualite","category-tunisie"],"_links":{"self":[{"href":"https:\/\/linitiative.ca\/International\/wp-json\/wp\/v2\/posts\/99750","targetHints":{"allow":["GET"]}}],"collection":[{"href":"https:\/\/linitiative.ca\/International\/wp-json\/wp\/v2\/posts"}],"about":[{"href":"https:\/\/linitiative.ca\/International\/wp-json\/wp\/v2\/types\/post"}],"author":[{"embeddable":true,"href":"https:\/\/linitiative.ca\/International\/wp-json\/wp\/v2\/users\/1773"}],"replies":[{"embeddable":true,"href":"https:\/\/linitiative.ca\/International\/wp-json\/wp\/v2\/comments?post=99750"}],"version-history":[{"count":0,"href":"https:\/\/linitiative.ca\/International\/wp-json\/wp\/v2\/posts\/99750\/revisions"}],"wp:attachment":[{"href":"https:\/\/linitiative.ca\/International\/wp-json\/wp\/v2\/media?parent=99750"}],"wp:term":[{"taxonomy":"category","embeddable":true,"href":"https:\/\/linitiative.ca\/International\/wp-json\/wp\/v2\/categories?post=99750"},{"taxonomy":"post_tag","embeddable":true,"href":"https:\/\/linitiative.ca\/International\/wp-json\/wp\/v2\/tags?post=99750"}],"curies":[{"name":"wp","href":"https:\/\/api.w.org\/{rel}","templated":true}]}}