{"id":99752,"date":"2020-09-23T11:30:00","date_gmt":"2020-09-23T15:30:00","guid":{"rendered":"https:\/\/linitiative.ca\/International\/morata-de-retour-a-la-juve\/"},"modified":"2020-09-23T11:30:00","modified_gmt":"2020-09-23T15:30:00","slug":"morata-de-retour-a-la-juve","status":"publish","type":"post","link":"https:\/\/linitiative.ca\/International\/morata-de-retour-a-la-juve\/","title":{"rendered":"Morata de retour \u00e0 la Juve"},"content":{"rendered":"<p class=\"p1 c3\"><span class=\"c2\"><span class=\"Apple-converted-space\">\u00a0<\/span>L\u2019attaquant espagnol de l\u2019Atl\u00e9tico Madrid, Alvaro Morata, est arriv\u00e9 dans la nuit de lundi \u00e0 mardi \u00e0 Turin, a annonc\u00e9 la Juventus, son ancien club (2014-2016), avec lequel il doit s\u2019engager sous forme de pr\u00eat payant.<\/span><\/p>\n<p class=\"p1 c3\"><span class=\"c2\">\u00abCiao Alvaro Morata\u00bb, a tweet\u00e9 la Juve, accompagnant son message, encadr\u00e9 d\u2019un avion atterrissant et d\u2019un c\u0153ur, de trois photos de l\u2019Espagnol, masqu\u00e9, son pouce lev\u00e9.<\/span><\/p>\n<p class=\"p1 c3\"><span class=\"c2\">Morata, qui aura 28 ans dans un mois, doit signer un contrat de pr\u00eat, que la Gazzetta dello Sport estime \u00e0 10 millions d\u2019euros, assorti d\u2019une option d\u2019achat de 45 millions.<\/span><\/p>\n<p class=\"p1 c3\"><span class=\"c2\">Sur des images post\u00e9es par la Juventus sur son compte Twitter mardi en milieu de matin\u00e9e, on voit l\u2019international espagnol (33 s\u00e9lections) arriver au si\u00e8ge du club pour y passer la visite m\u00e9dicale.<\/span><\/p>\n<p class=\"p1 c3\"><span class=\"c2\">Apr\u00e8s le d\u00e9part de l\u2019Argentin Gonzalo Higuain \u00e0 Miami la semaine derni\u00e8re, le nouvel entra\u00eeneur de la Juve, Andrea Pirlo, avait besoin d\u2019un avant-centre solide.<\/span><\/p>\n<p class=\"p1 c3\"><span class=\"c2\">Les pistes menant \u00e0 l\u2019Uruguayen du FC Barcelone Luis Suarez et au Bosnien de la Roma, Edin Dzeko, ont longtemps tenu la corde. Mais les discussions au long cours n\u2019ont pu aboutir et la Juventus a chang\u00e9 d\u2019option ces derniers jours. Or, Morata, d\u00e9j\u00e0 pass\u00e9 par la Juve pendant deux ans et ancien \u00e9quipier de Cristiano Ronaldo au Real Madrid, conna\u00eet bien Pirlo avec qui il a disput\u00e9 une saison avant que ce dernier ne prenne sa retraite de joueur.<\/span><\/p>\n<p class=\"p1 c3\"><span class=\"c2\">Ce d\u00e9part de l\u2019Atl\u00e9tico pourrait permettre \u00e0 l\u2019\u00e9quipe madril\u00e8ne de recruter du coup Luis Suarez, selon les m\u00e9dias espagnols.<\/span><\/p>\n<p>Auteur: letemps1<br \/>\n<a href=\"http:\/\/www.letemps.com.tn\/article\/117212\/morata-de-retour-%C3%A0-la-juve\">Cliquez ici pour lire l&rsquo;article depuis sa source.<\/a><\/p>\n","protected":false},"excerpt":{"rendered":"<p>\u00a0L\u2019attaquant espagnol de l\u2019Atl\u00e9tico Madrid, Alvaro Morata, est arriv\u00e9 dans la nuit de lundi \u00e0 mardi \u00e0 Turin, a annonc\u00e9 la Juventus, son ancien club (2014-2016), avec lequel il doit s\u2019engager sous forme de pr\u00eat payant. \u00abCiao Alvaro Morata\u00bb, a tweet\u00e9 la Juve, accompagnant son message, encadr\u00e9 d\u2019un avion atterrissant et d\u2019un c\u0153ur, de trois [&hellip;]<\/p>\n","protected":false},"author":1773,"featured_media":0,"comment_status":"closed","ping_status":"closed","sticky":false,"template":"","format":"standard","meta":{"fifu_image_url":"","fifu_image_alt":"","footnotes":""},"categories":[73,55],"tags":[],"class_list":["post-99752","post","type-post","status-publish","format-standard","hentry","category-actualite","category-tunisie"],"_links":{"self":[{"href":"https:\/\/linitiative.ca\/International\/wp-json\/wp\/v2\/posts\/99752","targetHints":{"allow":["GET"]}}],"collection":[{"href":"https:\/\/linitiative.ca\/International\/wp-json\/wp\/v2\/posts"}],"about":[{"href":"https:\/\/linitiative.ca\/International\/wp-json\/wp\/v2\/types\/post"}],"author":[{"embeddable":true,"href":"https:\/\/linitiative.ca\/International\/wp-json\/wp\/v2\/users\/1773"}],"replies":[{"embeddable":true,"href":"https:\/\/linitiative.ca\/International\/wp-json\/wp\/v2\/comments?post=99752"}],"version-history":[{"count":0,"href":"https:\/\/linitiative.ca\/International\/wp-json\/wp\/v2\/posts\/99752\/revisions"}],"wp:attachment":[{"href":"https:\/\/linitiative.ca\/International\/wp-json\/wp\/v2\/media?parent=99752"}],"wp:term":[{"taxonomy":"category","embeddable":true,"href":"https:\/\/linitiative.ca\/International\/wp-json\/wp\/v2\/categories?post=99752"},{"taxonomy":"post_tag","embeddable":true,"href":"https:\/\/linitiative.ca\/International\/wp-json\/wp\/v2\/tags?post=99752"}],"curies":[{"name":"wp","href":"https:\/\/api.w.org\/{rel}","templated":true}]}}