{"id":99754,"date":"2020-09-23T11:30:00","date_gmt":"2020-09-23T15:30:00","guid":{"rendered":"https:\/\/linitiative.ca\/International\/ephrem-mbom-cadre-de-lequipe-du-mondial-82-nest-plus\/"},"modified":"2020-09-23T11:30:00","modified_gmt":"2020-09-23T15:30:00","slug":"ephrem-mbom-cadre-de-lequipe-du-mondial-82-nest-plus","status":"publish","type":"post","link":"https:\/\/linitiative.ca\/International\/ephrem-mbom-cadre-de-lequipe-du-mondial-82-nest-plus\/","title":{"rendered":"Ephrem M\u2019Bom, cadre de l\u2019\u00e9quipe du Mondial\u00a0\u00ab82\u00bb, n\u2019est plus"},"content":{"rendered":"<p class=\"p1 c4\"><span class=\"c3\"><span class=\"c2\">Un grand nom du football africain et camerounais s\u2019en est all\u00e9. Ephrem M\u2019Bom est mort ce dimanche 20 septembre, \u00e0 l\u2019\u00e2ge de 66 ans. Ancien d\u00e9fenseur lat\u00e9ral, il avait fait partie de l\u2019\u00e9quipe nationale du Cameroun qui avait particip\u00e9 \u00e0 la\u00a0Coupe du monde 1982 en Espagne.<span class=\"Apple-converted-space\">\u00a0<\/span><\/span><\/span><\/p>\n<p class=\"p1 c4\"><span class=\"c3\"><span class=\"c2\">Dans le groupe 1 avec la Pologne, l\u2019Italie et le P\u00e9rou, les Lions indomptables \u00e9taient rest\u00e9s invaincus (trois matches nuls) et avaient fr\u00f4l\u00e9 la qualification pour le deuxi\u00e8me tour (l\u2019Italie, avec trois points, se qualifia \u00e0 leurs d\u00e9pends gr\u00e2ce \u00e0 sa meilleure attaque, deux buts marqu\u00e9s contre un seul pour les Camerounais).<span class=\"Apple-converted-space\">\u00a0<\/span><\/span><\/span><\/p>\n<p class=\"p1 c4\"><span class=\"c3\"><span class=\"c2\">Joueur au Canon Yaound\u00e9, \u00e0 l\u2019\u00c9clair de Douala, au Rail de Douala et au\u00a0L\u00e9opard\u00a0de Douala, Ephrem M\u2019Bom a remport\u00e9 deux Ligues de champions CAF, une Coupe d\u2019Afrique des vainqueurs de coupe, cinq Championnats du Cameroun et une Coupe du Cameroun.<\/span><\/span><\/p>\n<p class=\"p1 c4\"><span class=\"c3\"><span class=\"c2\">Retir\u00e9 des terrains en 1990, il a ensuite travaill\u00e9 pour la r\u00e9gie nationale du chemin de fer du Cameroun.<\/span><\/span><\/p>\n<p class=\"p1 c4\"><span class=\"c3\"><span class=\"c2\">Malade, il fut annonc\u00e9 mort \u00e0 deux reprises par le pass\u00e9. Dimanche<span class=\"Apple-converted-space\">\u00a0<\/span> dernier son d\u00e9c\u00e8s a \u00e9t\u00e9 confirm\u00e9 par un ancien international et co\u00e9quipier camerounais, Joseph Kamga.<\/span><\/span><\/p>\n<p class=\"p2 c5\"><span class=\"c3\"><span class=\"c2\">BR\u00c8VES AFRIQUE FOOT<\/span><\/span><\/p>\n<p>Auteur: letemps1<br \/>\n<a href=\"http:\/\/www.letemps.com.tn\/article\/117214\/ephrem-m%E2%80%99bom-cadre-de-l%E2%80%99%C3%A9quipe-du-mondial%C2%A0%C2%AB82%C2%BB-n%E2%80%99est-plus\">Cliquez ici pour lire l&rsquo;article depuis sa source.<\/a><\/p>\n","protected":false},"excerpt":{"rendered":"<p>Un grand nom du football africain et camerounais s\u2019en est all\u00e9. Ephrem M\u2019Bom est mort ce dimanche 20 septembre, \u00e0 l\u2019\u00e2ge de 66 ans. Ancien d\u00e9fenseur lat\u00e9ral, il avait fait partie de l\u2019\u00e9quipe nationale du Cameroun qui avait particip\u00e9 \u00e0 la\u00a0Coupe du monde 1982 en Espagne.\u00a0 Dans le groupe 1 avec la Pologne, l\u2019Italie et [&hellip;]<\/p>\n","protected":false},"author":1773,"featured_media":0,"comment_status":"closed","ping_status":"closed","sticky":false,"template":"","format":"standard","meta":{"fifu_image_url":"","fifu_image_alt":"","footnotes":""},"categories":[73,55],"tags":[],"class_list":["post-99754","post","type-post","status-publish","format-standard","hentry","category-actualite","category-tunisie"],"_links":{"self":[{"href":"https:\/\/linitiative.ca\/International\/wp-json\/wp\/v2\/posts\/99754","targetHints":{"allow":["GET"]}}],"collection":[{"href":"https:\/\/linitiative.ca\/International\/wp-json\/wp\/v2\/posts"}],"about":[{"href":"https:\/\/linitiative.ca\/International\/wp-json\/wp\/v2\/types\/post"}],"author":[{"embeddable":true,"href":"https:\/\/linitiative.ca\/International\/wp-json\/wp\/v2\/users\/1773"}],"replies":[{"embeddable":true,"href":"https:\/\/linitiative.ca\/International\/wp-json\/wp\/v2\/comments?post=99754"}],"version-history":[{"count":0,"href":"https:\/\/linitiative.ca\/International\/wp-json\/wp\/v2\/posts\/99754\/revisions"}],"wp:attachment":[{"href":"https:\/\/linitiative.ca\/International\/wp-json\/wp\/v2\/media?parent=99754"}],"wp:term":[{"taxonomy":"category","embeddable":true,"href":"https:\/\/linitiative.ca\/International\/wp-json\/wp\/v2\/categories?post=99754"},{"taxonomy":"post_tag","embeddable":true,"href":"https:\/\/linitiative.ca\/International\/wp-json\/wp\/v2\/tags?post=99754"}],"curies":[{"name":"wp","href":"https:\/\/api.w.org\/{rel}","templated":true}]}}