{"id":99765,"date":"2020-09-22T20:00:00","date_gmt":"2020-09-23T00:00:00","guid":{"rendered":"https:\/\/linitiative.ca\/International\/amendement-du-code-de-procedure-penale-renforcer-le-systeme-judiciaire-specialise\/"},"modified":"2020-09-22T20:00:00","modified_gmt":"2020-09-23T00:00:00","slug":"amendement-du-code-de-procedure-penale-renforcer-le-systeme-judiciaire-specialise","status":"publish","type":"post","link":"https:\/\/linitiative.ca\/International\/amendement-du-code-de-procedure-penale-renforcer-le-systeme-judiciaire-specialise\/","title":{"rendered":"Amendement du code de proc\u00e9dure p\u00e9nale : Renforcer le syst\u00e8me judiciaire sp\u00e9cialis\u00e9"},"content":{"rendered":"<div class=\"TxArtcile\" readability=\"16\">\n<p>\u00a0<br \/>En pr\u00e9sentant l&rsquo;ordonnance portant amendement du Code de proc\u00e9dure p\u00e9nale devant la Commission comp\u00e9tente de l&rsquo;APN, le ministre de la Justice, Garde des sceaux, Belkacem Zeghmati a pr\u00e9cis\u00e9 que cette mesure visait \u00e0 \u00abrenforcer le syst\u00e8me judiciaire sp\u00e9cialis\u00e9 et amender les dispositions relatives au privil\u00e8ge de juridiction pr\u00e9vues pour certaines cat\u00e9gories de cadres sup\u00e9rieurs de l&rsquo;Etat\u00bb.<br \/>Ce projet s&rsquo;inscrit \u00abdans le cadre du souci permanent d&rsquo;accroitre le rendement de la justice alg\u00e9rienne et la qualit\u00e9 de ses jugements, afin de lui permettre de prendre en charge tous les types d&rsquo;affaires et de litiges qui lui sont pr\u00e9sent\u00e9s, quelle que soit leur degr\u00e9 de complexit\u00e9\u00bb, a-t-il ajout\u00e9.<\/p>\n<\/div>\n<div class=\"ModliArtilUne\">\n<ul>\n<li><strong>Publi\u00e9 dans :<\/strong><\/li>\n<\/ul>\n<\/div>\n<div class=\"MbComIns\" id=\"newcom\" readability=\"5.6940298507463\">\n<h6>DONNEZ VOTRE AVIS<\/h6>\n<p>Il n&rsquo;y a actuellement aucune r\u00e9action \u00e0 cette information. Soyez le premier \u00e0 r\u00e9agir !<\/p>\n<p><a href=\"\" rel=\"#popup\" class=\"login resetbutton\">Identifiez-vous<\/a><a class=\"button\" href=\"https:\/\/elmoudjahid.com\/fr\/inscription\/\"><span>S&rsquo;inscrire<\/span><\/a><\/p>\n<\/div>\n<p>Auteur: elmoudjahid<br \/>\n<a href=\"http:\/\/www.elmoudjahid.com\/fr\/actualites\/159973\">Cliquez ici pour lire l&rsquo;article depuis sa source.<\/a><\/p>\n","protected":false},"excerpt":{"rendered":"<p>\u00a0En pr\u00e9sentant l&rsquo;ordonnance portant amendement du Code de proc\u00e9dure p\u00e9nale devant la Commission comp\u00e9tente de l&rsquo;APN, le ministre de la Justice, Garde des sceaux, Belkacem Zeghmati a pr\u00e9cis\u00e9 que cette mesure visait \u00e0 \u00abrenforcer le syst\u00e8me judiciaire sp\u00e9cialis\u00e9 et amender les dispositions relatives au privil\u00e8ge de juridiction pr\u00e9vues pour certaines cat\u00e9gories de cadres sup\u00e9rieurs de [&hellip;]<\/p>\n","protected":false},"author":1744,"featured_media":0,"comment_status":"closed","ping_status":"closed","sticky":false,"template":"","format":"standard","meta":{"fifu_image_url":"","fifu_image_alt":"","footnotes":""},"categories":[73,53],"tags":[],"class_list":["post-99765","post","type-post","status-publish","format-standard","hentry","category-actualite","category-algerie"],"_links":{"self":[{"href":"https:\/\/linitiative.ca\/International\/wp-json\/wp\/v2\/posts\/99765","targetHints":{"allow":["GET"]}}],"collection":[{"href":"https:\/\/linitiative.ca\/International\/wp-json\/wp\/v2\/posts"}],"about":[{"href":"https:\/\/linitiative.ca\/International\/wp-json\/wp\/v2\/types\/post"}],"author":[{"embeddable":true,"href":"https:\/\/linitiative.ca\/International\/wp-json\/wp\/v2\/users\/1744"}],"replies":[{"embeddable":true,"href":"https:\/\/linitiative.ca\/International\/wp-json\/wp\/v2\/comments?post=99765"}],"version-history":[{"count":0,"href":"https:\/\/linitiative.ca\/International\/wp-json\/wp\/v2\/posts\/99765\/revisions"}],"wp:attachment":[{"href":"https:\/\/linitiative.ca\/International\/wp-json\/wp\/v2\/media?parent=99765"}],"wp:term":[{"taxonomy":"category","embeddable":true,"href":"https:\/\/linitiative.ca\/International\/wp-json\/wp\/v2\/categories?post=99765"},{"taxonomy":"post_tag","embeddable":true,"href":"https:\/\/linitiative.ca\/International\/wp-json\/wp\/v2\/tags?post=99765"}],"curies":[{"name":"wp","href":"https:\/\/api.w.org\/{rel}","templated":true}]}}