{"id":99766,"date":"2020-09-22T20:00:00","date_gmt":"2020-09-23T00:00:00","guid":{"rendered":"https:\/\/linitiative.ca\/International\/pensions-des-retraites-un-nouveau-calendrier-de-versement\/"},"modified":"2020-09-22T20:00:00","modified_gmt":"2020-09-23T00:00:00","slug":"pensions-des-retraites-un-nouveau-calendrier-de-versement","status":"publish","type":"post","link":"https:\/\/linitiative.ca\/International\/pensions-des-retraites-un-nouveau-calendrier-de-versement\/","title":{"rendered":"Pensions des retrait\u00e9s : Un nouveau calendrier de versement"},"content":{"rendered":"<div class=\"TxArtcile\" readability=\"17\">\n<p>Un nouveau calendrier de versement des pensions et allocations des retrait\u00e9s et ayants-droit sur plusieurs jours a \u00e9t\u00e9 \u00e9labor\u00e9 afin de faciliter le retrait d&rsquo;argent au niveau des bureaux de poste, a indiqu\u00e9 lundi Alg\u00e9rie Poste sur sa page officielle Facebook. \u00abAfin de faciliter le retrait des pensions et allocations des retrait\u00e9s et ayants-droits et assurer une meilleure prise en charge au niveau des bureaux de poste, et dans le cadre de la compl\u00e9mentarit\u00e9 gouvernementale entre le minist\u00e8re de la Poste et des T\u00e9l\u00e9communications et celui du Travail, de l&rsquo;Emploi et de la S\u00e9curit\u00e9 sociale, la Caisse nationale des retraites (CNR) et Alg\u00e9rie Poste ont \u00e9labor\u00e9 un nouveau calendrier pour le versement des pensions sur plusieurs jours en fonction du dernier num\u00e9ro du compte CCP\u00bb, a pr\u00e9cis\u00e9 la m\u00eame source.<br \/>Pour ce faire, Alg\u00e9rie Poste invite les retrait\u00e9s et les ayants-droit \u00e0 \u00abrespecter ce calendrier et se pr\u00e9senter le jour du versement de leur pension afin de retirer leur argent dans les meilleures conditions au niveau des bureaux de poste\u00bb, a conclu le communiqu\u00e9.<\/p>\n<\/div>\n<div class=\"ModliArtilUne\">\n<ul>\n<li><strong>Publi\u00e9 dans :<\/strong><\/li>\n<\/ul>\n<\/div>\n<div class=\"MbComIns\" id=\"newcom\" readability=\"5.6940298507463\">\n<h6>DONNEZ VOTRE AVIS<\/h6>\n<p>Il n&rsquo;y a actuellement aucune r\u00e9action \u00e0 cette information. Soyez le premier \u00e0 r\u00e9agir !<\/p>\n<p><a href=\"\" rel=\"#popup\" class=\"login resetbutton\">Identifiez-vous<\/a><a class=\"button\" href=\"https:\/\/elmoudjahid.com\/fr\/inscription\/\"><span>S&rsquo;inscrire<\/span><\/a><\/p>\n<\/div>\n<p>Auteur: elmoudjahid<br \/>\n<a href=\"http:\/\/www.elmoudjahid.com\/fr\/actualites\/159974\">Cliquez ici pour lire l&rsquo;article depuis sa source.<\/a><\/p>\n","protected":false},"excerpt":{"rendered":"<p>Un nouveau calendrier de versement des pensions et allocations des retrait\u00e9s et ayants-droit sur plusieurs jours a \u00e9t\u00e9 \u00e9labor\u00e9 afin de faciliter le retrait d&rsquo;argent au niveau des bureaux de poste, a indiqu\u00e9 lundi Alg\u00e9rie Poste sur sa page officielle Facebook. \u00abAfin de faciliter le retrait des pensions et allocations des retrait\u00e9s et ayants-droits et [&hellip;]<\/p>\n","protected":false},"author":1744,"featured_media":0,"comment_status":"closed","ping_status":"closed","sticky":false,"template":"","format":"standard","meta":{"fifu_image_url":"","fifu_image_alt":"","footnotes":""},"categories":[73,53],"tags":[],"class_list":["post-99766","post","type-post","status-publish","format-standard","hentry","category-actualite","category-algerie"],"_links":{"self":[{"href":"https:\/\/linitiative.ca\/International\/wp-json\/wp\/v2\/posts\/99766","targetHints":{"allow":["GET"]}}],"collection":[{"href":"https:\/\/linitiative.ca\/International\/wp-json\/wp\/v2\/posts"}],"about":[{"href":"https:\/\/linitiative.ca\/International\/wp-json\/wp\/v2\/types\/post"}],"author":[{"embeddable":true,"href":"https:\/\/linitiative.ca\/International\/wp-json\/wp\/v2\/users\/1744"}],"replies":[{"embeddable":true,"href":"https:\/\/linitiative.ca\/International\/wp-json\/wp\/v2\/comments?post=99766"}],"version-history":[{"count":0,"href":"https:\/\/linitiative.ca\/International\/wp-json\/wp\/v2\/posts\/99766\/revisions"}],"wp:attachment":[{"href":"https:\/\/linitiative.ca\/International\/wp-json\/wp\/v2\/media?parent=99766"}],"wp:term":[{"taxonomy":"category","embeddable":true,"href":"https:\/\/linitiative.ca\/International\/wp-json\/wp\/v2\/categories?post=99766"},{"taxonomy":"post_tag","embeddable":true,"href":"https:\/\/linitiative.ca\/International\/wp-json\/wp\/v2\/tags?post=99766"}],"curies":[{"name":"wp","href":"https:\/\/api.w.org\/{rel}","templated":true}]}}