{"id":99767,"date":"2020-09-22T20:00:00","date_gmt":"2020-09-23T00:00:00","guid":{"rendered":"https:\/\/linitiative.ca\/International\/habitat-distribution-de-dizaines-de-milliers-de-logements-a-loccasion-du-1er-novembre\/"},"modified":"2020-09-22T20:00:00","modified_gmt":"2020-09-23T00:00:00","slug":"habitat-distribution-de-dizaines-de-milliers-de-logements-a-loccasion-du-1er-novembre","status":"publish","type":"post","link":"https:\/\/linitiative.ca\/International\/habitat-distribution-de-dizaines-de-milliers-de-logements-a-loccasion-du-1er-novembre\/","title":{"rendered":"Habitat  :  Distribution de dizaines  de milliers de logements  \u00e0 l\u2019occasion du 1er Novembre"},"content":{"rendered":"<div class=\"TxArtcile\" readability=\"30\">\n<p>Le ministre de l&rsquo;Habitat, de l&rsquo;Urbanisme et de la Ville, Kamel Nasri, a annonc\u00e9, hier \u00e0 partir de Tipasa, des pr\u00e9paratifs en cours en vue de la distribution de dizaines de milliers de logements (de diff\u00e9rentes formules), le 1er novembre prochain, \u00e0 l\u2019occasion de 66e anniversaire du d\u00e9clenchement de la glorieuse Guerre de lib\u00e9ration nationale.<br \/>\u00abA l\u2019occasion du 66e anniversaire du d\u00e9clenchement de la glorieuse guerre de Lib\u00e9ration nationale, nous pr\u00e9parons une op\u00e9ration pour la distribution de dizaines de milliers de logements, ceci d\u2019autant plus que les festivit\u00e9s de cette ann\u00e9e co\u00efncident avec une conjoncture sp\u00e9ciale, marqu\u00e9e par l\u2019\u00e9dification des fondements de la nouvelle Alg\u00e9rie, \u00e0 travers le r\u00e9f\u00e9rendum sur la Constitution\u00bb, a d\u00e9clar\u00e9 le ministre, en marge d\u2019une c\u00e9r\u00e9monie de remise des cl\u00e9s de 1.600 logements AADL.<br \/>Pr\u00e9voyant, en outre, que ces festivit\u00e9s vont constituer \u00abune grande f\u00eate dont l\u2019histoire se souviendra, et \u00e0 travers laquelle l\u2019Alg\u00e9rie va renouveler son serment aux chouhadas, et pour une R\u00e9publique sociale par excellence, qui sauvegardera la dignit\u00e9 du citoyen alg\u00e9rien, en lui assurant une vie digne\u00bb, a soutenu M. Nasri.<\/p>\n<\/div>\n<div class=\"ModliArtilUne\">\n<ul>\n<li><strong>Publi\u00e9 dans :<\/strong><\/li>\n<\/ul>\n<\/div>\n<div class=\"MbComIns\" id=\"newcom\" readability=\"5.6940298507463\">\n<h6>DONNEZ VOTRE AVIS<\/h6>\n<p>Il n&rsquo;y a actuellement aucune r\u00e9action \u00e0 cette information. Soyez le premier \u00e0 r\u00e9agir !<\/p>\n<p><a href=\"\" rel=\"#popup\" class=\"login resetbutton\">Identifiez-vous<\/a><a class=\"button\" href=\"https:\/\/elmoudjahid.com\/fr\/inscription\/\"><span>S&rsquo;inscrire<\/span><\/a><\/p>\n<\/div>\n<p>Auteur: elmoudjahid<br \/>\n<a href=\"http:\/\/www.elmoudjahid.com\/fr\/actualites\/159975\">Cliquez ici pour lire l&rsquo;article depuis sa source.<\/a><\/p>\n","protected":false},"excerpt":{"rendered":"<p>Le ministre de l&rsquo;Habitat, de l&rsquo;Urbanisme et de la Ville, Kamel Nasri, a annonc\u00e9, hier \u00e0 partir de Tipasa, des pr\u00e9paratifs en cours en vue de la distribution de dizaines de milliers de logements (de diff\u00e9rentes formules), le 1er novembre prochain, \u00e0 l\u2019occasion de 66e anniversaire du d\u00e9clenchement de la glorieuse Guerre de lib\u00e9ration nationale.\u00abA [&hellip;]<\/p>\n","protected":false},"author":1744,"featured_media":0,"comment_status":"closed","ping_status":"closed","sticky":false,"template":"","format":"standard","meta":{"fifu_image_url":"","fifu_image_alt":"","footnotes":""},"categories":[73,53],"tags":[],"class_list":["post-99767","post","type-post","status-publish","format-standard","hentry","category-actualite","category-algerie"],"_links":{"self":[{"href":"https:\/\/linitiative.ca\/International\/wp-json\/wp\/v2\/posts\/99767","targetHints":{"allow":["GET"]}}],"collection":[{"href":"https:\/\/linitiative.ca\/International\/wp-json\/wp\/v2\/posts"}],"about":[{"href":"https:\/\/linitiative.ca\/International\/wp-json\/wp\/v2\/types\/post"}],"author":[{"embeddable":true,"href":"https:\/\/linitiative.ca\/International\/wp-json\/wp\/v2\/users\/1744"}],"replies":[{"embeddable":true,"href":"https:\/\/linitiative.ca\/International\/wp-json\/wp\/v2\/comments?post=99767"}],"version-history":[{"count":0,"href":"https:\/\/linitiative.ca\/International\/wp-json\/wp\/v2\/posts\/99767\/revisions"}],"wp:attachment":[{"href":"https:\/\/linitiative.ca\/International\/wp-json\/wp\/v2\/media?parent=99767"}],"wp:term":[{"taxonomy":"category","embeddable":true,"href":"https:\/\/linitiative.ca\/International\/wp-json\/wp\/v2\/categories?post=99767"},{"taxonomy":"post_tag","embeddable":true,"href":"https:\/\/linitiative.ca\/International\/wp-json\/wp\/v2\/tags?post=99767"}],"curies":[{"name":"wp","href":"https:\/\/api.w.org\/{rel}","templated":true}]}}