{"id":99768,"date":"2020-09-22T20:00:00","date_gmt":"2020-09-23T00:00:00","guid":{"rendered":"https:\/\/linitiative.ca\/International\/cooperation-le-secretaire-detat-au-mae-italien-en-visite-de-travail-en-algerie\/"},"modified":"2020-09-22T20:00:00","modified_gmt":"2020-09-23T00:00:00","slug":"cooperation-le-secretaire-detat-au-mae-italien-en-visite-de-travail-en-algerie","status":"publish","type":"post","link":"https:\/\/linitiative.ca\/International\/cooperation-le-secretaire-detat-au-mae-italien-en-visite-de-travail-en-algerie\/","title":{"rendered":"Coop\u00e9ration : Le Secr\u00e9taire d&rsquo;Etat au MAE italien en visite de travail en Alg\u00e9rie"},"content":{"rendered":"<p>Le Secr\u00e9taire d&rsquo;Etat au minist\u00e8re italien des Affaires \u00e9trang\u00e8res et de la Coop\u00e9ration internationale, Manlio Di Stefano, effectuera mercredi une visite de travail en Alg\u00e9rie, a annonc\u00e9 hier le minist\u00e8re des Affaires \u00e9trang\u00e8res. \u00abDans le cadre des consultations politiques r\u00e9guli\u00e8res entre l&rsquo;Alg\u00e9rie et l&rsquo;Italie, inscrites au titre du Trait\u00e9 d&rsquo;amiti\u00e9, de bon voisinage et de coop\u00e9ration entre les deux pays, M. Manlio Di Stefano, Secr\u00e9taire d&rsquo;Etat au minist\u00e8re des Affaires \u00e9trang\u00e8res et de la Coop\u00e9ration internationale de la R\u00e9publique italienne, effectuera une visite de travail en Alg\u00e9rie le 23 septembre 2020\u00bb, a pr\u00e9cis\u00e9 la m\u00eame source.<br \/>Le responsable italien aura, au cours de cette visite, des entretiens avec le Secr\u00e9taire g\u00e9n\u00e9ral du minist\u00e8re des Affaires \u00e9trang\u00e8res, Chakib Rachid Ka\u00efd, ainsi qu&rsquo;avec plusieurs haut responsables alg\u00e9riens, ax\u00e9s autour de \u00abl&rsquo;examen de l&rsquo;\u00e9tat et des perspectives de la coop\u00e9ration bilat\u00e9rale\u00bb, note le communiqu\u00e9. \u00abLa programmation des grandes \u00e9ch\u00e9ances bilat\u00e9rales sera au centre de ces entretiens, notamment celle de la 4e session de la r\u00e9union bilat\u00e9rale de haut niveau ainsi que le forum d&rsquo;affaires devant la pr\u00e9c\u00e9der\u00bb, a-t-on pr\u00e9cis\u00e9.<br \/>\u00abA l&rsquo;occasion de cette visite et conforment aux engagements pris par les hautes autorit\u00e9s alg\u00e9riennes et italiennes, les deux pays proc\u00e9deront \u00e0 l&rsquo;installation officielle du comit\u00e9 technique conjoint alg\u00e9ro-italien, charg\u00e9 de la d\u00e9limitation des fronti\u00e8res maritimes entre l&rsquo;Alg\u00e9rie et l&rsquo;Italie\u00bb, a-t-on ajout\u00e9.<\/p>\n<p>Auteur: elmoudjahid<br \/>\n<a href=\"http:\/\/www.elmoudjahid.com\/fr\/actualites\/159976\">Cliquez ici pour lire l&rsquo;article depuis sa source.<\/a><\/p>\n","protected":false},"excerpt":{"rendered":"<p>Le Secr\u00e9taire d&rsquo;Etat au minist\u00e8re italien des Affaires \u00e9trang\u00e8res et de la Coop\u00e9ration internationale, Manlio Di Stefano, effectuera mercredi une visite de travail en Alg\u00e9rie, a annonc\u00e9 hier le minist\u00e8re des Affaires \u00e9trang\u00e8res. \u00abDans le cadre des consultations politiques r\u00e9guli\u00e8res entre l&rsquo;Alg\u00e9rie et l&rsquo;Italie, inscrites au titre du Trait\u00e9 d&rsquo;amiti\u00e9, de bon voisinage et de [&hellip;]<\/p>\n","protected":false},"author":1744,"featured_media":0,"comment_status":"closed","ping_status":"closed","sticky":false,"template":"","format":"standard","meta":{"fifu_image_url":"","fifu_image_alt":"","footnotes":""},"categories":[73,53],"tags":[],"class_list":["post-99768","post","type-post","status-publish","format-standard","hentry","category-actualite","category-algerie"],"_links":{"self":[{"href":"https:\/\/linitiative.ca\/International\/wp-json\/wp\/v2\/posts\/99768","targetHints":{"allow":["GET"]}}],"collection":[{"href":"https:\/\/linitiative.ca\/International\/wp-json\/wp\/v2\/posts"}],"about":[{"href":"https:\/\/linitiative.ca\/International\/wp-json\/wp\/v2\/types\/post"}],"author":[{"embeddable":true,"href":"https:\/\/linitiative.ca\/International\/wp-json\/wp\/v2\/users\/1744"}],"replies":[{"embeddable":true,"href":"https:\/\/linitiative.ca\/International\/wp-json\/wp\/v2\/comments?post=99768"}],"version-history":[{"count":0,"href":"https:\/\/linitiative.ca\/International\/wp-json\/wp\/v2\/posts\/99768\/revisions"}],"wp:attachment":[{"href":"https:\/\/linitiative.ca\/International\/wp-json\/wp\/v2\/media?parent=99768"}],"wp:term":[{"taxonomy":"category","embeddable":true,"href":"https:\/\/linitiative.ca\/International\/wp-json\/wp\/v2\/categories?post=99768"},{"taxonomy":"post_tag","embeddable":true,"href":"https:\/\/linitiative.ca\/International\/wp-json\/wp\/v2\/tags?post=99768"}],"curies":[{"name":"wp","href":"https:\/\/api.w.org\/{rel}","templated":true}]}}