{"id":99769,"date":"2020-09-22T20:00:00","date_gmt":"2020-09-23T00:00:00","guid":{"rendered":"https:\/\/linitiative.ca\/International\/politique-de-normalisation-avec-lentite-sioniste-le-premier-ministre-palestinien-salue-la-position-du-president-tebboune\/"},"modified":"2020-09-22T20:00:00","modified_gmt":"2020-09-23T00:00:00","slug":"politique-de-normalisation-avec-lentite-sioniste-le-premier-ministre-palestinien-salue-la-position-du-president-tebboune","status":"publish","type":"post","link":"https:\/\/linitiative.ca\/International\/politique-de-normalisation-avec-lentite-sioniste-le-premier-ministre-palestinien-salue-la-position-du-president-tebboune\/","title":{"rendered":"Politique de normalisation avec l&rsquo;entit\u00e9 sioniste : Le Premier ministre palestinien salue la position du Pr\u00e9sident Tebboune"},"content":{"rendered":"<p>Le Premier ministre palestinien, Mohamed Shtayyeh, a salu\u00e9, hier, la position de l&rsquo;Alg\u00e9rie et de son Pr\u00e9sident, Abdelmadjid Tebboune, contre la politique de normalisation avec l&rsquo;entit\u00e9 sioniste et son soutien constant \u00e0 la cause palestinienne. \u00abNous saluons les d\u00e9clarations du Pr\u00e9sident alg\u00e9rien Abdelmadjid Tebboune qui a affirm\u00e9 que son pays ne cautionnera pas\u2008et ne participera pas \u00e0 l&#8217;empressement pour la normalisation\u00bb, a pr\u00e9cis\u00e9 le Premier ministre palestinien lors de la r\u00e9union du Conseil des ministres \u00e0 Ramallah, soulignant que l&rsquo;Alg\u00e9rie \u00aba toujours \u00e9t\u00e9 aux c\u00f4t\u00e9s de notre peuple et de notre cause aux niveaux populaire et officiel\u00bb. \u00abAu moment o\u00f9 certains r\u00e9gimes s&#8217;empressent de normaliser avec Isra\u00ebl qui occupe notre terre, opprime\u2008notre peuple et contr\u00f4le nos lieux saints, nous voyons la position constante de l&rsquo;Alg\u00e9rie qui refuse de rester neutre devant l&rsquo;injustice historique que subit le peuple palestinien\u00bb, a soulign\u00e9 le responsable palestinien, soutenant que \u00ables liens qui unissent les peuples palestinien et alg\u00e9rien demeureront solides \u00e0 jamais\u00bb.\u00a0 Lors d&rsquo;une entrevue accord\u00e9e dimanche dernier \u00e0 des responsables de m\u00e9dias nationaux, le pr\u00e9sident de la R\u00e9publique avait r\u00e9affirm\u00e9 la position \u00abconstante\u00bb de l&rsquo;Alg\u00e9rie vis-\u00e0-vis de la cause palestinienne, la qualifiant de \u00absacr\u00e9e pour nous et pour l&rsquo;ensemble du peuple alg\u00e9rien\u00bb. Qualifiant la question palestinienne de \u00abcause centrale au Moyen-Orient\u00bb, le Pr\u00e9sident Tebboune a estim\u00e9 qu&rsquo;\u00abil ne saurait y avoir de solution dans cette r\u00e9gion sans le r\u00e8glement de cette question, lequel doit passer par la proclamation d&rsquo;un Etat palestinien ind\u00e9pendant sur les fronti\u00e8res de 1967 avec El\u2008Qods comme capitale\u00bb.<\/p>\n<p>Auteur: elmoudjahid<br \/>\n<a href=\"http:\/\/www.elmoudjahid.com\/fr\/actualites\/159977\">Cliquez ici pour lire l&rsquo;article depuis sa source.<\/a><\/p>\n","protected":false},"excerpt":{"rendered":"<p>Le Premier ministre palestinien, Mohamed Shtayyeh, a salu\u00e9, hier, la position de l&rsquo;Alg\u00e9rie et de son Pr\u00e9sident, Abdelmadjid Tebboune, contre la politique de normalisation avec l&rsquo;entit\u00e9 sioniste et son soutien constant \u00e0 la cause palestinienne. \u00abNous saluons les d\u00e9clarations du Pr\u00e9sident alg\u00e9rien Abdelmadjid Tebboune qui a affirm\u00e9 que son pays ne cautionnera pas\u2008et ne participera [&hellip;]<\/p>\n","protected":false},"author":1744,"featured_media":0,"comment_status":"closed","ping_status":"closed","sticky":false,"template":"","format":"standard","meta":{"fifu_image_url":"","fifu_image_alt":"","footnotes":""},"categories":[73,53],"tags":[],"class_list":["post-99769","post","type-post","status-publish","format-standard","hentry","category-actualite","category-algerie"],"_links":{"self":[{"href":"https:\/\/linitiative.ca\/International\/wp-json\/wp\/v2\/posts\/99769","targetHints":{"allow":["GET"]}}],"collection":[{"href":"https:\/\/linitiative.ca\/International\/wp-json\/wp\/v2\/posts"}],"about":[{"href":"https:\/\/linitiative.ca\/International\/wp-json\/wp\/v2\/types\/post"}],"author":[{"embeddable":true,"href":"https:\/\/linitiative.ca\/International\/wp-json\/wp\/v2\/users\/1744"}],"replies":[{"embeddable":true,"href":"https:\/\/linitiative.ca\/International\/wp-json\/wp\/v2\/comments?post=99769"}],"version-history":[{"count":0,"href":"https:\/\/linitiative.ca\/International\/wp-json\/wp\/v2\/posts\/99769\/revisions"}],"wp:attachment":[{"href":"https:\/\/linitiative.ca\/International\/wp-json\/wp\/v2\/media?parent=99769"}],"wp:term":[{"taxonomy":"category","embeddable":true,"href":"https:\/\/linitiative.ca\/International\/wp-json\/wp\/v2\/categories?post=99769"},{"taxonomy":"post_tag","embeddable":true,"href":"https:\/\/linitiative.ca\/International\/wp-json\/wp\/v2\/tags?post=99769"}],"curies":[{"name":"wp","href":"https:\/\/api.w.org\/{rel}","templated":true}]}}