{"id":99772,"date":"2020-09-23T12:08:38","date_gmt":"2020-09-23T16:08:38","guid":{"rendered":"https:\/\/linitiative.ca\/International\/110077-les-travaux-dereamenagement-a-pied-d-oeuvre-pour-equiper-le-stade-du-20-aout-avant-le-debut-du-championnat\/"},"modified":"2020-09-23T12:08:38","modified_gmt":"2020-09-23T16:08:38","slug":"110077-les-travaux-dereamenagement-a-pied-d-oeuvre-pour-equiper-le-stade-du-20-aout-avant-le-debut-du-championnat","status":"publish","type":"post","link":"https:\/\/linitiative.ca\/International\/110077-les-travaux-dereamenagement-a-pied-d-oeuvre-pour-equiper-le-stade-du-20-aout-avant-le-debut-du-championnat\/","title":{"rendered":"Championnat : les travaux de r\u00e9am\u00e9nagement \u00e0 pied d&rsquo;\u0153uvre pour \u00e9quiper le stade du 20 ao\u00fbt"},"content":{"rendered":"<div readability=\"37\">\n<p><strong>ALGER- Les travaux de r\u00e9am\u00e9nagement du stade du 20 ao\u00fbt 1955 d&rsquo;Alger sont \u00e0 pied d&rsquo;\u0153uvre, notamment les vestiaires, la couverture de gradins et du terrain, et l&rsquo;\u00e9clairage en pr\u00e9vision de la prochaine saison footballistique.<\/strong><\/p>\n<\/div>\n<div readability=\"101.72493403694\">\n<p>La soci\u00e9t\u00e9 en charge des travaux de r\u00e9am\u00e9nagement a acc\u00e9l\u00e9r\u00e9 la cadence pour \u00e9quiper ce \u00ab\u00a0vieux\u00a0\u00bb stade, avant le coup d&rsquo;envoi de la nouvelle saison de football 2020-2021, pr\u00e9vu le 20 novembre.<\/p>\n<p>La structure sportive a \u00e9t\u00e9 dot\u00e9e de nouveaux \u00e9quipements dans le but d&rsquo;am\u00e9liorer les volets organisationnel et s\u00e9curitaire, avec le renforcement du r\u00e9seau \u00e9lectrique et le r\u00e9am\u00e9nagement d&rsquo;autres structures, l&rsquo;habilitant \u00e0 accueillir les rencontres au double plan national et continental.\u00a0\u00a0\u00a0\u00a0\u00a0\u00a0\u00a0 \u00a0\u00a0<\/p>\n<blockquote readability=\"11\">\n<p><em><strong>Les travaux de r\u00e9am\u00e9nagement lanc\u00e9s en septembre dernier se sont d\u00e9roul\u00e9s en deux \u00e9tapes: la premi\u00e8re concerne les vestiaires, les toilettes, le tunnel d&rsquo;acc\u00e8s au stade et la couverture des gradins. La deuxi\u00e8me \u00e9tape dont le lancement est pr\u00e9vu d\u00e8s l&rsquo;approbation de l&rsquo;Organisme national de contr\u00f4le technique de construction (CTC) des premiers travaux, sera amorc\u00e9e par la r\u00e9paration de l&rsquo;\u00e9clairage du stade.<\/strong><\/em><\/p>\n<\/blockquote>\n<p>Le wali d&rsquo;Alger, Youcef Chorfa avait inspect\u00e9 le projet auparavant en compagnie de responsables locaux (commune et Da\u00efra), ainsi que du directeur de la Jeunesse et des sports, Tarek Kerrache, pour s&rsquo;enqu\u00e9rir de l&rsquo;\u00e9tat d&rsquo;avancement des travaux, d&rsquo;autant que la wilaya d&rsquo;Alger et la Direction de la jeunesse et des sports assurent le financement et le suivi des travaux.<\/p>\n<p><strong>Les travaux de r\u00e9am\u00e9nagement estim\u00e9s \u00e0 30 milliards de centimes<\/strong><\/p>\n<p>Les travaux de r\u00e9am\u00e9nagement du stade du 20 ao\u00fbt a co\u00fbt\u00e9 au tr\u00e9sor public, une enveloppe budg\u00e9taire de l&rsquo;ordre de 30 milliards de centimes (300 millions de dinars), a affirm\u00e9 le chef de service investissement au minist\u00e8re de la Jeunesse et des sports de la wilaya d&rsquo;Alger, Hakim Mokhtari.<\/p>\n<p>Ce projet a \u00e9t\u00e9 confi\u00e9 \u00e0 deux soci\u00e9t\u00e9s. La premi\u00e8re soci\u00e9t\u00e9 est charg\u00e9e des travaux de r\u00e9alisation des vestiaires, des sanitaires et du plafond des gradins. Le deuxi\u00e8me lot des travaux d&rsquo;\u00e9clairage sera confi\u00e9 \u00e0 une autre soci\u00e9t\u00e9, apr\u00e8s la finalisation des travaux du premier lot et le parach\u00e8vement des proc\u00e9dures l\u00e9gales des march\u00e9s publics.<\/p>\n<blockquote readability=\"12\">\n<p><strong><em>Dans une d\u00e9claration \u00e0 l&rsquo;APS, le chef de service investissement a dit: \u00ab\u00a0actuellement, nous sommes en train de r\u00e9aliser le premier lot, apr\u00e8s la validation par l\u2019Organisme National de Contr\u00f4le Technique de la Construction (CTC) nous allons entamer le deuxi\u00e8me lot des travaux d&rsquo;\u00e9clairage\u00a0\u00bb. \u00ab\u00a0Ces travaux concerneront le terrain qui sera couvert en gazon naturel de la 5\u00e8me g\u00e9n\u00e9ration\u00a0\u00bb, a pr\u00e9cis\u00e9 M. Hakim Mokhtari.<\/em><\/strong><\/p>\n<\/blockquote>\n<p>Concernant l&rsquo;\u00e9clairage, \u00ab\u00a0un nouveau syst\u00e8me d&rsquo;\u00e9clairage conforme aux normes internationales sera mis en place (des poteaux en b\u00e9ton de 37 m\u00e8tres dot\u00e9s de 46 projecteurs r\u00e9sistants et adapt\u00e9s au mauvais temps), outre un g\u00e9n\u00e9rateur\u00a0 \u00e9lectrique d&rsquo;une capacit\u00e9 de 630 kilovolts et d&rsquo;un groupe \u00e9lectrog\u00e8ne\u00a0\u00bb.<\/p>\n<p>La DJS compte \u00e9galement installer \u00ab\u00a0un nouveau syst\u00e8me de surveillance au niveau de l&rsquo;entr\u00e9e et de la sortie du stade et un autre de num\u00e9rotation des si\u00e8ges des supporters\u00a0\u00bb.<\/p>\n<hr\/>\n<h3 class=\"itemTitle\">Lire aussi:\u00a0<a href=\"http:\/\/www.aps.dz\/sport\/109827-nouveau-stade-d-oran-la-pelouse-retrouve-peu-a-peu-sa-verdure\" target=\"_blank\" rel=\"noopener noreferrer\">Nouveau stade d\u2019Oran: la pelouse retrouve peu \u00e0 peu sa verdure<\/a><\/h3>\n<hr\/>\n<p>Il sera proc\u00e9d\u00e9 \u00e9galement \u00e0 l&rsquo;am\u00e9nagement des tribunes nord et le plafond de la premi\u00e8re tribune endommag\u00e9e \u00e0 cause de la chute d&rsquo;un poteau \u00e9lectrique, il y a quelque mois, en attendant la prise en charge des autres tribunes.<\/p>\n<p>Le p\u00e9rim\u00e8tre du stade b\u00e9n\u00e9ficiera \u00e9galement de travaux d&rsquo;am\u00e9nagement, \u00e0 savoir la r\u00e9habilitation et le rev\u00eatement du stade de basket dont le wali d&rsquo;Alger avait donn\u00e9 le coup d&rsquo;envoi. Il est attendu en outre la soumission \u00e0 l&rsquo;approbation de la couverture de la piscine adjacente au stade, indique l&rsquo;APC de Mohamed Belouizdad sur sa page Facebook.Le stade 20 ao\u00fbt 1955 d&rsquo;Alger, construit \u00e0 l&rsquo;\u00e9poque coloniale, constitue le bastion du CRB, champion de la saison 2019-2020.\u00a0<\/p>\n<\/div>\n<p>Auteur:<br \/>\n<a href=\"http:\/\/www.aps.dz\/sport\/110077-les-travaux-dereamenagement-a-pied-d-oeuvre-pour-equiper-le-stade-du-20-aout-avant-le-debut-du-championnat?utm_source=feedburner&#038;utm_medium=feed&#038;utm_campaign=Feed%3A+aps-sport+%28APS+-+SPORT%29\">Cliquez ici pour lire l&rsquo;article depuis sa source.<\/a><\/p>\n","protected":false},"excerpt":{"rendered":"<p>ALGER- Les travaux de r\u00e9am\u00e9nagement du stade du 20 ao\u00fbt 1955 d&rsquo;Alger sont \u00e0 pied d&rsquo;\u0153uvre, notamment les vestiaires, la couverture de gradins et du terrain, et l&rsquo;\u00e9clairage en pr\u00e9vision de la prochaine saison footballistique. La soci\u00e9t\u00e9 en charge des travaux de r\u00e9am\u00e9nagement a acc\u00e9l\u00e9r\u00e9 la cadence pour \u00e9quiper ce \u00ab\u00a0vieux\u00a0\u00bb stade, avant le coup [&hellip;]<\/p>\n","protected":false},"author":1790,"featured_media":0,"comment_status":"closed","ping_status":"closed","sticky":false,"template":"","format":"standard","meta":{"fifu_image_url":"","fifu_image_alt":"","footnotes":""},"categories":[53,75],"tags":[],"class_list":["post-99772","post","type-post","status-publish","format-standard","hentry","category-algerie","category-sport"],"_links":{"self":[{"href":"https:\/\/linitiative.ca\/International\/wp-json\/wp\/v2\/posts\/99772","targetHints":{"allow":["GET"]}}],"collection":[{"href":"https:\/\/linitiative.ca\/International\/wp-json\/wp\/v2\/posts"}],"about":[{"href":"https:\/\/linitiative.ca\/International\/wp-json\/wp\/v2\/types\/post"}],"author":[{"embeddable":true,"href":"https:\/\/linitiative.ca\/International\/wp-json\/wp\/v2\/users\/1790"}],"replies":[{"embeddable":true,"href":"https:\/\/linitiative.ca\/International\/wp-json\/wp\/v2\/comments?post=99772"}],"version-history":[{"count":0,"href":"https:\/\/linitiative.ca\/International\/wp-json\/wp\/v2\/posts\/99772\/revisions"}],"wp:attachment":[{"href":"https:\/\/linitiative.ca\/International\/wp-json\/wp\/v2\/media?parent=99772"}],"wp:term":[{"taxonomy":"category","embeddable":true,"href":"https:\/\/linitiative.ca\/International\/wp-json\/wp\/v2\/categories?post=99772"},{"taxonomy":"post_tag","embeddable":true,"href":"https:\/\/linitiative.ca\/International\/wp-json\/wp\/v2\/tags?post=99772"}],"curies":[{"name":"wp","href":"https:\/\/api.w.org\/{rel}","templated":true}]}}