{"id":99774,"date":"2020-09-23T11:29:00","date_gmt":"2020-09-23T15:29:00","guid":{"rendered":"https:\/\/linitiative.ca\/International\/defense-nationale-un-terroriste-abattu-et-4-elements-de-soutien-arretes\/"},"modified":"2020-09-23T11:29:00","modified_gmt":"2020-09-23T15:29:00","slug":"defense-nationale-un-terroriste-abattu-et-4-elements-de-soutien-arretes","status":"publish","type":"post","link":"https:\/\/linitiative.ca\/International\/defense-nationale-un-terroriste-abattu-et-4-elements-de-soutien-arretes\/","title":{"rendered":"DEFENSE NATIONALE : Un terroriste  abattu et 4 \u00e9l\u00e9ments  de soutien arr\u00eat\u00e9s"},"content":{"rendered":"<p><br id=\"sep_para_1\" class=\"sep_para access\"\/><\/p>\n<div id=\"para_1\" class=\"para_38734497 resize\">\n<div class=\"texte access firstletter\">Un (01) terroriste a \u00e9t\u00e9 abattu, 4 \u00e9l\u00e9ments de soutien et 11 narcotrafiquants ont \u00e9t\u00e9 arr\u00eat\u00e9s et des armes et une quantit\u00e9 de drogue ont \u00e9t\u00e9 r\u00e9cup\u00e9r\u00e9es durant la p\u00e9riode du 16 au 22 septembre \u00e0 travers le territoire national par l&rsquo;Arm\u00e9e nationale populaire (ANP) dans le cadre de la lutte contre le terrorisme et la criminalit\u00e9 organis\u00e9e, a indiqu\u00e9 mercredi un bilan op\u00e9rationnel rendu public par le minist\u00e8re de la D\u00e9fense nationale (MDN). Ainsi, dans le cadre de la lutte antiterroriste et \u00ab\u00a0suite \u00e0 l&rsquo;op\u00e9ration men\u00e9e par un d\u00e9tachement de l&rsquo;ANP le 20 septembre 2020 \u00e0 Oued Djendjen, \u00e0 l&rsquo;est de la commune de Taxena, dans wilaya de Jijel (5\u00e8me R\u00e9gion militaire), ayant permis d&rsquo;abattre un (01) dangereux terroriste et de r\u00e9cup\u00e9rer un (01) pistolet mitrailleur de type Kalachnikov et une quantit\u00e9 de munitions, il a \u00e9t\u00e9 proc\u00e9d\u00e9 \u00e0 l&rsquo;identification de ce criminel. Il s&rsquo;agit en l&rsquo;occurrence du d\u00e9nomm\u00e9 Slimane Youcef, dit \u00ab\u00a0Tayeb Abou Kotada\u00a0\u00bb qui avait ralli\u00e9 les groupes terroristes en 2006, et qui s&rsquo;appr\u00eatait \u00e0 commettre un attentat-suicide\u00a0\u00bb, pr\u00e9cise la m\u00eame source. Dans ce m\u00eame sillage, des d\u00e9tachements de l&rsquo;ANP \u00ab\u00a0ont d\u00e9couvert, lors d&rsquo;op\u00e9rations de fouille et de ratissage men\u00e9es \u00e0 Batna, Skikda, T\u00e9bessa et A\u00efn Defla, deux (02) pistolets automatiques, des substances chimiques et des \u00e9quipements servant \u00e0 la fabrication de bombes artisanales, trois (03) casemates et cinq (05) bombes de confection artisanale\u00a0\u00bb, tandis que \u00ab\u00a0quatre (04) \u00e9l\u00e9ments de soutien aux groupes terroristes ont \u00e9t\u00e9 arr\u00eat\u00e9s \u00e0 Boumerd\u00e8s et Jijel\u00a0\u00bb.<\/div>\n<\/div>\n<p>Auteur: Ismain<br \/>\n<a href=\"https:\/\/www.reflexiondz.net\/DEFENSE-NATIONALE-Un-terroriste-abattu-et-4-elements-de-soutien-arretes_a65361.html\">Cliquez ici pour lire l&rsquo;article depuis sa source.<\/a><\/p>\n","protected":false},"excerpt":{"rendered":"<p>Un (01) terroriste a \u00e9t\u00e9 abattu, 4 \u00e9l\u00e9ments de soutien et 11 narcotrafiquants ont \u00e9t\u00e9 arr\u00eat\u00e9s et des armes et une quantit\u00e9 de drogue ont \u00e9t\u00e9 r\u00e9cup\u00e9r\u00e9es durant la p\u00e9riode du 16 au 22 septembre \u00e0 travers le territoire national par l&rsquo;Arm\u00e9e nationale populaire (ANP) dans le cadre de la lutte contre le terrorisme et [&hellip;]<\/p>\n","protected":false},"author":1740,"featured_media":0,"comment_status":"closed","ping_status":"closed","sticky":false,"template":"","format":"standard","meta":{"fifu_image_url":"","fifu_image_alt":"","footnotes":""},"categories":[53,76],"tags":[],"class_list":["post-99774","post","type-post","status-publish","format-standard","hentry","category-algerie","category-regions"],"_links":{"self":[{"href":"https:\/\/linitiative.ca\/International\/wp-json\/wp\/v2\/posts\/99774","targetHints":{"allow":["GET"]}}],"collection":[{"href":"https:\/\/linitiative.ca\/International\/wp-json\/wp\/v2\/posts"}],"about":[{"href":"https:\/\/linitiative.ca\/International\/wp-json\/wp\/v2\/types\/post"}],"author":[{"embeddable":true,"href":"https:\/\/linitiative.ca\/International\/wp-json\/wp\/v2\/users\/1740"}],"replies":[{"embeddable":true,"href":"https:\/\/linitiative.ca\/International\/wp-json\/wp\/v2\/comments?post=99774"}],"version-history":[{"count":0,"href":"https:\/\/linitiative.ca\/International\/wp-json\/wp\/v2\/posts\/99774\/revisions"}],"wp:attachment":[{"href":"https:\/\/linitiative.ca\/International\/wp-json\/wp\/v2\/media?parent=99774"}],"wp:term":[{"taxonomy":"category","embeddable":true,"href":"https:\/\/linitiative.ca\/International\/wp-json\/wp\/v2\/categories?post=99774"},{"taxonomy":"post_tag","embeddable":true,"href":"https:\/\/linitiative.ca\/International\/wp-json\/wp\/v2\/tags?post=99774"}],"curies":[{"name":"wp","href":"https:\/\/api.w.org\/{rel}","templated":true}]}}