{"id":99778,"date":"2020-09-23T07:18:00","date_gmt":"2020-09-23T11:18:00","guid":{"rendered":"https:\/\/linitiative.ca\/International\/carthage-cement-report-de-la-date-de-pre-qualification-au-4-decembre-2020-pour-attirer-le-maximum-dinvestisseurs-video\/"},"modified":"2020-09-23T07:18:00","modified_gmt":"2020-09-23T11:18:00","slug":"carthage-cement-report-de-la-date-de-pre-qualification-au-4-decembre-2020-pour-attirer-le-maximum-dinvestisseurs-video","status":"publish","type":"post","link":"https:\/\/linitiative.ca\/International\/carthage-cement-report-de-la-date-de-pre-qualification-au-4-decembre-2020-pour-attirer-le-maximum-dinvestisseurs-video\/","title":{"rendered":"Carthage Cement : report de la date de pr\u00e9 qualification au 4 d\u00e9cembre 2020 pour attirer le maximum d&rsquo;investisseurs (Vid\u00e9o)"},"content":{"rendered":"<p class=\"c2\"><strong>Consciente des enjeux \u00e9conomiques et financiers, El Karama Holding a officiellement annonc\u00e9\u00a0 le report de la date limite des d\u00e9p\u00f4ts de dossier de pr\u00e9 qualification pour la cession des participations directes et indirectes de l&rsquo;Etat dans la soci\u00e9t\u00e9 Carthage Cement au 4 d\u00e9cembre 2020.<\/strong><\/p>\n<p class=\"c2\"><strong>Ayant r\u00e9ussi le d\u00e9fi d\u2019une restructuration totale, sur le plan op\u00e9rationnel et financier, Carthage Cement a cl\u00f4tur\u00e9 la premi\u00e8re phase de pr\u00e9 qualification et d\u2019informations des investisseurs avec un grand succ\u00e8s malgr\u00e9 la propagation de la pand\u00e9mie Covid 19. La cimenterie a ainsi d\u00e9cid\u00e9 de d\u00e9caler la date butoir de la deuxi\u00e8me phase de cession en prenant en compte la conjoncture actuelle qui pourrait nuire au bon d\u00e9roulement de cette phase de vente cruciale pour l\u2019entreprise.<\/strong><\/p>\n<p class=\"c2\"><strong>Dans une interview accord\u00e9e \u00e0 Leaders, M. Adel Grar Directeur G\u00e9n\u00e9ral de Karama Holding revient sur les motivations de ce report d&rsquo;\u00e9ch\u00e9ances ainsi que sur ses d\u00e9tails.\u00a0<\/strong><\/p>\n<p class=\"c3\"><iframe loading=\"lazy\" src=\"https:\/\/www.youtube.com\/embed\/CPwdBAdfZ8Y\" allow=\"accelerometer; autoplay; clipboard-write; encrypted-media; gyroscope; picture-in-picture\" allowfullscreen=\"\" width=\"560\" height=\"315\" frameborder=\"0\">[embedded content]<\/iframe><\/p>\n<p><span class=\"c5\"><span class=\"c4\"><strong>Vous avez annonc\u00e9 aujourd\u2019hui le report de la date limite de d\u00e9p\u00f4t de dossier de pr\u00e9 qualification pour la cession\u00a0 des participations de la soci\u00e9t\u00e9 Carthage Cement. Pourquoi ce report?<\/strong><\/span><\/span><\/p>\n<p>Apr\u00e8s m\u00fbre r\u00e9flexion, nous avons d\u00e9cid\u00e9 de reporter de deux mois\u00a0 la date de d\u00e9p\u00f4t du dossier de pr\u00e9 qualification pour la cession des participations directes et indirectes de l&rsquo;Etat dans la soci\u00e9t\u00e9 Carthage Cement. Cette cession concernera une part allant de 58 \u00e0 78%. Ce report \u00e9tait pr\u00e9visible. Il a m\u00eame \u00e9t\u00e9 \u00e9voqu\u00e9 lors de la communication financi\u00e8re faite \u00e0 l\u2019initiative de Carthage Cement\u00a0 au niveau de la Bourse des Valeurs Mobili\u00e8res de Tunis. Nous avons d\u00e9cid\u00e9 de laisser plus de temps aux investisseurs, notamment \u00e9trangers, qui n\u2019ont jamais investi en Tunisie ni m\u00eame visit\u00e9 l&rsquo;usine d&rsquo;utant plus que dans la tradition ancr\u00e9e dans les habitudes des cimenteries\u00a0 les visites sont une \u00e9tape tr\u00e8s importante obligatoire pour conclure une vente. Cela n\u2019a pas pu s\u2019effectuer suite \u00e0 la pand\u00e9mie causant la limitation des vols de et vers la Tunisie.<\/p>\n<p>Aussi, ce report va-t-il laisser plus de temps aux investisseurs de trouver des partenaires financiers et techniques avant de d\u00e9poser leurs dossiers de pr\u00e9-qualification. Chose qui facilitera sans doute la transaction.<br \/>Finalement, nous sommes \u00e0 l&rsquo;approche de la fin de l&rsquo;ann\u00e9e et \u00e9galement dans une phase d&rsquo;\u00e9volution importante de l&rsquo;activit\u00e9 de la soci\u00e9t\u00e9. Nous avons inform\u00e9 le public que l&rsquo;ann\u00e9e 2020 sera la premi\u00e8re ann\u00e9e qui renoue avec l&rsquo;\u00e9quilibre de la soci\u00e9t\u00e9. Il serait donc int\u00e9ressant de proposer un calendrier o\u00f9 l&rsquo;offre financi\u00e8re vient apr\u00e8s la publication des \u00e9tats financiers de l&rsquo;ann\u00e9e 2020. Tout cela pour permettre aux investisseurs de voir que la soci\u00e9t\u00e9 est entr\u00e9e dans une phase d&rsquo;\u00e9quilibre et d&rsquo;am\u00e9lioration nette de performance.<\/p>\n<p>Bien entendu, le report de la date de pr\u00e9 qualification suppose le report de la date de l&rsquo;offre financi\u00e8re qu\u2019on estime vers la fin du premier trimestre de l\u2019ann\u00e9e 2021. Il ne faut pas oublier que nous avons une obligation de r\u00e9sultats et pour nous tous les moyens sont bons pour r\u00e9ussir cette op\u00e9ration. Ce n\u2019est qu\u2019une adaptation aux conditions du march\u00e9 et au contexte actuel pour avoir le plus grand nombre d&rsquo;investisseurs ou de groupement d&rsquo;investisseurs afin que l\u2019op\u00e9ration se fasse dans un esprit de march\u00e9 efficient.<\/p>\n<p><span class=\"c4\"><span class=\"c5\"><strong>Allez-vous garder la m\u00eame d\u00e9marche de vente?<\/strong><\/span><\/span><\/p>\n<p>La d\u00e9marche est toujours la m\u00eame: une premi\u00e8re phase de\u00a0 pr\u00e9 qualification et d\u2019information des investisseurs tr\u00e8s qualifi\u00e9s. Ensuite il y a la phase d\u2019ouverture de la data room et\u00a0 la pr\u00e9paration pour l&rsquo;offre. La troisi\u00e8me phase est l&rsquo;offre financi\u00e8re.<\/p>\n<p>Nous avons tenu avec ce report de faciliter davantage l\u2019op\u00e9ration. Nous avons \u00e9t\u00e9 contact\u00e9s par des bailleurs de fonds d\u2019investissement internationaux,\u00a0 les\u00a0 DFI (Development finance Institution).\u00a0 Ces bailleurs de fonds sont pr\u00eats \u00e0 accompagner le soumissionnaire final une fois qu&rsquo;il a \u00e9t\u00e9 retenu. Pour cela, nous avons ouvert une fen\u00eatre d&rsquo;\u00e9largissement du groupement \u00e0 l&rsquo;un de ses bailleurs de fonds. En d\u2019autres termes, ils ont accr\u00e9dit\u00e9 le projet et se sont montr\u00e9 pr\u00eats \u00e0 financer le soumissionnaire final pour qu&rsquo;il r\u00e9alise cette transaction.<\/p>\n<p>Aussi, un nouvel investisseur peut entrer dans la phase de pr\u00e9 qualification et l&rsquo;offre financi\u00e8re sous certaines conditions. Nous avons permis l&rsquo;\u00e9largissement de groupements dans la limite o\u00f9 le chef de file reste le m\u00eame et qu&rsquo;il n&rsquo;y ait pas le m\u00eame soumissionnaire dans deux offres diff\u00e9rentes. C&rsquo;est une nouvelle condition qui permet d&rsquo;ajouter une certaine flexibilit\u00e9 au niveau des groupements. De plus certains investisseurs n\u00e9cessitent la d\u00e9cision de leur conseil d&rsquo;administration pour joindre un groupement. Nous leur avons donc octroy\u00e9 une p\u00e9riode suppl\u00e9mentaire pour r\u00e9gler leurs situations.<\/p>\n<p><span class=\"c5\"><span class=\"c4\"><strong>Quel est le nouveau planning des ventes?<\/strong><\/span><\/span><\/p>\n<p>Il y a deux dates importantes: La date finale de d\u00e9p\u00f4t des dossiers de pr\u00e9 qualification qui est \u00e0 pr\u00e9sent le 4 d\u00e9cembre, apr\u00e8s avoir \u00e9t\u00e9 fix\u00e9e\u00a0 le 25 septembre, et bien entendu, la date de l&rsquo;offre financi\u00e8re. Apr\u00e8s avoir \u00e9tudi\u00e9 le dossier et analys\u00e9 la data room, nous misons sur une offre financi\u00e8re vers la fin du premier trimestre 2021. En m\u00eame temps, les \u00e9tats financiers de 2020 seront pr\u00eats. Bien entendu, l&rsquo;offre financi\u00e8re sera fond\u00e9e \u00e9galement sur des \u00e9tats financiers, cl\u00f4tur\u00e9s et certifi\u00e9s par les commissaires aux comptes ext\u00e9rieurs.<\/p>\n<p>Pour conclure, nous pouvons dire que nous avons fait de notre mieux pour permettre aux investisseurs de profiter de notre offre tout en visant une cession dans les meilleures conditions possibles.<br \/>\u00a0<\/p>\n<p>Auteur:<br \/>\n<a href=\"https:\/\/www.leaders.com.tn\/article\/30626-carthage-cement-l-obligation-des-resultats\">Cliquez ici pour lire l&rsquo;article depuis sa source.<\/a><\/p>\n","protected":false},"excerpt":{"rendered":"<p>Consciente des enjeux \u00e9conomiques et financiers, El Karama Holding a officiellement annonc\u00e9\u00a0 le report de la date limite des d\u00e9p\u00f4ts de dossier de pr\u00e9 qualification pour la cession des participations directes et indirectes de l&rsquo;Etat dans la soci\u00e9t\u00e9 Carthage Cement au 4 d\u00e9cembre 2020. Ayant r\u00e9ussi le d\u00e9fi d\u2019une restructuration totale, sur le plan op\u00e9rationnel [&hellip;]<\/p>\n","protected":false},"author":1772,"featured_media":0,"comment_status":"closed","ping_status":"closed","sticky":false,"template":"","format":"standard","meta":{"fifu_image_url":"","fifu_image_alt":"","footnotes":""},"categories":[73,55],"tags":[],"class_list":["post-99778","post","type-post","status-publish","format-standard","hentry","category-actualite","category-tunisie"],"_links":{"self":[{"href":"https:\/\/linitiative.ca\/International\/wp-json\/wp\/v2\/posts\/99778","targetHints":{"allow":["GET"]}}],"collection":[{"href":"https:\/\/linitiative.ca\/International\/wp-json\/wp\/v2\/posts"}],"about":[{"href":"https:\/\/linitiative.ca\/International\/wp-json\/wp\/v2\/types\/post"}],"author":[{"embeddable":true,"href":"https:\/\/linitiative.ca\/International\/wp-json\/wp\/v2\/users\/1772"}],"replies":[{"embeddable":true,"href":"https:\/\/linitiative.ca\/International\/wp-json\/wp\/v2\/comments?post=99778"}],"version-history":[{"count":0,"href":"https:\/\/linitiative.ca\/International\/wp-json\/wp\/v2\/posts\/99778\/revisions"}],"wp:attachment":[{"href":"https:\/\/linitiative.ca\/International\/wp-json\/wp\/v2\/media?parent=99778"}],"wp:term":[{"taxonomy":"category","embeddable":true,"href":"https:\/\/linitiative.ca\/International\/wp-json\/wp\/v2\/categories?post=99778"},{"taxonomy":"post_tag","embeddable":true,"href":"https:\/\/linitiative.ca\/International\/wp-json\/wp\/v2\/tags?post=99778"}],"curies":[{"name":"wp","href":"https:\/\/api.w.org\/{rel}","templated":true}]}}