{"id":99779,"date":"2020-09-23T15:00:00","date_gmt":"2020-09-23T19:00:00","guid":{"rendered":"https:\/\/linitiative.ca\/International\/memoires-hamed-karoui-revele-sa-vie-en-politique\/"},"modified":"2020-09-23T15:00:00","modified_gmt":"2020-09-23T19:00:00","slug":"memoires-hamed-karoui-revele-sa-vie-en-politique","status":"publish","type":"post","link":"https:\/\/linitiative.ca\/International\/memoires-hamed-karoui-revele-sa-vie-en-politique\/","title":{"rendered":"M\u00e9moires &#8211; Hamed Karoui r\u00e9v\u00e8le sa \u2018\u2019vie en politique\u2019\u2019"},"content":{"rendered":"<p>Six mois seulement apr\u00e8s son <a href=\"https:\/\/www.leaders.com.tn\/article\/29492-dr-hamed-karoui-est-decede\" target=\"_blank\" rel=\"noopener noreferrer\">d\u00e9c\u00e8s le 27 mars dernier<\/a>, \u00e0 l\u2019\u00e2ge de 89 ans, Dr Hamed Karoui, m\u00e9decin pneumologue, ancien Premier ministre (1989 \u2013 1999) se rappelle \u00e0 notre souvenir \u00e0 la faveur de la parution de ses m\u00e9moires. Sous le titre de \u2018\u2019Une vie en politique\u2019\u2019, paru chez C\u00e9r\u00e8s \u00c9ditions, il revient en huit chapitres sur un parcours riche, crois\u00e9, contrast\u00e9. Avec des r\u00e9v\u00e9lations \u00e0 la clef, et l\u2019explication de diff\u00e9rents statuts v\u00e9cus. Comment \u00eatre jeune compagnon de Bourguiba et 30 ans apr\u00e8s son ministre ? Comment \u00eatre <a href=\"https:\/\/www.leaders.com.tn\/article\/3384-dr-hamed-karoui-ancien-premier-ministre-ancien-vice-president-du-rcd\" target=\"_blank\" rel=\"noopener noreferrer\">Premier ministre de Ben Ali<\/a>, et la vie apr\u00e8s ? Comment reprendre service d\u00e8s le 14 janvier 2011\u2026 Et garder son humour, sa s\u00e9r\u00e9nit\u00e9 et l\u2019attachement des siens\u2026<\/p>\n<p>Du chef scout, durant sa prime jeunesse, au secr\u00e9taire g\u00e9n\u00e9ral de l\u2019UGET, lors de ses ann\u00e9es d\u2019\u00e9tudes en m\u00e9decine \u00e0 Paris, au Maire de Sousse et pr\u00e9sident de l\u2019Etoile sportive du Sahel, on d\u00e9couvre le militant patriotique. Ministre de Bourguiba (Jeunesse et Sport), puis secr\u00e9taire g\u00e9n\u00e9ral du Parti socialiste destourien (PSD), c\u2019est le \u00ab dirigeant national \u00bb.<\/p>\n<p><span class=\"c3\"><span class=\"c2\"><strong>Les surprises du destin<\/strong><\/span><\/span><\/p>\n<p>La veille du 7 Novembre 1987, et sans qu\u2019il n\u2019en soit averti, ni y impliqu\u00e9, Ben Ali voulait en faire son Premier ministre. La vive opposition de Habib Ammar, qui avait menac\u00e9 de tout l\u00e2ch\u00e9, avait fait revenir Ben Ali sur sa d\u00e9cision, en faveur de H\u00e9di Baccouche. Il conservera son poste au PSD jusqu\u2019au congr\u00e8s de juillet devant marquer la conversion du parti fond\u00e9 par Bourguiba, en RCD sur mesure. Dr Hamed Karoui sera nomm\u00e9 en juillet 1988, ministre de la Justice. Un an apr\u00e8s, Ben Ali limogera Baccouche et installera Dr Karoui \u00e0 la Kasbah\u2026 pour un bail de 10 ans.<\/p>\n<p>C\u2019est sur tant de p\u00e9rip\u00e9ties, depuis son enfance, jusqu\u2019\u00e0 ses jours de gloire, comme ses travers\u00e9es de d\u00e9sert, ses ann\u00e9es Bourguiba et celles Ben Ali, puis celles depuis 2011, qu\u2019\u00e9voquent ces m\u00e9moires. Un r\u00e9cit qui fait p\u00e9n\u00e9trer le lecteur dans les arcanes de l\u2019effervescence de la lutte pour l\u2019ind\u00e9pendance autour du N\u00e9o-Destour et de son Za\u00efm, des luttes intestines pour se hisser dans l\u2019entourage de Bourguiba, des derni\u00e8res ann\u00e9es du Combattant supr\u00eame et du coup d\u2019\u00e9tat m\u00e9dical perp\u00e9tr\u00e9 par Ben Ali.<\/p>\n<p><span class=\"c3\"><span class=\"c2\"><strong>Profession : Premier ministre<\/strong><\/span><\/span><\/p>\n<p>Ses ann\u00e9es \u00e0 la Kasbah seront intenses. Dr Karoui avait autour de lui comme ministres les Mohamed Charfi, Daly Jazi, Mustapha Kamel Nabli, Dr Saadeddine Zmerli, Sadok Rabah, Mohamed Ghannouchi, et autres grosses pointures. Pas faciles \u00e0 tenir et Ben Ali \u00e0 retenir\u2026 Il devait aussi se rendre souvent \u00e0 l\u2019\u00e9tranger, rencontrer ses homologues, porter des messages \u00e0 des chefs d\u2019\u00c9tat, repr\u00e9senter la Tunisie \u00e0 des sommets. Il y reviendra, expliquant le m\u00e9tier de Premier ministre \u2026 sous Ben Ali.<\/p>\n<p><span class=\"c2\"><span class=\"c3\"><strong>Restaurer la dignit\u00e9 des int\u00e8gres<\/strong><\/span><\/span><\/p>\n<p>Dr Hamed Karoui se trouvera interpel\u00e9 d\u00e8s le 14 janvier 2011 par nombre de hautes personnalit\u00e9s tunisiennes prises au d\u00e9pourvu. En contact avec Mohamed Ghannouchi, il ne manquera pas de lui apporter son soutien lors de ces moments historiques, de convaincre Foued Mebazaa d\u2019assumer la pr\u00e9sidence de la R\u00e9publique par int\u00e9rim et d\u2019inciter d\u2019autres personnalit\u00e9s \u00e0 faire partie du nouveau gouvernement. Depuis lors, il se remettra de nouveau au c\u0153ur de l\u2019action politique, recevant la visite des uns et des autres, apaisant les tensions, rapprochant divers protagonistes\u2026<\/p>\n<p>Cit\u00e9 \u00e0 compara\u00eetre par le juge d\u2019instruction, Dr Hamed Karoui prendra tout son courage pour aller au palais de Justice r\u00e9pondre aux interrogatoires, appelant les Bourguibistes et les Destourien, int\u00e8gres, purs et durs, \u00e0 \u00ab ne pas baisser la t\u00eate et se redresser en tout honneur \u00bb. L\u2019affaire sera class\u00e9e.<\/p>\n<p><span class=\"c2\"><span class=\"c3\"><strong>Making of<\/strong><\/span><\/span><\/p>\n<p>Ceux qui s\u2019int\u00e9ressent \u00e0 l\u2019histoire contemporaine de la Tunisie puiseront dans le t\u00e9moignage du Dr Hamed Karoui un gisement pr\u00e9cieux de souvenirs pr\u00e9cis, d\u2019appr\u00e9ciations document\u00e9es, de r\u00e9cits de premi\u00e8re main. Trois ans avant son d\u00e9c\u00e8s, il s\u2019\u00e9tait mis \u00e0 la t\u00e2che de livrer ses m\u00e9moires, choisissant de les confier en interviews film\u00e9s \u00e0 Abdellatif Fourati (Assabah) et Taoufik Habaieb (<span class=\"c2\"><strong>Leaders<\/strong><\/span>). A un rythme r\u00e9gulier de deux s\u00e9ances par semaine, les mardi et jeudi, chez-lui \u00e0 El Menzah ou au si\u00e8ge de Leaders, \u00e0 10 heures pr\u00e9cises, \u00e9l\u00e9gant dans un costume bien taill\u00e9, des fiches soigneusement pr\u00e9par\u00e9es de son \u00e9criture serr\u00e9e, il r\u00e9pondait \u00e0 toutes les questions sans n\u2019en \u00e9luder aucune. Avec verve et humour, l\u2019esprit taquin et le regard malicieux, Si Hamed \u00e9voquait tant d\u2019\u00e9pisodes, r\u00e9v\u00e9lait tant de secrets, d\u00e9codait tant de d\u00e9cisions prises, livrait des clefs pour comprendre une \u00e9poque complexe et compliqu\u00e9e.<\/p>\n<p class=\"c4\"><img decoding=\"async\" src=\"\/uploads\/FCK_files\/Hamed-Karoui.jpg\" alt=\"\" width=\"100%\" vspace=\"5\" hspace=\"5\" align=\"middle\"\/><\/p>\n<p>Parfois, les digressions laissaient emporter l\u2019interview vers des envol\u00e9es libres qui s\u2019\u00e9loignent de la trajectoire initialement trac\u00e9e. C\u2019est rattrap\u00e9, la s\u00e9ance suivante. Une date n\u2019est pas pr\u00e9cise, un d\u00e9tail \u00e9chappe, un nom est oubli\u00e9 : on y reviendra pour rectifier, compl\u00e9ter, reprendre le r\u00e9cit. Des dizaines d\u2019heures d\u2019enregistrement vid\u00e9o, des centaines de photos scann\u00e9es, et des documents pr\u00e9cieux copi\u00e9s : un tr\u00e9sor pour les historiens. Commen\u00e7ait alors le plus difficile : tout transcrire, d\u00e9pouiller, restructurer, \u00e9tablir, mettre en coh\u00e9rence.<\/p>\n<p><span class=\"c2\"><span class=\"c3\"><strong>Souvenir, souvenirs<\/strong><\/span><\/span><\/p>\n<p>Le choix de l\u2019\u00e9diteur \u00e9tait important \u00e0 faire. \u00c7a sera C\u00e9r\u00e8s \u00c9ditions, tranchera Si Hamed. Celui de la langue devait \u00eatre, lui aussi, tranch\u00e9. Dr Karoui s\u2019exprimait \u00e0 la fois en arabe et en fran\u00e7ais. Sa d\u00e9cision sera d\u2019opter pour tout rapporter en fran\u00e7ais, ce qui compliquait davantage la t\u00e2che. Les premiers qui s\u2019y essayeront finiront pas y renoncer. Sans l\u00e2cher prise, Si Hamed ne perdra pas espoir de voir ses m\u00e9moires publi\u00e9es. Un proche parent et plume tr\u00e8s raffin\u00e9e, Abdeljelil Karoui, acceptera de relever le d\u00e9fi. Il s\u2019attellera \u00e0 l\u2019ouvrage avec rigueur et talent. Pendant plus de 4 mois, Si Hamed sera disponible pour lui fournir d\u00e9tails, pr\u00e9cisions, compl\u00e9ments. L\u2019album photos qui illustre l\u2019ouvrage est lui aussi tr\u00e8s riche et significatif. Chaque image restitue un moment fort, avec tous ses codes. Le texte quasi pr\u00eat, les photos choisies, Si Hamed se sentait mission accomplie. Il n\u2019avait plus de h\u00e2te que de prendre en main son livre une fois imprim\u00e9. Le destin sera plus rapide. Il nous a quitt\u00e9. Son livre est publi\u00e9. Son souvenir, ses souvenirs sont l\u00e0.<\/p>\n<p>Un livre passionnant, d\u2019une vie passionn\u00e9e, \u00e0 lire.<\/p>\n<p><span class=\"c5\"><strong>Une vie en politique<\/strong><\/span><br \/><strong><em>De Hamed Karoui<br \/>Traduction et pr\u00e9sentation par Abdeljelil Karoui<br \/>C\u00e9r\u00e8s \u00c9ditions, septembre 2020, 236 pages, 22 DT<\/em><\/strong><\/p>\n<p><strong>Lire aussi<\/strong><\/p>\n<p><a href=\"https:\/\/www.leaders.com.tn\/article\/29492-dr-hamed-karoui-est-decede\" target=\"_blank\" rel=\"noopener noreferrer\">\u2022 Dr Hamed Karoui est d\u00e9c\u00e9d\u00e9<\/a><br \/><a href=\"https:\/\/www.leaders.com.tn\/article\/13520-que-cherche-hamed-karoui\" target=\"_blank\" rel=\"noopener noreferrer\">\u2022 Que cherche Hamed Karoui?<\/a><br \/><a href=\"https:\/\/www.leaders.com.tn\/article\/3384-dr-hamed-karoui-ancien-premier-ministre-ancien-vice-president-du-rcd\" target=\"_blank\" rel=\"noopener noreferrer\">\u2022 Dr Hamed Karoui, Ancien Premier Ministre, ancien Vice-Pr\u00e9sident du RCD<\/a><br \/><a href=\"https:\/\/www.leaders.com.tn\/article\/29505-hamed-karoui-mohamed-ghannouchi\" target=\"_blank\" rel=\"noopener noreferrer\">\u2022 Mohamed Ghannouchi : Adieu si Hamed; Merci pour tout<\/a><\/p>\n<p>Auteur:<br \/>\n<a href=\"https:\/\/www.leaders.com.tn\/article\/30625-memoires-hamed-karoui-revele-sa-vie-en-politique\">Cliquez ici pour lire l&rsquo;article depuis sa source.<\/a><\/p>\n","protected":false},"excerpt":{"rendered":"<p>Six mois seulement apr\u00e8s son d\u00e9c\u00e8s le 27 mars dernier, \u00e0 l\u2019\u00e2ge de 89 ans, Dr Hamed Karoui, m\u00e9decin pneumologue, ancien Premier ministre (1989 \u2013 1999) se rappelle \u00e0 notre souvenir \u00e0 la faveur de la parution de ses m\u00e9moires. Sous le titre de \u2018\u2019Une vie en politique\u2019\u2019, paru chez C\u00e9r\u00e8s \u00c9ditions, il revient en [&hellip;]<\/p>\n","protected":false},"author":1772,"featured_media":99780,"comment_status":"closed","ping_status":"closed","sticky":false,"template":"","format":"standard","meta":{"fifu_image_url":"","fifu_image_alt":"","footnotes":""},"categories":[73,55],"tags":[],"class_list":["post-99779","post","type-post","status-publish","format-standard","has-post-thumbnail","hentry","category-actualite","category-tunisie"],"_links":{"self":[{"href":"https:\/\/linitiative.ca\/International\/wp-json\/wp\/v2\/posts\/99779","targetHints":{"allow":["GET"]}}],"collection":[{"href":"https:\/\/linitiative.ca\/International\/wp-json\/wp\/v2\/posts"}],"about":[{"href":"https:\/\/linitiative.ca\/International\/wp-json\/wp\/v2\/types\/post"}],"author":[{"embeddable":true,"href":"https:\/\/linitiative.ca\/International\/wp-json\/wp\/v2\/users\/1772"}],"replies":[{"embeddable":true,"href":"https:\/\/linitiative.ca\/International\/wp-json\/wp\/v2\/comments?post=99779"}],"version-history":[{"count":0,"href":"https:\/\/linitiative.ca\/International\/wp-json\/wp\/v2\/posts\/99779\/revisions"}],"wp:featuredmedia":[{"embeddable":true,"href":"https:\/\/linitiative.ca\/International\/wp-json\/"}],"wp:attachment":[{"href":"https:\/\/linitiative.ca\/International\/wp-json\/wp\/v2\/media?parent=99779"}],"wp:term":[{"taxonomy":"category","embeddable":true,"href":"https:\/\/linitiative.ca\/International\/wp-json\/wp\/v2\/categories?post=99779"},{"taxonomy":"post_tag","embeddable":true,"href":"https:\/\/linitiative.ca\/International\/wp-json\/wp\/v2\/tags?post=99779"}],"curies":[{"name":"wp","href":"https:\/\/api.w.org\/{rel}","templated":true}]}}