{"id":99782,"date":"2020-09-23T16:08:00","date_gmt":"2020-09-23T20:08:00","guid":{"rendered":"https:\/\/linitiative.ca\/International\/kaies-saied-critique-les-recentes-nominations-au-cabinet-du-chef-de-gouvernement\/"},"modified":"2020-09-23T16:08:00","modified_gmt":"2020-09-23T20:08:00","slug":"kaies-saied-critique-les-recentes-nominations-au-cabinet-du-chef-de-gouvernement","status":"publish","type":"post","link":"https:\/\/linitiative.ca\/International\/kaies-saied-critique-les-recentes-nominations-au-cabinet-du-chef-de-gouvernement\/","title":{"rendered":"Ka\u00efes Sa\u00efed critique les r\u00e9centes nominations au cabinet du chef de Gouvernement"},"content":{"rendered":"<p><span class=\"c2\">Recevant <span class=\"c2\">le chef de Gouvernement<\/span> ce mercredi au palais de Carthage, Le pr\u00e9sident Kais Sa\u00efed a critiqu\u00e9 des nominations au cabinet du chef de Gouvernement. Il aurait pr\u00e9f\u00e9r\u00e9 d\u2019attendre le verdict m\u00eame s&rsquo;il a tard\u00e9, \u00e0 propos d\u2019affaires les concernant qui avaient \u00a0\u00e9t\u00e9 port\u00e9es en justice.\u00a0<\/span><\/p>\n<p><span class=\"c3\"><span class=\"c2\">La veille, on avait annonc\u00e9 <a href=\"https:\/\/www.leaders.com.tn\/article\/30618-taoufik-baccar-nouveau-conseiller-economique-et-financier-aupres-de-hichem-mechichi\" target=\"_blank\" rel=\"noopener noreferrer\">la nomination de trois personnalit\u00e9s de l&rsquo;ancien r\u00e9gime<\/a> dont l&rsquo;ancien gouverneur de la BCT, Taoufik Baccar et l&rsquo;ancien conseiller \u00e9conomique de Ben Ali,\u00a0 Mongi Safra, le troisi\u00e8me \u00e9tant Slim Tissaoui.\u00a0<\/span><\/span> <\/p>\n<p>Auteur:<br \/>\n<a href=\"https:\/\/www.leaders.com.tn\/article\/30628-kaies-saied-critique-les-recentes-nominations-au-cabinet-du-chef-de-gouvernement\">Cliquez ici pour lire l&rsquo;article depuis sa source.<\/a><\/p>\n","protected":false},"excerpt":{"rendered":"<p>Recevant le chef de Gouvernement ce mercredi au palais de Carthage, Le pr\u00e9sident Kais Sa\u00efed a critiqu\u00e9 des nominations au cabinet du chef de Gouvernement. Il aurait pr\u00e9f\u00e9r\u00e9 d\u2019attendre le verdict m\u00eame s&rsquo;il a tard\u00e9, \u00e0 propos d\u2019affaires les concernant qui avaient \u00a0\u00e9t\u00e9 port\u00e9es en justice.\u00a0 La veille, on avait annonc\u00e9 la nomination de trois [&hellip;]<\/p>\n","protected":false},"author":1772,"featured_media":0,"comment_status":"closed","ping_status":"closed","sticky":false,"template":"","format":"standard","meta":{"fifu_image_url":"","fifu_image_alt":"","footnotes":""},"categories":[73,55],"tags":[],"class_list":["post-99782","post","type-post","status-publish","format-standard","hentry","category-actualite","category-tunisie"],"_links":{"self":[{"href":"https:\/\/linitiative.ca\/International\/wp-json\/wp\/v2\/posts\/99782","targetHints":{"allow":["GET"]}}],"collection":[{"href":"https:\/\/linitiative.ca\/International\/wp-json\/wp\/v2\/posts"}],"about":[{"href":"https:\/\/linitiative.ca\/International\/wp-json\/wp\/v2\/types\/post"}],"author":[{"embeddable":true,"href":"https:\/\/linitiative.ca\/International\/wp-json\/wp\/v2\/users\/1772"}],"replies":[{"embeddable":true,"href":"https:\/\/linitiative.ca\/International\/wp-json\/wp\/v2\/comments?post=99782"}],"version-history":[{"count":0,"href":"https:\/\/linitiative.ca\/International\/wp-json\/wp\/v2\/posts\/99782\/revisions"}],"wp:attachment":[{"href":"https:\/\/linitiative.ca\/International\/wp-json\/wp\/v2\/media?parent=99782"}],"wp:term":[{"taxonomy":"category","embeddable":true,"href":"https:\/\/linitiative.ca\/International\/wp-json\/wp\/v2\/categories?post=99782"},{"taxonomy":"post_tag","embeddable":true,"href":"https:\/\/linitiative.ca\/International\/wp-json\/wp\/v2\/tags?post=99782"}],"curies":[{"name":"wp","href":"https:\/\/api.w.org\/{rel}","templated":true}]}}