{"id":99783,"date":"2020-09-23T06:00:00","date_gmt":"2020-09-23T10:00:00","guid":{"rendered":"https:\/\/linitiative.ca\/International\/la-tribu-de-oui-oui\/"},"modified":"2020-09-23T06:00:00","modified_gmt":"2020-09-23T10:00:00","slug":"la-tribu-de-oui-oui","status":"publish","type":"post","link":"https:\/\/linitiative.ca\/International\/la-tribu-de-oui-oui\/","title":{"rendered":"La tribu de Oui-Oui !"},"content":{"rendered":"<p class=\"c4\">Depuis la diffusion du doc de M6, Noor a enrichi sa gamme de lotions, de pommades et de soins du visage avec un produit 100% bio.<\/p>\n<p class=\"c4\"><strong>Le navet<\/strong><\/p>\n<p class=\"c4\">\u00c0 croire que c\u2019est leur dessin anim\u00e9 pr\u00e9f\u00e9r\u00e9 aux gens du FLN, du RND et des partis islamistes \u00e9prouvettes ! D\u00e8s qu\u2019ils ont entendu le mot \u00ab R\u00c9F\u00c9RENDUM \u00bb prononc\u00e9 par Djidji, d\u00e8s qu\u2019ils ont enregistr\u00e9 la date de ce r\u00e9f\u00e9rendum, le 1er novembre prochain, ils se sont tous pr\u00e9cipit\u00e9s dans leurs greniers respectifs, mais pas respectables, et ont sorti leur joujou pr\u00e9f\u00e9r\u00e9. Cach\u00e9 l\u00e0 depuis cette fameuse sc\u00e8ne de Abdekka Premier, v\u00eatu d\u2019une gandoura et signant son abdication. Quel joujou ? Mais la machine \u00e0 Oui-Oui ! Une fois redescendue du grenier, ils jouent avec comme des fous. Aspergeant tout ce qui bouge de larges gicl\u00e9es de \u00ab Oui-Oui \u00bb. Par endroits, y a m\u00eame eu inondation ! Pourtant, moi, le dessin anim\u00e9, Oui-Oui, je m\u2019en souviens. Et il arrivait au h\u00e9ros, le gar\u00e7on aux joues rouges et l\u2019\u0153il vif d\u2019intelligence et de candeur, de dire parfois \u00ab Non ! \u00bb. Ben, eux, ici, c\u2019est pas pareil ! FLN et RND sont des int\u00e9gristes du Oui-Oui ! Les employ\u00e9s des mairies n\u2019ont m\u00eame encore re\u00e7u ordre de sortir des entrep\u00f4ts les fameux panneaux \u00e9lectoraux sur lesquels seront affich\u00e9s les appels au vote que d\u00e9j\u00e0 \u00ab Feleneu \u00bb et \u00ab Rindou \u00bb appellent au vote Oui-Oui ! Nous coursent partout, dans la rue, au bureau, dans nos cit\u00e9s et \u00e0 la t\u00e9l\u00e9vision pour nous tanner le cuir avec leurs Oui-Oui suintant la m\u00eame odeur infecte qui rendait l\u2019air irrespirable dans les salles de meeting, du temps des soutiens au cadre ! Ah ! O\u00f9 allons-nous si FLN et RND se mettent \u00e0 salir aussi Oui-Oui, les dessins anim\u00e9s de notre tendre enfance et des pans entiers de candeur innocente ? Oui ! Je dirais m\u00eame plus, Oui-Oui, o\u00f9 allons-nous ? Et tout en le disant, je fume du th\u00e9 et je reste \u00e9veill\u00e9, le cauchemar continue.<br \/><em><strong>H. L.<\/strong><\/em><\/p>\n<p>Auteur:<br \/>\n<a href=\"https:\/\/www.lesoirdalgerie.com\/pousse-avec-eux\/la-tribu-de-oui-oui-48585\">Cliquez ici pour lire l&rsquo;article depuis sa source.<\/a><\/p>\n","protected":false},"excerpt":{"rendered":"<p>Depuis la diffusion du doc de M6, Noor a enrichi sa gamme de lotions, de pommades et de soins du visage avec un produit 100% bio. Le navet \u00c0 croire que c\u2019est leur dessin anim\u00e9 pr\u00e9f\u00e9r\u00e9 aux gens du FLN, du RND et des partis islamistes \u00e9prouvettes ! D\u00e8s qu\u2019ils ont entendu le mot \u00ab [&hellip;]<\/p>\n","protected":false},"author":1741,"featured_media":0,"comment_status":"closed","ping_status":"closed","sticky":false,"template":"","format":"standard","meta":{"fifu_image_url":"","fifu_image_alt":"","footnotes":""},"categories":[73,53],"tags":[],"class_list":["post-99783","post","type-post","status-publish","format-standard","hentry","category-actualite","category-algerie"],"_links":{"self":[{"href":"https:\/\/linitiative.ca\/International\/wp-json\/wp\/v2\/posts\/99783","targetHints":{"allow":["GET"]}}],"collection":[{"href":"https:\/\/linitiative.ca\/International\/wp-json\/wp\/v2\/posts"}],"about":[{"href":"https:\/\/linitiative.ca\/International\/wp-json\/wp\/v2\/types\/post"}],"author":[{"embeddable":true,"href":"https:\/\/linitiative.ca\/International\/wp-json\/wp\/v2\/users\/1741"}],"replies":[{"embeddable":true,"href":"https:\/\/linitiative.ca\/International\/wp-json\/wp\/v2\/comments?post=99783"}],"version-history":[{"count":0,"href":"https:\/\/linitiative.ca\/International\/wp-json\/wp\/v2\/posts\/99783\/revisions"}],"wp:attachment":[{"href":"https:\/\/linitiative.ca\/International\/wp-json\/wp\/v2\/media?parent=99783"}],"wp:term":[{"taxonomy":"category","embeddable":true,"href":"https:\/\/linitiative.ca\/International\/wp-json\/wp\/v2\/categories?post=99783"},{"taxonomy":"post_tag","embeddable":true,"href":"https:\/\/linitiative.ca\/International\/wp-json\/wp\/v2\/tags?post=99783"}],"curies":[{"name":"wp","href":"https:\/\/api.w.org\/{rel}","templated":true}]}}