{"id":99784,"date":"2020-09-23T06:00:00","date_gmt":"2020-09-23T10:00:00","guid":{"rendered":"https:\/\/linitiative.ca\/International\/cest-pour-demain\/"},"modified":"2020-09-23T06:00:00","modified_gmt":"2020-09-23T10:00:00","slug":"cest-pour-demain","status":"publish","type":"post","link":"https:\/\/linitiative.ca\/International\/cest-pour-demain\/","title":{"rendered":"C\u2019est pour demain ?"},"content":{"rendered":"<p class=\"c4\">Oui, la commission va \u00eatre mise en place. J\u2019en ai parl\u00e9 la semaine derni\u00e8re. Madame la poste consulte madame la caisse pour trouver une solution au manque de liquidit\u00e9s. \u00c7a y est ! \u00c7a va tellement \u00ab commissionner \u00bb que nos retrait\u00e9s n\u2019auront plus \u00e0 subir ces cha\u00eenes de la honte. Donc, madame la poste trouvera un moment pour se r\u00e9unir avec madame la caisse, juste dans le but d\u2019imaginer une solution. Franchement, je suis content. Et rassur\u00e9. Cette commission \u00ab commissionnera \u00bb, du matin au soir, jusqu\u2019\u00e0 trouver l\u2019issue \u00e0 ce manque de sous dans nos postes. Je ne veux pas porter la poisse \u00e0 cette commission, mais je ne vois pas de solution, sauf si les caisses postales reviennent \u00e0 leur d\u00e9bit normal. Il manque des sous ; soit, il faut qu\u2019il y ait des sous. De ce fait, il n\u2019y aurait plus de cha\u00eenes ni de queues. A moins que la commission n\u2019ait d\u2019autres id\u00e9es g\u00e9niales. Moi, j\u2019y crois ! Pourquoi pas ? Pour une fois que je suis optimiste, il ne faut pas venir me titiller sur ce point. Cette commission \u00ab commissionnera \u00bb, sans d\u00e9semparer, c\u2019est moi qui vous le dis, jusqu\u2019\u00e0 casser, une bonne fois pour toutes, ces cha\u00eenes qui encha\u00eenent nos vieux jusqu\u2019\u00e0 r\u00e9veiller en eux toutes les formes de rhumatisme.\u00a0<br \/>Il y a mieux, c\u2019est moi qui vous le dis. Madame la poste fait appel \u00e0 la soci\u00e9t\u00e9 civile pour l\u2019aider \u00e0 r\u00e9guler ces cha\u00eenes. L\u00e0, il y a abus. Non, la soci\u00e9t\u00e9 civile a mieux \u00e0 faire que de faire la \u00ab police \u00bb des queues. Question \u00e0 un douro : \u00ab C\u2019est qui la soci\u00e9t\u00e9 civile ? \u00bb Je n\u2019ai jamais compris ce qu\u2019on entend par soci\u00e9t\u00e9 civile. Quoi ? Les intellectuels ? Les universitaires ? Les associations ? Et les autres ? La soci\u00e9t\u00e9 civile, c\u2019est donc toute la soci\u00e9t\u00e9. Je ne sais pas si l\u2019appel a \u00e9t\u00e9 entendu par la soci\u00e9t\u00e9 civile. J\u2019aimerais bien. Nos enseignants sont en cong\u00e9 forc\u00e9. Nos intellectuels peuvent bien mettre la main \u00e0 la cha\u00eene, au lieu de couper le cheveu en quatre. Nos associations peuvent toujours contribuer \u00e0 ordonner les queues. Et madame la poste pourra, enfin, donner leurs sous \u00e0 nos retrait\u00e9s. Excusez-moi d\u2019insister : si quelqu\u2019un peut me fournir la d\u00e9finition d\u2019une soci\u00e9t\u00e9 civile, je lui serai \u00e9ternellement reconnaissant. Je souhaite une d\u00e9finition basique, terre \u00e0 terre, \u00e0 port\u00e9e de mon cerveau ramolli. Au fait, l\u2019enqu\u00eate sur le manque de liquidit\u00e9s a-t-elle donn\u00e9 quelque chose ? Quoi donc ?\u00a0<br \/>Bon, les amateurs des lettres anonymes peuvent ranger leur stylo ; le pr\u00e9sident de la R\u00e9publique a d\u00e9cid\u00e9 de ne plus en tenir compte. Celui qui veut d\u00e9noncer n\u2019a qu\u2019\u00e0 le faire en toute libert\u00e9, en toute transparence et sans masque. D\u00e9sormais, celui-ci doit apposer son \u00e9tat civil (encore !) en toutes lettres. S\u2019il veut que sa lettre de d\u00e9nonciation aboutisse, il lui faut montrer patte blanche. Dans ce cas d\u2019esp\u00e8ce, elle est noire. Tu donnes ton nom, ton pr\u00e9nom, la photocopie l\u00e9galis\u00e9e de ta carte d\u2019identit\u00e9 ou ton permis ou ton passeport, ton num\u00e9ro de mobile, ton mail et ton Instagram (oui, il faut une majuscule ; c\u2019est le correcteur automatique qui le pr\u00e9cise). A partir de l\u00e0, on donnera suite. Au fait, celui qui utilise une lettre anonyme, on l\u2019appelle comment ? Un mouchard ? Un d\u00e9lateur ? Juste pour savoir ! Et dire que la transparence est une voie royale pour une soci\u00e9t\u00e9 harmonieuse.\u00a0\u00a0<br \/>Quid de la rentr\u00e9e scolaire ? C\u2019est tranch\u00e9 ! Ne vous en faites pas, tout est pris en charge ! C\u2019est en fonction de la situation \u00e9pid\u00e9mique. \u00c0 Tizi, je ne la vois pas se faire. C\u2019est du moins mon impression. Le virus fait son int\u00e9ressant. Il est rare de voir un citoyen \u00ab masqu\u00e9 \u00bb. Les gens s\u2019agglutinent sans prendre aucune pr\u00e9caution. Comme si tout va bien sur le plan sanitaire. Comme si le virus est du domaine du pass\u00e9. Nos chers enfants auront des jours \u00e0 tenir ; heureusement qu\u2019il y a la t\u00e9loche, les r\u00e9seaux sociaux et les terrasses de caf\u00e9. Comment tuer le temps, alors ? La lecture ? Beurk ! C\u2019est quoi encore \u00e7a ? Qui vient donc nous emb\u00eater avec \u00ab sa \u00bb lecture ? Les r\u00e9visions pour reprendre contact avec l\u2019\u00e9cole ? Ya chriki, tu es loin du compte. Neuf mois d\u2019\u00e9cole, c\u2019est d\u00e9j\u00e0 assez. Puis, je n\u2019ai pas l\u2019intention de faire des vieux os ici. Le bac en poche, si Dieu veut, et je me barre. N\u2019importe o\u00f9 ! La Roumanie est une solution. Pas de bac ! Tant pis. Je br\u00fblerai la mer, kho ! Spanya, j\u2019arrive !\u00a0<br \/>Revoil\u00e0 les docus sur le Hirak ! Franchement, M6 n\u2019a vraiment pas tenu son b\u00e2ton par le bon bout. D\u2019abord, il n\u2019a pas \u00e9t\u00e9 question de Hirak. Je suis d\u00e9sol\u00e9, je n\u2019ai pas vu de Hirak dans ce documentaire. Il est question de trois Alg\u00e9riens de milieux diff\u00e9rents, d\u2019\u00e9ducation diff\u00e9rente et de r\u00eaves diff\u00e9rents. On conna\u00eet tout \u00e7a. Arr\u00eatez de nous barber avec ces docus \u00e0 la petite semaine. M6 ne s\u2019est pas foul\u00e9 le cerveau pour nous pondre ce navet. C\u2019est un ratage complet. Un demandeur d\u2019emploi qui souhaite rencontrer le DG de Sonatrach. Rien que \u00e7a ! Comme si un demandeur d\u2019emploi fran\u00e7ais pouvait rencontrer le DG de Total. Comme \u00e7a ! Sur un claquement de doigts ! Puis, il y a la danseuse. C\u2019est bien ! Elle est libre de ses mouvements, c\u2019est bien. Je n\u2019\u00e9mets aucun jugement de valeur. Elle d\u00e9couche, c\u2019est son droit. Je ne juge pas. Comme on dit, elle est majeure et vaccin\u00e9e. Elle ne prend pas d\u2019alcool, c\u2019est son go\u00fbt. \u00c7a ne me regarde pas. Puis, il y a le jeune partisan d\u2019un parti islamiste. L\u00e0, M6 affirme que les maternelles n\u2019existent pas chez nous. Il aurait fallu que le journaliste, Bernard de la Villardi\u00e8re, confirme. Puis, les images deviennent tendancieuses. On nous montre une classe \u00ab religieuse \u00bb. \u00c7a veut dire quoi ?\u00a0<br \/>C\u2019est de bonne guerre. Nous avons nos t\u00e9l\u00e9visions, publiques et priv\u00e9es. Elles n\u2019ont qu\u2019\u00e0 faire de m\u00eame. Que fait l\u2019ENTV ? Peut-elle faire un documentaire sur le Hirak ? Oui, elle le peut. Mais si elle le fait, il ne sera pas du go\u00fbt du peuple. D\u00e8s lors, les t\u00e9l\u00e9visions \u00e9trang\u00e8res ont encore du pain sur la planche. Il y aura encore des documentaires \u00ab sur notre dos \u00bb. \u00c0 bon entendeur !<br \/>L\u00e9o Ferr\u00e9, ce po\u00e8te de la d\u00e9mesure, donnera le clap de fin pour cette chronique : \u00ab Je suis d\u2019un autre pays que le v\u00f4tre, d\u2019un autre quartier, d\u2019une autre solitude\/Je m\u2019invente aujourd\u2019hui des chemins de traverse\/Je ne suis plus de chez vous\/J\u2019attends des mutants\/Biologiquement je m\u2019arrange avec l\u2019id\u00e9e que je me fais de biologie : je pisse, j\u2019\u00e9jacule, je pleure\/Il est de toute premi\u00e8re instance que nous fa\u00e7onnions nos id\u00e9es comme s\u2019il s\u2019agissait de produits manufactur\u00e9s. \u00bb\u00a0<br \/><em><strong>Y. M.<\/strong><\/em><\/p>\n<p>Auteur:<br \/>\n<a href=\"https:\/\/www.lesoirdalgerie.com\/tendances\/cest-pour-demain-48584\">Cliquez ici pour lire l&rsquo;article depuis sa source.<\/a><\/p>\n","protected":false},"excerpt":{"rendered":"<p>Oui, la commission va \u00eatre mise en place. J\u2019en ai parl\u00e9 la semaine derni\u00e8re. Madame la poste consulte madame la caisse pour trouver une solution au manque de liquidit\u00e9s. \u00c7a y est ! \u00c7a va tellement \u00ab commissionner \u00bb que nos retrait\u00e9s n\u2019auront plus \u00e0 subir ces cha\u00eenes de la honte. Donc, madame la poste [&hellip;]<\/p>\n","protected":false},"author":1741,"featured_media":0,"comment_status":"closed","ping_status":"closed","sticky":false,"template":"","format":"standard","meta":{"fifu_image_url":"","fifu_image_alt":"","footnotes":""},"categories":[73,53],"tags":[],"class_list":["post-99784","post","type-post","status-publish","format-standard","hentry","category-actualite","category-algerie"],"_links":{"self":[{"href":"https:\/\/linitiative.ca\/International\/wp-json\/wp\/v2\/posts\/99784","targetHints":{"allow":["GET"]}}],"collection":[{"href":"https:\/\/linitiative.ca\/International\/wp-json\/wp\/v2\/posts"}],"about":[{"href":"https:\/\/linitiative.ca\/International\/wp-json\/wp\/v2\/types\/post"}],"author":[{"embeddable":true,"href":"https:\/\/linitiative.ca\/International\/wp-json\/wp\/v2\/users\/1741"}],"replies":[{"embeddable":true,"href":"https:\/\/linitiative.ca\/International\/wp-json\/wp\/v2\/comments?post=99784"}],"version-history":[{"count":0,"href":"https:\/\/linitiative.ca\/International\/wp-json\/wp\/v2\/posts\/99784\/revisions"}],"wp:attachment":[{"href":"https:\/\/linitiative.ca\/International\/wp-json\/wp\/v2\/media?parent=99784"}],"wp:term":[{"taxonomy":"category","embeddable":true,"href":"https:\/\/linitiative.ca\/International\/wp-json\/wp\/v2\/categories?post=99784"},{"taxonomy":"post_tag","embeddable":true,"href":"https:\/\/linitiative.ca\/International\/wp-json\/wp\/v2\/tags?post=99784"}],"curies":[{"name":"wp","href":"https:\/\/api.w.org\/{rel}","templated":true}]}}