{"id":99785,"date":"2020-09-23T06:00:00","date_gmt":"2020-09-23T10:00:00","guid":{"rendered":"https:\/\/linitiative.ca\/International\/lalgerie-prend-acte-de-la-designation-de-bah-ndaw-comme-president-de-la-transition\/"},"modified":"2020-09-23T06:00:00","modified_gmt":"2020-09-23T10:00:00","slug":"lalgerie-prend-acte-de-la-designation-de-bah-ndaw-comme-president-de-la-transition","status":"publish","type":"post","link":"https:\/\/linitiative.ca\/International\/lalgerie-prend-acte-de-la-designation-de-bah-ndaw-comme-president-de-la-transition\/","title":{"rendered":"L&rsquo;Alg\u00e9rie prend acte de la d\u00e9signation de Bah Ndaw comme pr\u00e9sident de la transition"},"content":{"rendered":"<div class=\"picture\"><img class=\"lazy\" data-original=\"\/data\/images\/article\/thumbs\/d-lalgerie-prend-acte-de-la-designation-de-bah-ndaw-comme-president-de-la-transition-35c39.jpg\"\/>\n<\/div>\n<p>L&rsquo;Alg\u00e9rie, chef de file de la m\u00e9diation internationale au Mali, a d\u00e9clar\u00e9 mardi \u00abprendre acte\u00bb de la d\u00e9signation de M. Bah Ndaw comme pr\u00e9sident de la transition au Mali et du colonel Assimi Goita comme vice-pr\u00e9sident, r\u00e9it\u00e9rant \u00abson engagement \u00e0 accompagner le Mali durant cette p\u00e9riode difficile\u00bb.<br \/>\u00abL&rsquo;Alg\u00e9rie prend acte de la d\u00e9signation de M. Bah Ndaw comme pr\u00e9sident de la transition au Mali et du colonel Assimi Goita comme vice-pr\u00e9sident\u00bb, indique un communiqu\u00e9 du minist\u00e8re des Affaires \u00e9trang\u00e8res. Et d&rsquo;ajouter : \u00abL&rsquo;Alg\u00e9rie attend avec int\u00e9r\u00eat la mise en \u0153uvre du reste des institutions de la transition en vue de permettre une conduite apais\u00e9e et calme de la p\u00e9riode de transition vers l&rsquo;organisation d&rsquo;\u00e9lections qui acteront le retour \u00e0 l&rsquo;ordre constitutionnel au Mali fr\u00e8re et voisin.\u00bb Rappelant \u00ables importants efforts\u00bb d\u00e9ploy\u00e9s par l&rsquo;Alg\u00e9rie pour \u00abla stabilisation du Mali \u00e0 travers la conclusion, en 2015, de l&rsquo;Accord pour la paix et la r\u00e9conciliation au Mali, issu du processus d&rsquo;Alger et pour la pr\u00e9servation de la stabilit\u00e9 de ce pays durant les derniers mois\u00bb, le minist\u00e8re des Affaires \u00e9trang\u00e8res souligne que \u00abl&rsquo;Alg\u00e9rie continuera de suivre de pr\u00e8s l&rsquo;\u00e9volution de la situation au Mali\u00bb. L&rsquo;Alg\u00e9rie se \u00abf\u00e9licite de l&rsquo;attachement de l&rsquo;ensemble des parties maliennes \u00e0 la mise en \u0153uvre effective de l&rsquo;accord d&rsquo;Alger et r\u00e9it\u00e8re son engagement, en sa qualit\u00e9 de chef de file de la m\u00e9diation internationale et pr\u00e9sidente du Comit\u00e9 de suivi de mise en \u0153uvre de l&rsquo;accord (CSA), \u00e0 tout entreprendre pour poursuivre la mise en \u0153uvre de l&rsquo;accord en tant que seule voie \u00e0 m\u00eame de permettre au Mali de pr\u00e9server durablement sa stabilit\u00e9 et de relever les d\u00e9fis multiples auxquels il fait face\u00bb, rel\u00e8ve le minist\u00e8re des Affaires \u00e9trang\u00e8res. Elle \u00abr\u00e9it\u00e8re, enfin, son engagement pour accompagner le Mali durant cette p\u00e9riode difficile et r\u00e9affirme sa solidarit\u00e9 ind\u00e9fectible en direction du peuple malien fr\u00e8re\u00bb.<br \/>APS<\/p>\n<p>Auteur:<br \/>\n<a href=\"https:\/\/www.lesoirdalgerie.com\/actualites\/lalgerie-prend-acte-de-la-designation-de-bah-ndaw-comme-president-de-la-transition-48642\">Cliquez ici pour lire l&rsquo;article depuis sa source.<\/a><\/p>\n","protected":false},"excerpt":{"rendered":"<p>L&rsquo;Alg\u00e9rie, chef de file de la m\u00e9diation internationale au Mali, a d\u00e9clar\u00e9 mardi \u00abprendre acte\u00bb de la d\u00e9signation de M. Bah Ndaw comme pr\u00e9sident de la transition au Mali et du colonel Assimi Goita comme vice-pr\u00e9sident, r\u00e9it\u00e9rant \u00abson engagement \u00e0 accompagner le Mali durant cette p\u00e9riode difficile\u00bb.\u00abL&rsquo;Alg\u00e9rie prend acte de la d\u00e9signation de M. Bah [&hellip;]<\/p>\n","protected":false},"author":1741,"featured_media":0,"comment_status":"closed","ping_status":"closed","sticky":false,"template":"","format":"standard","meta":{"fifu_image_url":"","fifu_image_alt":"","footnotes":""},"categories":[73,53],"tags":[],"class_list":["post-99785","post","type-post","status-publish","format-standard","hentry","category-actualite","category-algerie"],"_links":{"self":[{"href":"https:\/\/linitiative.ca\/International\/wp-json\/wp\/v2\/posts\/99785","targetHints":{"allow":["GET"]}}],"collection":[{"href":"https:\/\/linitiative.ca\/International\/wp-json\/wp\/v2\/posts"}],"about":[{"href":"https:\/\/linitiative.ca\/International\/wp-json\/wp\/v2\/types\/post"}],"author":[{"embeddable":true,"href":"https:\/\/linitiative.ca\/International\/wp-json\/wp\/v2\/users\/1741"}],"replies":[{"embeddable":true,"href":"https:\/\/linitiative.ca\/International\/wp-json\/wp\/v2\/comments?post=99785"}],"version-history":[{"count":0,"href":"https:\/\/linitiative.ca\/International\/wp-json\/wp\/v2\/posts\/99785\/revisions"}],"wp:attachment":[{"href":"https:\/\/linitiative.ca\/International\/wp-json\/wp\/v2\/media?parent=99785"}],"wp:term":[{"taxonomy":"category","embeddable":true,"href":"https:\/\/linitiative.ca\/International\/wp-json\/wp\/v2\/categories?post=99785"},{"taxonomy":"post_tag","embeddable":true,"href":"https:\/\/linitiative.ca\/International\/wp-json\/wp\/v2\/tags?post=99785"}],"curies":[{"name":"wp","href":"https:\/\/api.w.org\/{rel}","templated":true}]}}