{"id":99786,"date":"2020-09-23T06:00:00","date_gmt":"2020-09-23T10:00:00","guid":{"rendered":"https:\/\/linitiative.ca\/International\/la-double-peine-des-enseignants-universitaires\/"},"modified":"2020-09-23T06:00:00","modified_gmt":"2020-09-23T10:00:00","slug":"la-double-peine-des-enseignants-universitaires","status":"publish","type":"post","link":"https:\/\/linitiative.ca\/International\/la-double-peine-des-enseignants-universitaires\/","title":{"rendered":"La double peine des enseignants universitaires"},"content":{"rendered":"<p>D\u00e9sappoint\u00e9s, les principaux concern\u00e9s lancent un appel aux autorit\u00e9s comp\u00e9tentes afin qu\u2019elles daignent prendre en charge cette probl\u00e9matique.<br \/>Massiva Zehraoui &#8211; Alger (Le Soir) &#8211; Depuis la reprise de leurs activit\u00e9s p\u00e9dagogiques, soit officiellement le 19 septembre dernier, les enseignants des universit\u00e9s vivent une situation in\u00e9dite.<br \/>L\u2019interdiction de circulation interwilayas par la voie des transports publics et priv\u00e9s \u00e9tant toujours en vigueur, emp\u00eache plusieurs de ces derniers de se rendre sur le lieu de leur travail, \u00e0 Alger notamment. Il s\u2019agit, bien s\u00fbr, des enseignants qui r\u00e9sident dans les wilayas limitrophes. Comme si cette situation n\u2019\u00e9tait pas assez contraignante, les \u00ab absents \u00bb ont \u00e9t\u00e9 somm\u00e9s par leurs directions respectives de marquer leur pr\u00e9sence sous peine de faire l\u2019objet de sanctions induisant des ponctions sur salaire.<br \/>D\u00e9sappoint\u00e9s, les principaux concern\u00e9s lancent un appel aux autorit\u00e9s comp\u00e9tentes afin qu\u2019elles daignent prendre en charge cette probl\u00e9matique, qui met \u00e0 mal le couronnement des activit\u00e9s p\u00e9dagogiques du dernier semestre se rapportant \u00e0 l\u2019ann\u00e9e 2019-2020.<br \/>Djamila Allioua, enseignante \u00e0 la Facult\u00e9 d\u2019Alger, confie ne pas comprendre cette \u00ab contradiction \u00bb. Celle-ci ne con\u00e7oit pas \u00ab qu\u2019on puisse reprocher aux enseignants qui habitent loin d\u2019Alger de ne pas se rendre au travail en sachant que l\u2019interdiction de circuler est une d\u00e9cision du gouvernement \u00bb. Djamila Allioua, qui habite \u00e0 M\u00e9d\u00e9a, explique qu\u2019il n\u2019est pas normal qu\u2019elle ou ses coll\u00e8gues soient contraints de se rabattre sur les taxis clandestins et de payer, par cons\u00e9quent, \u00ab des prix excessifs pour un voyage de moins d\u2019une heure dans certains cas \u00bb.<br \/>Outre ce probl\u00e8me \u00e9pineux, notre interlocutrice r\u00e9v\u00e8le que les universit\u00e9s ne sont entour\u00e9es d\u2019aucune mesure de s\u00e9curit\u00e9 li\u00e9e \u00e0 la lutte contre la propagation du virus. \u00ab Les salles ne sont pas nettoy\u00e9es et aucun produit d\u00e9sinfectant n\u2019a \u00e9t\u00e9 mis \u00e0 la disposition du personnel \u00bb, a-t-elle signal\u00e9. Ils sont, par ailleurs, nombreux \u00e0 d\u00e9noncer cette situation, la consid\u00e9rant comme \u00ab une atteinte \u00e0 la dignit\u00e9 de l\u2019enseignant \u00bb. Confortant la position de ces professeurs en col\u00e8re, le Conseil national des enseignants du sup\u00e9rieur (Cnes) s\u2019est \u00e9galement indign\u00e9, comme le souligne l\u2019un de ses membres. \u00ab La tutelle n\u2019a m\u00eame pas eu la pr\u00e9sence d\u2019esprit d\u2019assurer le transport aux enseignants \u00bb, d\u00e9nonce-t-il, en rappelant que les professeurs des universit\u00e9s n\u2019ont pas tous la chance d\u2019avoir des v\u00e9hicules, et que la moindre des choses aurait \u00e9t\u00e9 de \u00ab les prendre en charge \u00bb. Ce dernier se dit inquiet de la tournure que prennent les choses tant \u00ab la fin de l\u2019ann\u00e9e peine d\u00e9j\u00e0, sans \u00e7a, \u00e0 se cl\u00f4turer\u00bb.<br \/>L\u2019intervenant regrette qu\u2019aucun dispositif n\u2019ait accompagn\u00e9 la reprise des enseignants et juge qu\u2019\u00e0 \u00ab moins que l\u2019interdiction de la circulation entre une wilaya et une autre ne soit lev\u00e9e, les d\u00e9cideurs doivent \u00e0 tout prix offrir une alternative au personnel enseignant \u00bb, pour leur permettre de rejoindre les universit\u00e9s. Il faut signaler que pour l\u2019heure, la reprise des transports interwilayas ne semble pas \u00eatre \u00e0 l\u2019ordre du jour. Et ce, en d\u00e9pit des nombreux appels des citoyens, qui se trouvent actuellement dans le m\u00eame cas que certains de ces enseignants.<br \/>M.\u2008Z.<\/p>\n<p>Auteur:<br \/>\n<a href=\"https:\/\/www.lesoirdalgerie.com\/actualites\/la-double-peine-des-enseignants-universitaires-48641\">Cliquez ici pour lire l&rsquo;article depuis sa source.<\/a><\/p>\n","protected":false},"excerpt":{"rendered":"<p>D\u00e9sappoint\u00e9s, les principaux concern\u00e9s lancent un appel aux autorit\u00e9s comp\u00e9tentes afin qu\u2019elles daignent prendre en charge cette probl\u00e9matique.Massiva Zehraoui &#8211; Alger (Le Soir) &#8211; Depuis la reprise de leurs activit\u00e9s p\u00e9dagogiques, soit officiellement le 19 septembre dernier, les enseignants des universit\u00e9s vivent une situation in\u00e9dite.L\u2019interdiction de circulation interwilayas par la voie des transports publics et [&hellip;]<\/p>\n","protected":false},"author":1741,"featured_media":0,"comment_status":"closed","ping_status":"closed","sticky":false,"template":"","format":"standard","meta":{"fifu_image_url":"","fifu_image_alt":"","footnotes":""},"categories":[73,53],"tags":[],"class_list":["post-99786","post","type-post","status-publish","format-standard","hentry","category-actualite","category-algerie"],"_links":{"self":[{"href":"https:\/\/linitiative.ca\/International\/wp-json\/wp\/v2\/posts\/99786","targetHints":{"allow":["GET"]}}],"collection":[{"href":"https:\/\/linitiative.ca\/International\/wp-json\/wp\/v2\/posts"}],"about":[{"href":"https:\/\/linitiative.ca\/International\/wp-json\/wp\/v2\/types\/post"}],"author":[{"embeddable":true,"href":"https:\/\/linitiative.ca\/International\/wp-json\/wp\/v2\/users\/1741"}],"replies":[{"embeddable":true,"href":"https:\/\/linitiative.ca\/International\/wp-json\/wp\/v2\/comments?post=99786"}],"version-history":[{"count":0,"href":"https:\/\/linitiative.ca\/International\/wp-json\/wp\/v2\/posts\/99786\/revisions"}],"wp:attachment":[{"href":"https:\/\/linitiative.ca\/International\/wp-json\/wp\/v2\/media?parent=99786"}],"wp:term":[{"taxonomy":"category","embeddable":true,"href":"https:\/\/linitiative.ca\/International\/wp-json\/wp\/v2\/categories?post=99786"},{"taxonomy":"post_tag","embeddable":true,"href":"https:\/\/linitiative.ca\/International\/wp-json\/wp\/v2\/tags?post=99786"}],"curies":[{"name":"wp","href":"https:\/\/api.w.org\/{rel}","templated":true}]}}