{"id":99789,"date":"2020-09-23T16:41:43","date_gmt":"2020-09-23T20:41:43","guid":{"rendered":"https:\/\/linitiative.ca\/International\/tunisie-ghannouchi-devoile-enfin-ses-ambitions-secretes\/"},"modified":"2020-09-23T16:41:43","modified_gmt":"2020-09-23T20:41:43","slug":"tunisie-ghannouchi-devoile-enfin-ses-ambitions-secretes","status":"publish","type":"post","link":"https:\/\/linitiative.ca\/International\/tunisie-ghannouchi-devoile-enfin-ses-ambitions-secretes\/","title":{"rendered":"Tunisie \u2013 Ghannouchi d\u00e9voile (enfin) ses ambitions secr\u00e8tes"},"content":{"rendered":"<div class=\"post-cont-in left relative\">\n<div id=\"post-info-wrap\" class=\"left relative post-info-out\">\n<div class=\"post-info-img left relative\"><img loading=\"lazy\" decoding=\"async\" alt=\"\" src=\"https:\/\/secure.gravatar.com\/avatar\/9f10b5e5a102bf8cc0ebfb84f5ab5652?s=50&amp;d=mm&amp;r=g\" srcset=\"https:\/\/secure.gravatar.com\/avatar\/9f10b5e5a102bf8cc0ebfb84f5ab5652?s=100&amp;d=mm&amp;r=g 2x\" class=\"avatar avatar-50 photo\" height=\"50\" width=\"50\"\/><\/div>\n<div class=\"post-info-in\">\n<div class=\"post-info-right left relative post-info-name left relative\"><span itemprop=\"author\" itemscope=\"\" itemtype=\"https:\/\/schema.org\/Person\"><span class=\"post-info-text\">Par<\/span> <span class=\"author-name vcard fn author\" itemprop=\"name\"><a href=\"https:\/\/www.tunisienumerique.com\/author\/ramsis\/\" title=\"Articles par Ramsis\" rel=\"author\">Ramsis<\/a><\/span><\/span> <span class=\"post-date updated\"><time class=\"post-date updated\" itemprop=\"datePublished\" datetime=\"2020-09-23\">\u00a0| Il y a 9 minutes<\/time><\/span><\/div>\n<div class=\"left relative\"><button id=\"listenButton1\" class=\"responsivevoice-button\" type=\"button\" value=\"Play\" title=\"&#xC9;coutez l'article\"><span>\ud83d\udd0a \u00c9coutez l&rsquo;article<\/span><\/button> <\/div>\n<\/div>\n<\/div>\n<p>Le pr\u00e9sident d\u2019Ennahdha, Rached Ghannouchi, aurait selon des sources proches du bureau ex\u00e9cutif du parti, d\u00e9voil\u00e9, lors de la derni\u00e8re r\u00e9union du bureau, ses ambitions secr\u00e8tes, et expliqu\u00e9 pourquoi il tenait tant \u00e0 demeurer pr\u00e9sident du parti, pour un mandat suppl\u00e9mentaire, malgr\u00e9 que le r\u00e8glement int\u00e9rieur d\u2019Ennahdha l\u2019interdise.<\/p>\n<div class=\"code-block code-block-1 c4\"><ins class=\"adsbygoogle c3\" data-ad-layout=\"in-article\" data-ad-format=\"fluid\" data-ad-client=\"ca-pub-2102118777505746\" data-ad-slot=\"7301775417\"\/> <\/div>\n<p>Selon ces sources, Ghannouchi aurait confi\u00e9 aux membres du bureau ex\u00e9cutif de \u00ab\u00a0son\u00a0\u00bb parti, que s\u2019il tenait, absolument, \u00e0 rempiler \u00e0 la t\u00eate du parti, pour un troisi\u00e8me mandat successif, ce n\u2019\u00e9tait point par simple ent\u00eatement ou caprice, mais qu\u2019il voulait rester pr\u00e9sident du parti jusqu\u2019aux prochaines \u00e9lections g\u00e9n\u00e9rales en Tunisie, o\u00f9 il va se pr\u00e9senter aux pr\u00e9sidentielles.<\/p>\n<p>Apr\u00e8s, a-t-il expliqu\u00e9 \u00e0 ses lieutenants, ils peuvent s\u2019approprier le parti.<\/p>\n<p>Quant \u00e0 la question de savoir pourquoi il n\u2019a pas brigu\u00e9 la pr\u00e9sidence en 2019, il semblerait qu\u2019il lui a \u00e9t\u00e9 d\u00e9conseill\u00e9 de le faire, y compris par ses plus proches alli\u00e9s, notamment Erdogan, \u00e0 cause d\u2019une certaine r\u00e9ticence de l\u2019entourage g\u00e9opolitique de la Tunisie, et de certaines puissances qui n\u2019\u00e9taient pas d\u2019accord pour que le pr\u00e9sident des fr\u00e8res musulmans \u00e0 Tunis, acc\u00e8de \u00e0 la pr\u00e9sidence de la R\u00e9publique.<\/p>\n<p>Il semblerait, aussi, que c\u2019est la d\u00e9licatesse du sujet, et l\u2019envie de Ghannouchi de taire ses ambitions jusqu\u2019au dernier moment, qui ont fait que les attaques de ses lieutenants, notamment les cent signataires de la lettre lui demandant de ne pas se pr\u00e9senter \u00e0 l\u2019\u00e9lection du pr\u00e9sident du parti, l\u2019ont, tant, emb\u00eat\u00e9, au point qu\u2019il les a qualifi\u00e9 de putschistes. Il a expliqu\u00e9 qu\u2019il ne concevait pas que, bien qu\u2019il soit pr\u00e9sident du parti, cents dirigeants se r\u00e9unissent et prennent des d\u00e9cisions aussi graves sans qu\u2019il n\u2019en soit tenu au courant.<\/p>\n<div class=\"swp_social_panel swp_horizontal_panel swp_flat_fresh swp_default_full_color swp_individual_full_color swp_other_full_color scale-100 scale-\" data-min-width=\"1100\" data-float-color=\"#ffffff\" data-float=\"bottom\" data-float-mobile=\"bottom\" data-transition=\"slide\">\n<div class=\"nc_tweetContainer swp_share_button total_shares total_sharesalt\"><span class=\"swp_count\">8 <span class=\"swp_label\">Partages<\/span><\/span><\/div>\n<\/div>\n<p><strong>Que se passe-t-il en Tunisie?<\/strong><br \/>Nous expliquons sur notre <a href=\"https:\/\/www.youtube.com\/channel\/UCRzypVq0B_yBad5eGrwBx0Q?sub_confirmation=1\" target=\"_blank\" rel=\"noopener noreferrer\">cha\u00eene YouTube<\/a> . <a href=\"https:\/\/www.youtube.com\/channel\/UCRzypVq0B_yBad5eGrwBx0Q?sub_confirmation=1\" target=\"_blank\" rel=\"noopener noreferrer\">Abonnez-vous!<\/a><\/p>\n<div class=\"mvp-org-wrap mvp-org-logo\" itemprop=\"publisher\" itemscope=\"\" itemtype=\"https:\/\/schema.org\/Organization\"><img decoding=\"async\" src=\"https:\/\/www.tunisienumerique.com\/wp-content\/uploads\/2017\/02\/logo_tunisie_numerique.png\"\/><\/div>\n<div class=\"mvp-related-posts left relative\">\n<h4 class=\"post-header\"><span class=\"post-header\">Lire aussi<\/span><\/h4>\n<\/div>\n<div id=\"article-ad\"><ins class=\"adsbygoogle c5\" data-ad-client=\"ca-pub-2102118777505746\" data-ad-slot=\"6513972734\" data-ad-format=\"auto\" data-full-width-responsive=\"true\"\/> <\/div>\n<\/div>\n<div id=\"post-sidebar-wrap\"><ins class=\"adsbygoogle c5\" data-ad-client=\"ca-pub-2102118777505746\" data-ad-slot=\"6168283410\" data-ad-format=\"auto\" data-full-width-responsive=\"true\"\/> <\/div>\n<p>Auteur: Ramsis<br \/>\n<a href=\"https:\/\/www.tunisienumerique.com\/tunisie-ghannouchi-devoile-enfin-ses-ambitions-secretes\/\">Cliquez ici pour lire l&rsquo;article depuis sa source.<\/a><\/p>\n","protected":false},"excerpt":{"rendered":"<p>Par Ramsis \u00a0| Il y a 9 minutes \ud83d\udd0a \u00c9coutez l&rsquo;article Le pr\u00e9sident d\u2019Ennahdha, Rached Ghannouchi, aurait selon des sources proches du bureau ex\u00e9cutif du parti, d\u00e9voil\u00e9, lors de la derni\u00e8re r\u00e9union du bureau, ses ambitions secr\u00e8tes, et expliqu\u00e9 pourquoi il tenait tant \u00e0 demeurer pr\u00e9sident du parti, pour un mandat suppl\u00e9mentaire, malgr\u00e9 que le [&hellip;]<\/p>\n","protected":false},"author":1789,"featured_media":0,"comment_status":"closed","ping_status":"closed","sticky":false,"template":"","format":"standard","meta":{"fifu_image_url":"","fifu_image_alt":"","footnotes":""},"categories":[73,55],"tags":[],"class_list":["post-99789","post","type-post","status-publish","format-standard","hentry","category-actualite","category-tunisie"],"_links":{"self":[{"href":"https:\/\/linitiative.ca\/International\/wp-json\/wp\/v2\/posts\/99789","targetHints":{"allow":["GET"]}}],"collection":[{"href":"https:\/\/linitiative.ca\/International\/wp-json\/wp\/v2\/posts"}],"about":[{"href":"https:\/\/linitiative.ca\/International\/wp-json\/wp\/v2\/types\/post"}],"author":[{"embeddable":true,"href":"https:\/\/linitiative.ca\/International\/wp-json\/wp\/v2\/users\/1789"}],"replies":[{"embeddable":true,"href":"https:\/\/linitiative.ca\/International\/wp-json\/wp\/v2\/comments?post=99789"}],"version-history":[{"count":0,"href":"https:\/\/linitiative.ca\/International\/wp-json\/wp\/v2\/posts\/99789\/revisions"}],"wp:attachment":[{"href":"https:\/\/linitiative.ca\/International\/wp-json\/wp\/v2\/media?parent=99789"}],"wp:term":[{"taxonomy":"category","embeddable":true,"href":"https:\/\/linitiative.ca\/International\/wp-json\/wp\/v2\/categories?post=99789"},{"taxonomy":"post_tag","embeddable":true,"href":"https:\/\/linitiative.ca\/International\/wp-json\/wp\/v2\/tags?post=99789"}],"curies":[{"name":"wp","href":"https:\/\/api.w.org\/{rel}","templated":true}]}}