{"id":99796,"date":"2020-09-23T16:11:28","date_gmt":"2020-09-23T20:11:28","guid":{"rendered":"https:\/\/linitiative.ca\/International\/transport-routier-la-modernisation-des-postes-de-peage-en-vue\/"},"modified":"2020-09-23T16:11:28","modified_gmt":"2020-09-23T20:11:28","slug":"transport-routier-la-modernisation-des-postes-de-peage-en-vue","status":"publish","type":"post","link":"https:\/\/linitiative.ca\/International\/transport-routier-la-modernisation-des-postes-de-peage-en-vue\/","title":{"rendered":"Transport routier  : la modernisation des postes de p\u00e9age en vue"},"content":{"rendered":"<div class=\"td-post-featured-image\"><a href=\"https:\/\/www.sidwaya.info\/wp-content\/uploads\/2020\/09\/1-56.jpg\" data-caption=\"\"><img loading=\"lazy\" decoding=\"async\" width=\"595\" height=\"396\" class=\"entry-thumb td-modal-image\" src=\"https:\/\/www.sidwaya.info\/wp-content\/uploads\/2020\/09\/1-56.jpg\" srcset=\"https:\/\/www.sidwaya.info\/wp-content\/uploads\/2020\/09\/1-56.jpg 595w, https:\/\/www.sidwaya.info\/wp-content\/uploads\/2020\/09\/1-56-300x200.jpg 300w\" sizes=\"auto, (max-width: 595px) 100vw, 595px\" alt=\"\" title=\"1\"\/><\/a><\/div>\n<p><strong>L\u2019hebdomadaire Conseil des ministres s\u2019est tenu, le mercredi 23 septembre 2020, sous la pr\u00e9sidence du chef de l\u2019Etat, Roch Marc Christian Kabor\u00e9. Plusieurs dossiers \u00e9taient sur la table du gouvernement.<\/strong><\/p>\n<p>Le gouvernement veut adapter le Sch\u00e9ma- directeur de l\u2019am\u00e9nagement du Grand Ouaga qui date de 1999 en r\u00e9alit\u00e9. Le dossier \u00e9tait sur la table de l\u2019ex\u00e9cutif, lors du Conseil des ministres du mercredi 23 septembre 2020. Pour le ministre de la Communication et des Relations avec le Parlement, Porte-parole du gouvernement, R\u00e9mis Fulgance Dandjinou, une \u00e9tude de r\u00e9vision de ce sch\u00e9ma s\u2019impose avec une projection de 5 millions d\u2019habitants en 2025. A l\u2019entendre, il s\u2019agit donc d\u2019avoir une organisation polycentrique, qui va se faire sur 12 points \u00e0 savoir des zones d\u2019urbanisation future, une technop\u00f4le, deux p\u00f4les d\u2019activit\u00e9s \u00e9conomiques, trois p\u00f4les industriels \u00e0 Tanghin-Dassouri, Koubri et Kossodo, deux produits agropastoraux \u00e0 Koubri et Loumbila, un club sportif \u00e0 Komsilga, des zones naturelles et agricoles, des zones de r\u00e9habilitation et de densification. \u00ab Il s\u2019agira des anciens quartiers de Ouagadougou, des zones d\u2019\u00e9co cultures, des abords des barrages de Ouagadougou et des zones de s\u00e9curit\u00e9 et de d\u00e9fense parce que les camps militaires sont en projet d\u2019\u00eatre sortis de la ville \u00bb, a-t-il pr\u00e9cis\u00e9.<\/p>\n<p>Le gouvernement a aussi adopt\u00e9 un d\u00e9cret portant autorisation de rectificatif du Code de coop\u00e9ration sign\u00e9 entre le Burkina Faso et la R\u00e9publique de Turquie. Quatre accords, a relev\u00e9 le ministre de la Communication, ont \u00e9t\u00e9 sign\u00e9s en octobre 2019 \u00e0 Ouagadougou dans les domaines de la sant\u00e9, de l\u2019agriculture, de la m\u00e9decine et du tourisme.<br \/>Pour le ministre Dandjinou, deux communications orales ont aussi \u00e9t\u00e9 faites au conseil. Ainsi, a-t-il not\u00e9, la ministre de la Sant\u00e9 a fait le point des r\u00e9sultats du Forum national sur la COVID-19, tenu le mardi 22 septembre 2020 \u00e0 Ouagadougou, avec deux points fondamentaux.<\/p>\n<div class=\"td-a-rec td-a-rec-id-content_inline tdi_30_b0c td_block_template_1\"><img loading=\"lazy\" decoding=\"async\" class=\"aligncenter size-full wp-image-21314\" src=\"https:\/\/www.sidwaya.info\/wp-content\/uploads\/2020\/04\/Bandeau-Covid-19-Sidwaya-1.jpg\" alt=\"\" width=\"790\" height=\"98\"\/><\/div>\n<p>Il a cit\u00e9 le rappel du respect des mesures-barri\u00e8res et le financement des plans r\u00e9gionaux qui doivent \u00eatre \u00ab imp\u00e9rativement \u00bb acc\u00e9l\u00e9r\u00e9s. \u00ab Au titre de la solidarit\u00e9 de la lutte contre la COVID-19 et \u00e0 la date du 22 septembre 2020, nous avons re\u00e7u comme don en esp\u00e8ces au niveau du Tr\u00e9sor 2 990 266 534 F CFA \u00bb, a pr\u00e9cis\u00e9 le Porte-parole du gouvernement. Il a poursuivi que la deuxi\u00e8me communication orale est relative au lancement des travaux de modernisation de trois p\u00e9ages routiers du Burkina Faso, le 29 septembre 2020 \u00e0 D\u00e9dougou. A l\u2019entr\u00e9e de Bobo-Dioulasso, a laiss\u00e9 entendre M. Dandjinou, il s\u2019agira d\u2019un poste de p\u00e9age de neuf voies. Les deux autres qui seront construits dans ce premier lot concernent Tintilou \u00e0 la sortie de Ouagadougou (13 voies d\u2019acc\u00e8s RN1) et Pouytenga \u00e0 la sortie de Fada (13 voies d\u2019acc\u00e8s). Sur les questions d\u2019actualit\u00e9, M. Dandjinou a fait savoir que concernant la destruction d\u2019une mosqu\u00e9e dans le quartier Panzanni \u00e0 Ouagadougou, le ministre en charge des cultes a pris en charge la situation.<\/p>\n<p>\u00ab Le gouvernement insiste pour que la lumi\u00e8re soit faite sur la r\u00e9alit\u00e9 juridique de cette question \u00bb, a-t-il soutenu, avant d\u2019appeler les acteurs au calme et \u00e0 la retenue.<\/p>\n<p class=\"c1\"><strong>Jean-Marie TOE<\/strong><br \/><strong>Alimatou COMPAORE<\/strong><br \/><strong>(Stagiaire)<\/strong><\/p>\n<div class=\"td-a-rec td-a-rec-id-content_bottom tdi_31_516 td_block_template_1\"><img loading=\"lazy\" decoding=\"async\" class=\"aligncenter size-full wp-image-22415\" src=\"https:\/\/www.sidwaya.info\/wp-content\/uploads\/2020\/05\/Bandeau-paiement-mobile-site.png\" alt=\"\" width=\"728\" height=\"90\"\/><\/div>\n<p>Auteur: BM. Sidwaya<br \/>\n<a href=\"https:\/\/www.sidwaya.info\/blog\/2020\/09\/23\/transport-routier-la-modernisation-des-postes-de-peage-en-vue\/\">Cliquez ici pour lire l&rsquo;article depuis sa source.<\/a><\/p>\n","protected":false},"excerpt":{"rendered":"<p>L\u2019hebdomadaire Conseil des ministres s\u2019est tenu, le mercredi 23 septembre 2020, sous la pr\u00e9sidence du chef de l\u2019Etat, Roch Marc Christian Kabor\u00e9. Plusieurs dossiers \u00e9taient sur la table du gouvernement. Le gouvernement veut adapter le Sch\u00e9ma- directeur de l\u2019am\u00e9nagement du Grand Ouaga qui date de 1999 en r\u00e9alit\u00e9. Le dossier \u00e9tait sur la table de [&hellip;]<\/p>\n","protected":false},"author":1816,"featured_media":99797,"comment_status":"closed","ping_status":"closed","sticky":false,"template":"","format":"standard","meta":{"fifu_image_url":"","fifu_image_alt":"","footnotes":""},"categories":[73,81],"tags":[],"class_list":["post-99796","post","type-post","status-publish","format-standard","has-post-thumbnail","hentry","category-actualite","category-burkina-faso"],"_links":{"self":[{"href":"https:\/\/linitiative.ca\/International\/wp-json\/wp\/v2\/posts\/99796","targetHints":{"allow":["GET"]}}],"collection":[{"href":"https:\/\/linitiative.ca\/International\/wp-json\/wp\/v2\/posts"}],"about":[{"href":"https:\/\/linitiative.ca\/International\/wp-json\/wp\/v2\/types\/post"}],"author":[{"embeddable":true,"href":"https:\/\/linitiative.ca\/International\/wp-json\/wp\/v2\/users\/1816"}],"replies":[{"embeddable":true,"href":"https:\/\/linitiative.ca\/International\/wp-json\/wp\/v2\/comments?post=99796"}],"version-history":[{"count":0,"href":"https:\/\/linitiative.ca\/International\/wp-json\/wp\/v2\/posts\/99796\/revisions"}],"wp:featuredmedia":[{"embeddable":true,"href":"https:\/\/linitiative.ca\/International\/wp-json\/"}],"wp:attachment":[{"href":"https:\/\/linitiative.ca\/International\/wp-json\/wp\/v2\/media?parent=99796"}],"wp:term":[{"taxonomy":"category","embeddable":true,"href":"https:\/\/linitiative.ca\/International\/wp-json\/wp\/v2\/categories?post=99796"},{"taxonomy":"post_tag","embeddable":true,"href":"https:\/\/linitiative.ca\/International\/wp-json\/wp\/v2\/tags?post=99796"}],"curies":[{"name":"wp","href":"https:\/\/api.w.org\/{rel}","templated":true}]}}