{"id":99798,"date":"2020-09-23T16:14:31","date_gmt":"2020-09-23T20:14:31","guid":{"rendered":"https:\/\/linitiative.ca\/International\/le-defi-des-reseaux-sociaux\/"},"modified":"2020-09-23T16:14:31","modified_gmt":"2020-09-23T20:14:31","slug":"le-defi-des-reseaux-sociaux","status":"publish","type":"post","link":"https:\/\/linitiative.ca\/International\/le-defi-des-reseaux-sociaux\/","title":{"rendered":"Le d\u00e9fi des r\u00e9seaux sociaux"},"content":{"rendered":"<div class=\"td-post-featured-image\"><a href=\"https:\/\/www.sidwaya.info\/wp-content\/uploads\/2020\/09\/autre-regard.jpg\" data-caption=\"\"><img loading=\"lazy\" decoding=\"async\" width=\"696\" height=\"501\" class=\"entry-thumb td-modal-image\" src=\"https:\/\/www.sidwaya.info\/wp-content\/uploads\/2020\/09\/autre-regard-696x501.jpg\" srcset=\"https:\/\/www.sidwaya.info\/wp-content\/uploads\/2020\/09\/autre-regard-696x501.jpg 696w, https:\/\/www.sidwaya.info\/wp-content\/uploads\/2020\/09\/autre-regard-300x216.jpg 300w, https:\/\/www.sidwaya.info\/wp-content\/uploads\/2020\/09\/autre-regard-584x420.jpg 584w, https:\/\/www.sidwaya.info\/wp-content\/uploads\/2020\/09\/autre-regard.jpg 709w\" sizes=\"auto, (max-width: 696px) 100vw, 696px\" alt=\"\" title=\"autre regard\"\/><\/a><\/div>\n<p>La Commission \u00e9lectorale nationale ind\u00e9pendante (CENI) a clos, le mardi 22 septembre 2020 \u00e0 23h59, la r\u00e9ception des listes de candidats aux \u00e9lections l\u00e9gislatives du 22 novembre 2020, en attendant de \u00ab boucler \u00bb celle des candidatures \u00e0 la pr\u00e9sidentielle, le 2 octobre. Au sein des partis et formations politiques, mais aussi des regroupements de candidats ind\u00e9pendants, l\u2019heure est \u00e0 la pr\u00e9paration, en attendant la validation des candidatures. Certes, la pr\u00e9campagne a d\u00e9but\u00e9 depuis belle lurette, mais le d\u00e9fi majeur pour l\u2019ensemble des acteurs reste le d\u00e9roulement d\u2019une campagne apais\u00e9e.<\/p>\n<p>En effet, si les p\u00e9riodes des campagnes \u00e9lectorales sont reconnues comme des moments privil\u00e9gi\u00e9s d\u2019empoignades de tous types, la crainte r\u00e9side surtout dans les propos diffamatoires ou injurieux et parfois mensongers, \u00e0 m\u00eame de porter atteinte \u00e0 la dignit\u00e9 de l\u2019adversaire politique. De fa\u00e7on g\u00e9n\u00e9rale, la ma\u00eetrise du ton dans les discours dans les m\u00e9dias classiques (presse \u00e9crite, radio et t\u00e9l\u00e9vision), est du ressort du Conseil sup\u00e9rieur de la communication (CSC). Reste que les \u00e9missions interactives \u00e9chappent au contr\u00f4le instantan\u00e9 puisque c\u2019est apr\u00e8s coup qu\u2019on constate les \u00ab d\u00e9g\u00e2ts \u00bb.<\/p>\n<p>Le CSC doit donc pr\u00e9venir les d\u00e9rapages des auditeurs et t\u00e9l\u00e9spectateurs, en maximisant sur la sensibilisation avant le d\u00e9but de la campagne \u00e9lectorale, mais aussi et surtout sur la formation des animateurs de ces diff\u00e9rentes \u00e9missions afin qu\u2019ils puissent mieux encadrer les d\u00e9bats. Le chantier le plus titanesque porte sur la gestion des r\u00e9seaux sociaux, notamment Facebook, devenu un v\u00e9ritable no man\u2019s land sous nos cieux. A longueur de journ\u00e9e, les coups bas et autres attaques des plus virulentes sont publi\u00e9es sur ce r\u00e9seau social. A la lumi\u00e8re des r\u00e9centes auditions d\u2019internautes faites par les services judiciaires, les r\u00e9seaux sociaux sont devenus un d\u00e9versoir public d\u2019insanit\u00e9s et de propos haineux. Au-del\u00e0 du CSC, les partis politiques ont donc du pain sur la planche, parce que le r\u00f4le leur revient en premier, d\u2019\u00e9duquer et de sensibiliser leurs militants et sympathisants.<\/p>\n<div class=\"td-a-rec td-a-rec-id-content_inline tdi_30_f64 td_block_template_1\"><img loading=\"lazy\" decoding=\"async\" class=\"aligncenter size-full wp-image-21314\" src=\"https:\/\/www.sidwaya.info\/wp-content\/uploads\/2020\/04\/Bandeau-Covid-19-Sidwaya-1.jpg\" alt=\"\" width=\"790\" height=\"98\"\/><\/div>\n<p>La virulence sur les r\u00e9seaux sociaux est donc un couteau \u00e0 double tranchant, ce d\u2019autant plus qu\u2019on peut s\u2019en servir pour d\u00e9truire l\u2019adversaire, en un seul clic. Elle peut servir \u00e0 ruiner votre carri\u00e8re politique, votre vie et par ricochet, celle de vos proches. Par cons\u00e9quent, la responsabilit\u00e9 est collective d\u2019\u0153uvrer \u00e0 une campagne \u00e9lectorale apais\u00e9e o\u00f9 la force de l\u2019argument et la solidit\u00e9 du programme et du projet de soci\u00e9t\u00e9 primeront sur les attaques cibl\u00e9es dans le sordide but de nuire \u00e0 l\u2019autre, de \u00ab casser \u00bb sa popularit\u00e9. Depuis l\u2019insurrection populaire d\u2019octobre 2014, l\u2019\u00e9veil des consciences a pris du galon dans notre pays.<\/p>\n<p>C\u2019est dire que les Burkinab\u00e8 disposent d\u2019une lucidit\u00e9 de plus en plus grande dans le choix de leurs dirigeants et repr\u00e9sentants. Il est donc plus judicieux de chercher \u00e0 les convaincre avec la solidit\u00e9 de son projet de soci\u00e9t\u00e9 plut\u00f4t que par tout autre moyen. En attendant, les services judiciaires, la police et la gendarmerie doivent veiller au grain pour d\u00e9celer et entendre ceux qui s\u2019adonneront \u00e0 ce jeu malsain d\u2019attaques cibl\u00e9es sur les r\u00e9seaux sociaux. La maturit\u00e9 d\u2019une d\u00e9mocratie et la grandeur de ses acteurs se mesurent aussi \u00e0 cette \u00e9tape importante de la vie d\u2019une nation qui a choisi la voie des urnes pour d\u00e9signer les repr\u00e9sentants de son peuple. Le bon perdant, c\u2019est celui qui sait reconna\u00eetre la victoire de son adversaire et le f\u00e9liciter d\u2019avoir gagn\u00e9.<\/p>\n<p class=\"c1\"><strong>Jean-Marie TOE<\/strong><\/p>\n<div class=\"td-a-rec td-a-rec-id-content_bottom tdi_31_ef6 td_block_template_1\"><img loading=\"lazy\" decoding=\"async\" class=\"aligncenter size-full wp-image-22415\" src=\"https:\/\/www.sidwaya.info\/wp-content\/uploads\/2020\/05\/Bandeau-paiement-mobile-site.png\" alt=\"\" width=\"728\" height=\"90\"\/><\/div>\n<p>Auteur: BM. Sidwaya<br \/>\n<a href=\"https:\/\/www.sidwaya.info\/blog\/2020\/09\/23\/le-defi-des-reseaux-sociaux\/\">Cliquez ici pour lire l&rsquo;article depuis sa source.<\/a><\/p>\n","protected":false},"excerpt":{"rendered":"<p>La Commission \u00e9lectorale nationale ind\u00e9pendante (CENI) a clos, le mardi 22 septembre 2020 \u00e0 23h59, la r\u00e9ception des listes de candidats aux \u00e9lections l\u00e9gislatives du 22 novembre 2020, en attendant de \u00ab boucler \u00bb celle des candidatures \u00e0 la pr\u00e9sidentielle, le 2 octobre. Au sein des partis et formations politiques, mais aussi des regroupements de [&hellip;]<\/p>\n","protected":false},"author":1816,"featured_media":99799,"comment_status":"closed","ping_status":"closed","sticky":false,"template":"","format":"standard","meta":{"fifu_image_url":"","fifu_image_alt":"","footnotes":""},"categories":[73,81],"tags":[],"class_list":["post-99798","post","type-post","status-publish","format-standard","has-post-thumbnail","hentry","category-actualite","category-burkina-faso"],"_links":{"self":[{"href":"https:\/\/linitiative.ca\/International\/wp-json\/wp\/v2\/posts\/99798","targetHints":{"allow":["GET"]}}],"collection":[{"href":"https:\/\/linitiative.ca\/International\/wp-json\/wp\/v2\/posts"}],"about":[{"href":"https:\/\/linitiative.ca\/International\/wp-json\/wp\/v2\/types\/post"}],"author":[{"embeddable":true,"href":"https:\/\/linitiative.ca\/International\/wp-json\/wp\/v2\/users\/1816"}],"replies":[{"embeddable":true,"href":"https:\/\/linitiative.ca\/International\/wp-json\/wp\/v2\/comments?post=99798"}],"version-history":[{"count":0,"href":"https:\/\/linitiative.ca\/International\/wp-json\/wp\/v2\/posts\/99798\/revisions"}],"wp:featuredmedia":[{"embeddable":true,"href":"https:\/\/linitiative.ca\/International\/wp-json\/"}],"wp:attachment":[{"href":"https:\/\/linitiative.ca\/International\/wp-json\/wp\/v2\/media?parent=99798"}],"wp:term":[{"taxonomy":"category","embeddable":true,"href":"https:\/\/linitiative.ca\/International\/wp-json\/wp\/v2\/categories?post=99798"},{"taxonomy":"post_tag","embeddable":true,"href":"https:\/\/linitiative.ca\/International\/wp-json\/wp\/v2\/tags?post=99798"}],"curies":[{"name":"wp","href":"https:\/\/api.w.org\/{rel}","templated":true}]}}