{"id":99800,"date":"2020-09-23T16:18:58","date_gmt":"2020-09-23T20:18:58","guid":{"rendered":"https:\/\/linitiative.ca\/International\/conseil-des-ministres-du-23-09-2020\/"},"modified":"2020-09-23T16:18:58","modified_gmt":"2020-09-23T20:18:58","slug":"conseil-des-ministres-du-23-09-2020","status":"publish","type":"post","link":"https:\/\/linitiative.ca\/International\/conseil-des-ministres-du-23-09-2020\/","title":{"rendered":"Conseil des ministres du 23-09-2020"},"content":{"rendered":"<div class=\"td-post-featured-image\"><a href=\"https:\/\/www.sidwaya.info\/wp-content\/uploads\/2020\/09\/amoirie.jpg\" data-caption=\"\"><img loading=\"lazy\" decoding=\"async\" width=\"696\" height=\"464\" class=\"entry-thumb td-modal-image\" src=\"https:\/\/www.sidwaya.info\/wp-content\/uploads\/2020\/09\/amoirie-696x464.jpg\" srcset=\"https:\/\/www.sidwaya.info\/wp-content\/uploads\/2020\/09\/amoirie-696x464.jpg 696w, https:\/\/www.sidwaya.info\/wp-content\/uploads\/2020\/09\/amoirie-300x200.jpg 300w, https:\/\/www.sidwaya.info\/wp-content\/uploads\/2020\/09\/amoirie-630x420.jpg 630w, https:\/\/www.sidwaya.info\/wp-content\/uploads\/2020\/09\/amoirie.jpg 765w\" sizes=\"auto, (max-width: 696px) 100vw, 696px\" alt=\"\" title=\"amoirie\"\/><\/a><\/div>\n<p><strong>Le Conseil des ministres s\u2019est tenu \u00e0 Ouagadougou, le mercredi 23 septembre 2020,\u2028en s\u00e9ance ordinaire, de 09 H 05 mn \u00e0 15 H 00 mn, sous la pr\u00e9sidence de Son Excellence Monsieur Roch Marc Christian KABORE, Pr\u00e9sident du Faso, Pr\u00e9sident du Conseil des ministres. Il a d\u00e9lib\u00e9r\u00e9 sur les dossiers inscrits \u00e0 son ordre du jour, entendu des communications orales,\u2028proc\u00e9d\u00e9 \u00e0 des nominations\u2028et autoris\u00e9 des missions \u00e0 l\u2019\u00e9tranger.<\/strong><\/p>\n<p><strong>I. DELIBERATIONS<\/strong><\/p>\n<p><strong>I.1. AU TITRE DE LA REFORME DES INSTITUTIONS ET DE LA MODERNISATION DE L\u2019ADMINISTRATION, LE CONSEIL A ADOPTE NEUF (09) RAPPORTS.<\/strong><\/p>\n<div class=\"td-a-rec td-a-rec-id-content_inline tdi_30_fd1 td_block_template_1\"><img loading=\"lazy\" decoding=\"async\" class=\"aligncenter size-full wp-image-21314\" src=\"https:\/\/www.sidwaya.info\/wp-content\/uploads\/2020\/04\/Bandeau-Covid-19-Sidwaya-1.jpg\" alt=\"\" width=\"790\" height=\"98\"\/><\/div>\n<p>I.1.1. Pour le compte du minist\u00e8re des Affaires \u00e9trang\u00e8res et de la coop\u00e9ration :<br \/>\u2013 un d\u00e9cret portant autorisation de ratification des accords de coop\u00e9ration sign\u00e9s entre le Burkina Faso et la R\u00e9publique de Turquie, lors de la deuxi\u00e8me session de la commission mixte de coop\u00e9ration, tenue les 02 et 03 octobre 2019 \u00e0 Ouagadougou.<br \/>Ces accords concernent les domaines de l\u2019agriculture, de la sant\u00e9, du tourisme et de l\u2019\u00e9ducation.<br \/>L\u2019adoption de ce d\u00e9cret permet la ratification de ces quatre accords de coop\u00e9ration entre notre pays et la R\u00e9publique de Turquie.<\/p>\n<p>I.1.2. Pour le compte du minist\u00e8re de l\u2019Economie, des finances et du d\u00e9veloppement :<br \/>\u2013 une ordonnance portant autorisation de ratification de la convention de cr\u00e9dit CBF 1320 01V sign\u00e9e le 18 juin 2020 entre le gouvernement du Burkina Faso et l\u2019Agence fran\u00e7aise de d\u00e9veloppement (AFD) pour le financement du Programme Y\u00e9leen.<br \/>Le Programme Y\u00e9leen est un projet d\u2019investissement pour le d\u00e9veloppement du secteur de l\u2019\u00e9nergie au Burkina Faso.<br \/>D\u2019un montant de 49,20 milliards de F CFA, ce financement est compos\u00e9 d\u2019un pr\u00eat de 45,92 milliards de F CFA et d\u2019une subvention de 3,28 milliards de F CFA de l\u2019Agence fran\u00e7aise de d\u00e9veloppement.<br \/>Ce financement s\u2019inscrit dans la r\u00e9alisation de la premi\u00e8re phase du Programme Y\u00e9leen pr\u00e9vue pour une dur\u00e9e de 8 ans (2018-2025) dont le co\u00fbt total est de 92,88 milliards de F CFA. Cette premi\u00e8re phase du programme a pour objectif de doter la Soci\u00e9t\u00e9 nationale burkinab\u00e8 d\u2019\u00e9lectricit\u00e9 (SONABEL) d\u2019une capacit\u00e9 de production de l\u2019\u00e9lectricit\u00e9 photovolta\u00efque suppl\u00e9mentaire de 50 MW, d\u2019un r\u00e9seau de distribution densifi\u00e9 et de capacit\u00e9s modernis\u00e9es de gestion de ses \u00e9quipements et de d\u00e9velopper l\u2019\u00e9lectrification rurale d\u2019origine solaire hors r\u00e9seau.<br \/>\u2013 un projet de loi portant organisation et r\u00e8glementation des activit\u00e9s statistiques.<br \/>Ce projet de loi permettra \u00e0 notre pays de s\u2019adapter aux nouvelles exigences du domaine des statistiques et d\u2019avoir un syst\u00e8me statistique plus performant.<br \/>Le Conseil a marqu\u00e9 son accord pour la transmission dudit projet de loi \u00e0 l\u2019Assembl\u00e9e nationale.<br \/>\u2013 une ordonnance portant autorisation de ratification de l\u2019accord de pr\u00eat N\u00b02100150042348, conclu le 11 ao\u00fbt 2020 entre le Burkina Faso et le Fonds africain de d\u00e9veloppement (FAD) pour le financement du Programme d\u2019appui en r\u00e9ponse \u00e0 la crise de la COVID-19 dans les pays du G5 Sahel (PARC COVID-19 \u2013 G5 Sahel).<br \/>D\u2019un montant de 20 000 000 d\u2019Unit\u00e9 de compte (UC), soit 15 800 000 000 de F CFA, ce financement sous forme de pr\u00eat vise \u00e0 soutenir le Burkina Faso dans la phase de riposte sanitaire et sociale \u00e0 la pand\u00e9mie de la COVID-19 et \u00e0 contribuer \u00e0 l\u2019att\u00e9nuation des risques macro\u00e9conomiques de la pand\u00e9mie.<br \/>\u2013 un projet de loi de r\u00e8glement et projet du compte g\u00e9n\u00e9ral de l\u2019administration des finances au titre du budget de l\u2019Etat, exercice 2019.<br \/>Au terme de l\u2019ex\u00e9cution des lois de finances, exercice 2019, le compte de r\u00e9sultat budg\u00e9taire se pr\u00e9sente comme suit :<br \/>Les recettes au titre du budget g\u00e9n\u00e9ral, exercice 2019 se sont \u00e9tablies \u00e0<br \/>mille huit cent cinq milliards cent cinquante-cinq millions huit cent soixante-huit mille cinq cent cinquante-deux (1 805 155 868 552) F CFA contre des d\u00e9penses de deux mille cent trente-sept milliards six cent trente millions neuf cent dix mille trois cent soixante-dix (2 137 630 910 370) F CFA. Il se d\u00e9gage ainsi un d\u00e9ficit de trois cent trente-deux milliards quatre cent soixante-quinze millions quarante un mille huit cent dix-huit (332 475 041 818) F CFA.<br \/>Quant au r\u00e9sultat des comptes d\u2019affectation sp\u00e9ciale, il se chiffre \u00e0<br \/>cinquante-neuf milliards quatre cent huit millions deux cent quarante-cinq mille quatre cent deux (59 408 245 402) F CFA.<br \/>En ce qui concerne le projet de loi de r\u00e8glement au titre du budget de l\u2019Etat, exercice 2019, le r\u00e9sultat indique un d\u00e9ficit de deux cent soixante-treize milliards soixante-six millions sept cent quatre-vingt-seize mille quatre cent seize (273 066 796 416) F CFA contre un d\u00e9ficit de trois cent trente-huit milliards cent seize millions quatre-vingt-un mille huit cent quatre-vingt-onze (338 116 081 891) F CFA en 2018, soit une am\u00e9lioration de soixante- cinq milliards quarante-neuf millions deux cent quatre-vingt-cinq mille quatre cent soixante-quinze (65 049 285 475) F CFA en 2019.<br \/>Le Conseil a marqu\u00e9 son accord pour la transmission dudit projet de loi \u00e0 l\u2019Assembl\u00e9e nationale.<\/p>\n<p>I.1.3. Pour le compte du minist\u00e8re de la Fonction publique, du travail et de la protection sociale :<br \/>\u2013 un d\u00e9cret portant autorisation de recrutement, \u00e0 titre d\u00e9rogatoire, d\u2019agents en activit\u00e9 \u00e0 la Direction des infrastructures et de l\u2019\u00e9quipement pour le compte de la Pr\u00e9sidence du Faso.<br \/>Suite \u00e0 l\u2019audit organisationnel et financier de la Pr\u00e9sidence du Faso effectu\u00e9 en 2015 par l\u2019Autorit\u00e9 sup\u00e9rieure de contr\u00f4le d\u2019Etat et de lutte contre la corruption (ASCE-LC), quarante-huit (48) agents en situation administrative irr\u00e9guli\u00e8re exer\u00e7aient \u00e0 la Direction des infrastructures et de l\u2019\u00e9quipement pour le compte de la Pr\u00e9sidence du Faso.<br \/>L\u2019adoption de ce d\u00e9cret permet le recrutement \u00e0 titre d\u00e9rogatoire, de 19 de ces agents en activit\u00e9 \u00e0 la Direction des infrastructures et de l\u2019\u00e9quipement pour le compte de la Pr\u00e9sidence du Faso.<br \/>Le Conseil a \u00e9galement instruit les ministres en charge du dossier de prendre les dispositions idoines en vue du r\u00e8glement des droits l\u00e9gaux et des dommages des 26 autres agents civils et militaires de cette direction ne pouvant pas \u00eatre int\u00e9gr\u00e9s pour d\u00e9passement de l\u2019\u00e2ge d\u2019int\u00e9gration \u00e0 la Fonction publique d\u2019Etat.<br \/>\u2013 un d\u00e9cret portant autorisation d\u2019engagement \u00e0 titre exceptionnel d\u2019agents contractuels en activit\u00e9 \u00e0 la Direction g\u00e9n\u00e9rale des transports terrestre et maritime (DGTTM) pour le compte du minist\u00e8re des Transports, de la mobilit\u00e9 urbaine et de la s\u00e9curit\u00e9 routi\u00e8re.<br \/>Pour soutenir son fonctionnement, la DGTTM avait recrut\u00e9 vingt-trois (23) agents contractuels dont les salaires \u00e9taient pay\u00e9s \u00e0 partir des ressources du Fonds d\u2019\u00e9quipement cr\u00e9\u00e9 \u00e0 son profit en 2006.<br \/>Suite aux r\u00e9formes op\u00e9r\u00e9es en 2018 par le gouvernement relatives \u00e0 la gestion de ce fonds, la prise en charge des salaires de ces contractuels se pose avec acuit\u00e9.<br \/>Sur les 23 agents contractuels recrut\u00e9s, vingt (20) remplissent les conditions requises pour \u00eatre int\u00e9gr\u00e9s \u00e0 la Fonction publique d\u2019Etat.<br \/>L\u2019adoption de ce d\u00e9cret permet d\u2019int\u00e9grer ces 20 agents contractuels de la DGTTM \u00e0 titre d\u00e9rogatoire, conform\u00e9ment aux dispositions de la loi n\u00b0081-2015\/CNT du 24 novembre 2015 portant statut g\u00e9n\u00e9ral de la Fonction publique d\u2019Etat.<\/p>\n<p>I.1.6. Pour le compte du minist\u00e8re de l\u2019Urbanisme et de l\u2019habitat :<br \/>\u2013 un d\u00e9cret portant approbation du Sch\u00e9ma directeur d\u2019am\u00e9nagement du Grand Ouaga (SDAGO), horizon 2025.<br \/>Ce d\u00e9cret fait suite \u00e0 la r\u00e9vision du Sch\u00e9ma directeur d\u2019am\u00e9nagement du Grand Ouaga. Mise en \u0153uvre depuis 2017, le SDAGO a rencontr\u00e9 de nombreuses difficult\u00e9s qui ont \u00e9t\u00e9 des goulots d\u2019\u00e9tranglement \u00e0 sa r\u00e9alisation effective.<br \/>L\u2019adoption de ce d\u00e9cret vise une meilleure organisation de l\u2019espace dans le Grand Ouaga et une ma\u00eetrise de son d\u00e9veloppement.<\/p>\n<p>I.1.7. Pour le compte du minist\u00e8re de la Culture, des arts et du tourisme :<br \/>\u2013 un rapport relatif \u00e0 une proposition de bapt\u00eame du Centre national d\u2019artisanat d\u2019art (CNAA) en Centre national de formation en artisanat d\u2019art Birigui Julien OUEDRAOGO (CNFAA-BJO).<br \/>Le Conseil a marqu\u00e9 son accord pour le bapt\u00eame du Centre national d\u2019artisanat d\u2019art (CNAA) en Centre national de formation en artisanat d\u2019art Birigui Julien OUEDRAOGO (CNFAA-BJO).<\/p>\n<p>II. COMMUNICATIONS ORALES<\/p>\n<p>II.1. Le ministre d\u2019Etat, ministre de l\u2019Administration territoriale, de la d\u00e9centralisation et de la coh\u00e9sion sociale a pr\u00e9sent\u00e9 au Conseil la situation li\u00e9e \u00e0 la destruction d\u2019une mosqu\u00e9e dans le quartier Panzani dans l\u2019arrondissement n\u00b009 de Ouagadougou.<br \/>Le Conseil appelle les protagonistes au calme, \u00e0 la retenue afin qu\u2019une solution qui garantisse l\u2019effectivit\u00e9 des droits et le respect de la libert\u00e9 de culte soit trouv\u00e9e au b\u00e9n\u00e9fice de la coh\u00e9sion sociale et de la paix.<\/p>\n<p>II.2. Le ministre des Affaires \u00e9trang\u00e8res et de la coop\u00e9ration a fait au Conseil le point de la visite de travail du Pr\u00e9sident du Faso, Son Excellence Monsieur Roch Marc Christian KABORE, le 17 septembre 2020 \u00e0 Abuja.<br \/>Cette visite a permis au Pr\u00e9sident du Faso et au Pr\u00e9sident de la R\u00e9publique f\u00e9d\u00e9rale du Nig\u00e9ria, Son Excellence Monsieur Muhammadu BUHARI de passer en revue la coop\u00e9ration bilat\u00e9rale et d\u2019\u00e9changer sur des sujets d\u2019int\u00e9r\u00eat commun. Les deux Chefs d\u2019Etat ont r\u00e9affirm\u00e9 la n\u00e9cessit\u00e9 de renforcer et de consolider cette coop\u00e9ration.<\/p>\n<p>II.3. Le ministre de l\u2019Education nationale, de l\u2019alphab\u00e9tisation et de la promotion des langues nationales a fait au Conseil le point des pr\u00e9paratifs de la rentr\u00e9e scolaire 2020-2021 dans les structures \u00e9ducatives.<br \/>Une feuille de route a \u00e9t\u00e9 \u00e9labor\u00e9e pour assurer un bon d\u00e9roulement de l\u2019ann\u00e9e scolaire 2020-2021.<\/p>\n<p>II.4. Le ministre de la Sant\u00e9 a pr\u00e9sent\u00e9 au Conseil les conclusions du Forum national sur la COVID-19, tenu le 22 septembre 2020 \u00e0 Ouagadougou.<br \/>Les participants se sont f\u00e9licit\u00e9s de l\u2019engagement communautaire indispensable pour contenir la propagation de la COVID-19 et ont appel\u00e9 au financement des plans r\u00e9gionaux de riposte et au respect des mesures barri\u00e8res.<\/p>\n<p>II.5. Le ministre des Infrastructures a inform\u00e9 le Conseil du lancement le<br \/>29 septembre 2020 \u00e0 Kot\u00e9dougou (commune de Bobo-Dioulasso), des travaux de modernisation des p\u00e9ages routiers du Burkina Faso.<\/p>\n<p><strong>III. NOMINATIONS<\/strong><\/p>\n<p><strong>III.1. NOMINATIONS DANS LES FONCTIONS INDIVIDUELLES<\/strong><\/p>\n<p><strong>A. AU TITRE DU MINISTERE DES AFFAIRES ETRANGERES ET DE LA COOPERATION<\/strong><br \/>\u2013 \u00a0Madame Hortense Marie Marthe ZIDA\/KANKYONO, Mle 29 444 P, Conseiller en sciences et techniques de l\u2019information et de la communication, 1\u00e8re classe, 14\u00e8me \u00e9chelon, est nomm\u00e9e Attach\u00e9e de presse pr\u00e8s l\u2019Ambassade Mission permanente du Burkina Faso \u00e0 Gen\u00e8ve (Suisse) ;<br \/>\u2013 \u00a0Monsieur J\u00e9r\u00e9mie NION, Mle 78 662 P, Conseiller de presse, 1\u00e8re classe, 10\u00e8me \u00e9chelon, est nomm\u00e9 Attach\u00e9 de presse pr\u00e8s l\u2019Ambassade repr\u00e9sentation permanente du Burkina Faso \u00e0 Bruxelles (Belgique);<br \/>\u2013 \u00a0Monsieur Lacin\u00e9 GANAME, Mle 117 387 M, Conseiller en sciences et techniques de l\u2019information et de la communication, 1\u00e8re classe, 4\u00e8me \u00e9chelon, est nomm\u00e9 Attach\u00e9 de presse \u00e0 l\u2019Ambassade du Burkina Faso \u00e0 Abidjan (C\u00f4te d\u2019Ivoire).<\/p>\n<p><strong>B. AU TITRE DU MINISTERE DE LA SECURITE<\/strong><br \/>\u2013 \u00a0Monsieur Dagnidoma Alphonse YODA, Mle 217558 C, Commissaire principal de police, grade 2, 2\u00e8me \u00e9chelon, est nomm\u00e9 Directeur r\u00e9gional de la police nationale du Centre-Ouest;<br \/>\u2013 \u00a0Monsieur Wendkouni Barth\u00e9lemy YANOGO, Mle 111 487 C, Commissaire de police, 2\u00e8me classe,<br \/>4\u00e8me \u00e9chelon, est nomm\u00e9 Directeur r\u00e9gional de la police nationale du Plateau-Central.<\/p>\n<p><strong>C. AU TITRE DU MINISTERE DE LA JUSTICE<\/strong><br \/>\u2013 Monsieur Amidou ZERBO, Mle 113 366 X, Inspecteur de s\u00e9curit\u00e9 p\u00e9nitentiaire, 1er grade, 3\u00e8me \u00e9chelon, est nomm\u00e9 Directeur du Centre d\u2019\u00e9ducation et de r\u00e9insertion des mineurs en conflit avec la loi (CERMICOL).<\/p>\n<p><strong>D. AU TITRE DU MINISTERE DE L\u2019ECONOMIE, DES FINANCES ET DU DEVELOPPEMENT<\/strong><br \/>\u2013 \u00a0Monsieur Boukary Jean Baptiste de la Salle BEREHOUNDOUGOU, Mle 49 690 P, Inspecteur des douanes, 3\u00e8me grade, 3\u00e8me \u00e9chelon, est nomm\u00e9 Charg\u00e9 de Missions ;<br \/>\u2013 \u00a0Monsieur Adama NANA, Mle 49 366 S, Inspecteur divisionnaire des douanes, 3\u00e8me grade, 3\u00e8me \u00e9chelon, est nomm\u00e9 Inspecteur technique principal ;<br \/>\u2013 \u00a0Monsieur Salekou ZAHI, Mle 49 359 U, Inspecteur des douanes, 3\u00e8me grade, 2\u00e8me \u00e9chelon, est nomm\u00e9 Inspecteur technique ;<br \/>\u2013 \u00a0Monsieur Issa ZAN, Mle 49 360 F, Inspecteur divisionnaire des douanes, 3\u00e8me grade, 1er \u00e9chelon, est nomm\u00e9 Inspecteur technique ;<br \/>\u2013 \u00a0Monsieur Amadou OUEDRAOGO, Mle 51 962 V, Inspecteur des douanes, 3\u00e8me grade, 3\u00e8me \u00e9chelon, est nomm\u00e9 Inspecteur \u2028technique ;<br \/>\u2013 \u00a0Monsieur Tensibri Paul SAWADOGO, Mle 49 372 V, Inspecteur \u2028divisionnaire des douanes, 3\u00e8me grade, 3\u00e8me \u00e9chelon, est nomm\u00e9 \u2028Directeur du personnel et de la logistique ;<br \/>\u2013 \u00a0Monsieur Robert KONTOGOM, Mle 51965 F, Inspecteur \u2028divisionnaire des douanes, 3\u00e8me grade, 2\u00e8me \u00e9chelon, est nomm\u00e9 Directeur des r\u00e9gimes \u00e9conomiques et particuliers ;<br \/>\u2013 \u00a0Monsieur Victorien ZOUGRANA, Mle 49 362 V, Inspecteur des douanes, 3\u00e8me grade, 3\u00e8me \u00e9chelon, est nomm\u00e9 Directeur de la r\u00e8glementation de la facilitation et de la coop\u00e9ration douani\u00e8re ;<br \/>\u2013 \u00a0Monsieur Oumaro OUEDRAOGO, Mle 51 967 P, Inspecteur divisionnaire des douanes, 2\u00e8me grade, 5\u00e8me \u00e9chelon, est nomm\u00e9 Directeur de la lutte contre la fraude et de la surveillance du territoire ;<br \/>\u2013 \u00a0Monsieur Michel OUEDRAOGO, Mle 51964 S, Inspecteur divisionnaire des douanes, 3\u00e8me grade, 2\u00e8me \u00e9chelon, est nomm\u00e9 Directeur de la valeur, de l\u2019analyse du risque et du renseignement;<br \/>\u2013 \u00a0Monsieur Mika\u00eflou DIARRA, Mle 49370 S, Inspecteur divisionnaire des douanes, grade terminal, 2\u00e8me \u00e9chelon, est nomm\u00e9 Directeur de l\u2019information et des statistiques ;<br \/>\u2013 Monsieur Alidou OUEDRAOGO, Mle 51963 F, Inspecteur divisionnaire des douanes, 3\u00e8me grade, 2\u00e8me \u00e9chelon, est nomm\u00e9 Directeur de la comptabilit\u00e9 douani\u00e8re ;<br \/>\u2013 \u00a0Monsieur Issa NANA, Mle 51 971 P, Inspecteur divisionnaire des douanes, 3\u00e8me grade, 2\u00e8me \u00e9chelon, est nomm\u00e9 Directeur r\u00e9gional des douanes du Centre ;<br \/>\u2013 \u00a0Monsieur Moulaye DEMBELE, Mle 51974 F, Inspecteur divisionnaire des douanes, 3\u00e8me grade, 2\u00e8me \u00e9chelon, est nomm\u00e9 Directeur r\u00e9gional des douanes du Centre-Est ;<br \/>\u2013 \u00a0Madame Pulch\u00e9rie Domm\u00e8kil\u00e8 DABIRE\/SOMDA, Mle 51 968 R, Inspecteur des douanes, classe interm\u00e9diaire, 5\u00e8me \u00e9chelon, est nomm\u00e9e Directrice r\u00e9gionale des douanes du Centre-Sud ;<br \/>\u2013 \u00a0Monsieur Siaka ZOU, Mle 49 369 E, Inspecteur divisionnaire des douanes, 3\u00e8me grade, 2\u00e8me \u00e9chelon, est nomm\u00e9 Directeur r\u00e9gional des douanes de l\u2019Est;<br \/>\u2013 \u00a0Monsieur Victor ILBOUDO, Mle 51973 V, Inspecteur divisionnaire des douanes, classe terminale, 2\u00e8me \u00e9chelon, est nomm\u00e9 Directeur r\u00e9gional des douanes du Nord ;<br \/>\u2013 \u00a0Monsieur Nab Alexis DABIRE, Mle 51975 S, Inspecteur divisionnaire des douanes, classe terminale, 3\u00e8me \u00e9chelon, est nomm\u00e9 Directeur r\u00e9gional des douanes de l\u2019Ouest ;<br \/>\u2013 \u00a0Monsieur Franck Eric Joel OUEDRAOGO, Mle 51976 P, Inspecteur divisionnaire des douanes, classe terminale, 3\u00e8me classe, 2\u00e8me \u00e9chelon, est nomm\u00e9 Directeur r\u00e9gional des douanes du Sud-Ouest.<\/p>\n<p><strong>E. AU TITRE DU MINISTERE DE LA FEMME, DE LA SOLIDARITE NATIONLE, DE LA FAMILLE ET DE L\u2019ACTION HUMANITAIRE<\/strong><br \/>\u2013 Monsieur Ars\u00e8ne Ratalignian OUEDRAOGO, Mle 91 680 H, 1\u00e8re classe, 2\u00e8me \u00e9chelon, Administrateur des services financiers, est nomm\u00e9 Directeur de l\u2019administration et des finances du Secr\u00e9tariat permanent du Conseil national de lutte contre la pratique de l\u2019excision (SP\/CNLPE).<\/p>\n<p><strong>F. AU TITRE DU MINISTERE DE LA JEUNESSE ET DE LA PROMOTION DE L\u2019ENTREPRENEURIAT DES JEUNES<\/strong><br \/>\u2013 Monsieur Pierre OUEDRAOGO, Mle 211 786 X, Conseiller de jeunesse et d\u2019\u00e9ducation permanente, 1\u00e8re classe, 7\u00e8me \u00e9chelon, est nomm\u00e9 Secr\u00e9taire g\u00e9n\u00e9ral du Centre de formation professionnelle de r\u00e9f\u00e9rence de Ziniar\u00e9.<\/p>\n<p><strong>G. AU TITRE DU MINISTERE DE LA CULTURE, DES ARTS ET DU TOURISME<\/strong><br \/>\u2013 Monsieur Ousmane DJIGUEMDE, Mle 37289 F, Conseiller d\u2019administration scolaire et universitaire, 1\u00e8re classe, 5\u00e8me \u00e9chelon, est nomm\u00e9 Secr\u00e9taire technique de l\u2019Institut des peuples noirs (ST- IPN).<\/p>\n<p><strong>III.2. NOMINATIONS DANS LES CONSEILS D\u2019ADMINISTRATION<\/strong><br \/>Le Conseil a proc\u00e9d\u00e9 \u00e0 la nomination d\u2019Administrateurs aux Conseils d\u2019administration :<br \/>\u2013 \u00a0de l\u2019Ecole polytechnique de Ouagadougou (EPO) au titre du minist\u00e8re de l\u2019Enseignement sup\u00e9rieur, de la recherche scientifique et de l\u2019innovation ;<br \/>\u2013 \u00a0du Bureau des mines et de la g\u00e9ologie du Burkina (BUMIGEB) au titre du minist\u00e8re des Mines et des carri\u00e8res. \u2028La liste de ces nominations sera publi\u00e9e dans le Journal Officiel du Burkina Faso.<\/p>\n<p><strong>III.2. NOMINATIONS DANS LES CONSEILS D\u2019ADMINISTRATION<\/strong><\/p>\n<p><strong>A. MINISTERE DE L\u2019ENSEIGNEMENT SUPERIEUR, DE LA RECHERCHE SCIENTIFIQUE ET DE L\u2019INNOVATION<\/strong><\/p>\n<p>Le Conseil a adopt\u00e9 deux (02) d\u00e9crets.<\/p>\n<p>Le premier d\u00e9cret nomme Monsieur Kibsa Issaka NONG-NOGO, Mle 225 600 A, Ing\u00e9nieur de l\u2019\u00e9nergie, Administrateur repr\u00e9sentant l\u2019Etat au titre du minist\u00e8re de l\u2019Energie au Conseil d\u2019administration de l\u2019Ecole polytechnique de Ouagadougou (EPO) pour un premier mandat de trois (03) ans en remplacement de Monsieur Bruno KORGO.<\/p>\n<p>Le second d\u00e9cret nomme Monsieur Maurice SAWADOGO, Mle 95 141 Z, Instituteur certifi\u00e9, Administrateur repr\u00e9sentant le personnel administratif, technique, ouvrier et de soutien (ATOS) au Conseil d\u2019administration de l\u2019Ecole polytechnique de Ouagadougou (EPO) pour un premier mandat de trois (03) ans.<\/p>\n<p><strong>B. MINISTERE DES MINES ET DES CARRIERES<\/strong><br \/>Le Conseil a adopt\u00e9 un d\u00e9cret portant nomination de Monsieur Abdoulaye OUEDRAOGO, Mle 28138 B, Administrateur civil, Administrateur repr\u00e9sentant l\u2019Etat au titre de la Primature au Conseil d\u2019administration du Bureau des mines et de la g\u00e9ologie du Burkina (BUMIGEB) pour un premier mandat de trois (03) ans.<\/p>\n<p>Le Ministre de la Communication et des Relations avec le Parlement, Porte-parole du gouvernement<\/p>\n<p class=\"c1\"><strong>R\u00e9mis Fulgance DANDJINOU<\/strong><br \/><strong>Officier de l\u2019Ordre national<\/strong><\/p>\n<div class=\"td-a-rec td-a-rec-id-content_bottom tdi_31_b56 td_block_template_1\"><img loading=\"lazy\" decoding=\"async\" class=\"aligncenter size-full wp-image-22415\" src=\"https:\/\/www.sidwaya.info\/wp-content\/uploads\/2020\/05\/Bandeau-paiement-mobile-site.png\" alt=\"\" width=\"728\" height=\"90\"\/><\/div>\n<p>Auteur: BM. Sidwaya<br \/>\n<a href=\"https:\/\/www.sidwaya.info\/blog\/2020\/09\/23\/conseil-des-ministres-du-23-09-2020\/\">Cliquez ici pour lire l&rsquo;article depuis sa source.<\/a><\/p>\n","protected":false},"excerpt":{"rendered":"<p>Le Conseil des ministres s\u2019est tenu \u00e0 Ouagadougou, le mercredi 23 septembre 2020,\u2028en s\u00e9ance ordinaire, de 09 H 05 mn \u00e0 15 H 00 mn, sous la pr\u00e9sidence de Son Excellence Monsieur Roch Marc Christian KABORE, Pr\u00e9sident du Faso, Pr\u00e9sident du Conseil des ministres. Il a d\u00e9lib\u00e9r\u00e9 sur les dossiers inscrits \u00e0 son ordre du [&hellip;]<\/p>\n","protected":false},"author":1816,"featured_media":99801,"comment_status":"closed","ping_status":"closed","sticky":false,"template":"","format":"standard","meta":{"fifu_image_url":"","fifu_image_alt":"","footnotes":""},"categories":[73,81],"tags":[],"class_list":["post-99800","post","type-post","status-publish","format-standard","has-post-thumbnail","hentry","category-actualite","category-burkina-faso"],"_links":{"self":[{"href":"https:\/\/linitiative.ca\/International\/wp-json\/wp\/v2\/posts\/99800","targetHints":{"allow":["GET"]}}],"collection":[{"href":"https:\/\/linitiative.ca\/International\/wp-json\/wp\/v2\/posts"}],"about":[{"href":"https:\/\/linitiative.ca\/International\/wp-json\/wp\/v2\/types\/post"}],"author":[{"embeddable":true,"href":"https:\/\/linitiative.ca\/International\/wp-json\/wp\/v2\/users\/1816"}],"replies":[{"embeddable":true,"href":"https:\/\/linitiative.ca\/International\/wp-json\/wp\/v2\/comments?post=99800"}],"version-history":[{"count":0,"href":"https:\/\/linitiative.ca\/International\/wp-json\/wp\/v2\/posts\/99800\/revisions"}],"wp:featuredmedia":[{"embeddable":true,"href":"https:\/\/linitiative.ca\/International\/wp-json\/"}],"wp:attachment":[{"href":"https:\/\/linitiative.ca\/International\/wp-json\/wp\/v2\/media?parent=99800"}],"wp:term":[{"taxonomy":"category","embeddable":true,"href":"https:\/\/linitiative.ca\/International\/wp-json\/wp\/v2\/categories?post=99800"},{"taxonomy":"post_tag","embeddable":true,"href":"https:\/\/linitiative.ca\/International\/wp-json\/wp\/v2\/tags?post=99800"}],"curies":[{"name":"wp","href":"https:\/\/api.w.org\/{rel}","templated":true}]}}