{"id":99806,"date":"2020-09-23T10:34:11","date_gmt":"2020-09-23T14:34:11","guid":{"rendered":"https:\/\/linitiative.ca\/International\/cameroun-la-liste-des-candidats-pour-les-elections-regionales-attendue-autour-du-7-octobre-2020\/"},"modified":"2020-09-23T10:34:11","modified_gmt":"2020-09-23T14:34:11","slug":"cameroun-la-liste-des-candidats-pour-les-elections-regionales-attendue-autour-du-7-octobre-2020","status":"publish","type":"post","link":"https:\/\/linitiative.ca\/International\/cameroun-la-liste-des-candidats-pour-les-elections-regionales-attendue-autour-du-7-octobre-2020\/","title":{"rendered":"Cameroun ; la liste des candidats pour les \u00e9lections r\u00e9gionales attendue autour du  7 octobre 2020"},"content":{"rendered":"<div readability=\"32\">\n<p>Publi\u00e9 le 23.09.2020 \u00e0 15h34 par Christian Djimadeu<\/p>\n<\/div>\n<div readability=\"45\">\n<h2 class=\"c6\">C\u2019est la prochaine \u00e9tape apr\u00e8s la cl\u00f4ture des d\u00e9p\u00f4ts de candidature le 22 septembre 2020 dans les antennes d\u00e9partementales et \u00e0 la Direction g\u00e9n\u00e9rale des \u00e9lections \u00e0 Yaound\u00e9.<\/h2>\n<p class=\"c7\">La marche vers les <strong>\u00e9lections r\u00e9gionales<\/strong> le 6 d\u00e9cembre 2020 est plus que jamais engag\u00e9e. Apr\u00e8s le d\u00e9p\u00f4t des candidatures, le Conseil \u00e9lectoral dispose de \u00a015 jours pour les examiner \u00e0 compter du 27 septembre prochain.<\/p>\n<p class=\"c7\">Le 7 octobre au plus tard, la liste des candidats retenus sera publi\u00e9e. D\u00e8s le 21 novembre 2020 ceux-ci entreront en campagne. La premier session de plein droit\u00a0 se tiendra le 22 d\u00e9cembre et les \u00e9lections le 6 d\u00e9cembre.<\/p>\n<p class=\"c7\">Chacune des dix r\u00e9gions du Cameroun comptera 90 Conseillers, dont <strong>70 repr\u00e9sentants de d\u00e9partement<\/strong> et 20\u00a0 <strong>repr\u00e9sentants du commandement traditionnel<\/strong>. La r\u00e9partition \u00a0par d\u00e9partement de ces cat\u00e9gories de Conseillers r\u00e9gionaux a \u00e9t\u00e9 fix\u00e9e r\u00e9cemment par d\u00e9cret pr\u00e9sidentiel.<\/p>\n<\/div>\n<p>Auteur: Christian DJIMADEU<br \/>\n<a href=\"https:\/\/www.journalducameroun.com\/cameroun-la-liste-des-candidats-pour-les-elections-regionales-attendue-autour-du-7-octobre-2020-cameroun\/\">Cliquez ici pour lire l&rsquo;article depuis sa source.<\/a><\/p>\n","protected":false},"excerpt":{"rendered":"<p>Publi\u00e9 le 23.09.2020 \u00e0 15h34 par Christian Djimadeu C\u2019est la prochaine \u00e9tape apr\u00e8s la cl\u00f4ture des d\u00e9p\u00f4ts de candidature le 22 septembre 2020 dans les antennes d\u00e9partementales et \u00e0 la Direction g\u00e9n\u00e9rale des \u00e9lections \u00e0 Yaound\u00e9. La marche vers les \u00e9lections r\u00e9gionales le 6 d\u00e9cembre 2020 est plus que jamais engag\u00e9e. Apr\u00e8s le d\u00e9p\u00f4t des [&hellip;]<\/p>\n","protected":false},"author":1965,"featured_media":0,"comment_status":"closed","ping_status":"closed","sticky":false,"template":"","format":"standard","meta":{"fifu_image_url":"","fifu_image_alt":"","footnotes":""},"categories":[73,82],"tags":[],"class_list":["post-99806","post","type-post","status-publish","format-standard","hentry","category-actualite","category-cameroun"],"_links":{"self":[{"href":"https:\/\/linitiative.ca\/International\/wp-json\/wp\/v2\/posts\/99806","targetHints":{"allow":["GET"]}}],"collection":[{"href":"https:\/\/linitiative.ca\/International\/wp-json\/wp\/v2\/posts"}],"about":[{"href":"https:\/\/linitiative.ca\/International\/wp-json\/wp\/v2\/types\/post"}],"author":[{"embeddable":true,"href":"https:\/\/linitiative.ca\/International\/wp-json\/wp\/v2\/users\/1965"}],"replies":[{"embeddable":true,"href":"https:\/\/linitiative.ca\/International\/wp-json\/wp\/v2\/comments?post=99806"}],"version-history":[{"count":0,"href":"https:\/\/linitiative.ca\/International\/wp-json\/wp\/v2\/posts\/99806\/revisions"}],"wp:attachment":[{"href":"https:\/\/linitiative.ca\/International\/wp-json\/wp\/v2\/media?parent=99806"}],"wp:term":[{"taxonomy":"category","embeddable":true,"href":"https:\/\/linitiative.ca\/International\/wp-json\/wp\/v2\/categories?post=99806"},{"taxonomy":"post_tag","embeddable":true,"href":"https:\/\/linitiative.ca\/International\/wp-json\/wp\/v2\/tags?post=99806"}],"curies":[{"name":"wp","href":"https:\/\/api.w.org\/{rel}","templated":true}]}}