{"id":99807,"date":"2020-09-23T11:18:02","date_gmt":"2020-09-23T15:18:02","guid":{"rendered":"https:\/\/linitiative.ca\/International\/gaborone-leve-temporairement-linterdiction-dexportation-de-betail\/"},"modified":"2020-09-23T11:18:02","modified_gmt":"2020-09-23T15:18:02","slug":"gaborone-leve-temporairement-linterdiction-dexportation-de-betail","status":"publish","type":"post","link":"https:\/\/linitiative.ca\/International\/gaborone-leve-temporairement-linterdiction-dexportation-de-betail\/","title":{"rendered":"Gaborone l\u00e8ve temporairement l\u2019interdiction d\u2019exportation de b\u00e9tail"},"content":{"rendered":"<div readability=\"32\">\n<p>Publi\u00e9 le 23.09.2020 \u00e0 16h18 par APA News<\/p>\n<\/div>\n<div readability=\"58\">\n<p>Le Botswana a temporairement lev\u00e9 l\u2019interdiction d\u2019exporter du b\u00e9tail sur pied, ce qui permettra aux \u00e9leveurs locaux de vendre leurs animaux pour l\u2019abattage dans les pays voisins, a appris APA mercredi.Le porte-parole du minist\u00e8re du D\u00e9veloppement agricole et de la s\u00e9curit\u00e9 alimentaire, Boikhutso Rabasha, a d\u00e9clar\u00e9 que le gouvernement avait d\u00e9cid\u00e9 d\u2019autoriser les exportations de b\u00e9tail vivant pour les trois prochains mois.<\/p>\n<p>\u00a0\u00ab Le minist\u00e8re du D\u00e9veloppement agricole et de la s\u00e9curit\u00e9 alimentaire souhaite informer les agriculteurs et le grand public que le gouvernement a autoris\u00e9 l\u2019exportation de b\u00e9tail vivants destin\u00e9s \u00e0 l\u2019abattage du 1er octobre au 31 d\u00e9cembre 2020 \u00bb, a d\u00e9clar\u00e9 Rabasha dans un communiqu\u00e9 mercredi.<\/p>\n<p>\u00a0Le minist\u00e8re a d\u00e9clar\u00e9 que cette mesure fait partie des efforts visant \u00e0 lib\u00e9raliser le secteur de la viande bovine et \u00e0 mettre fin au monopole dont b\u00e9n\u00e9ficiait jusqu\u2019\u00e0 pr\u00e9sent la Commission de la viande du Botswana, qui est le seul exportateur de viande bovine du pays.<\/p>\n<p>\u00a0Cette d\u00e9cision intervient \u00e9galement alors que ce pays d\u2019Afrique australe lutte contre les effets d\u2019une s\u00e9cheresse d\u00e9vastatrice qui a s\u00e9vi en 2019\/20 et qui a entra\u00een\u00e9 une diminution des p\u00e2turages pour l\u2019\u00e9levage.<\/p>\n<p>\u00a0Au cours des trois prochains mois, les abattoirs priv\u00e9s int\u00e9ress\u00e9s par l\u2019exportation de viande bovine seront autoris\u00e9s \u00e0 vendre leur b\u00e9tail \u00e0 d\u2019autres pays.<\/p>\n<\/div>\n<p>Auteur: APA News<br \/>\n<a href=\"https:\/\/www.journalducameroun.com\/gaborone-leve-temporairement-linterdiction-dexportation-de-betail\/\">Cliquez ici pour lire l&rsquo;article depuis sa source.<\/a><\/p>\n","protected":false},"excerpt":{"rendered":"<p>Publi\u00e9 le 23.09.2020 \u00e0 16h18 par APA News Le Botswana a temporairement lev\u00e9 l\u2019interdiction d\u2019exporter du b\u00e9tail sur pied, ce qui permettra aux \u00e9leveurs locaux de vendre leurs animaux pour l\u2019abattage dans les pays voisins, a appris APA mercredi.Le porte-parole du minist\u00e8re du D\u00e9veloppement agricole et de la s\u00e9curit\u00e9 alimentaire, Boikhutso Rabasha, a d\u00e9clar\u00e9 que [&hellip;]<\/p>\n","protected":false},"author":1965,"featured_media":0,"comment_status":"closed","ping_status":"closed","sticky":false,"template":"","format":"standard","meta":{"fifu_image_url":"","fifu_image_alt":"","footnotes":""},"categories":[73,82],"tags":[],"class_list":["post-99807","post","type-post","status-publish","format-standard","hentry","category-actualite","category-cameroun"],"_links":{"self":[{"href":"https:\/\/linitiative.ca\/International\/wp-json\/wp\/v2\/posts\/99807","targetHints":{"allow":["GET"]}}],"collection":[{"href":"https:\/\/linitiative.ca\/International\/wp-json\/wp\/v2\/posts"}],"about":[{"href":"https:\/\/linitiative.ca\/International\/wp-json\/wp\/v2\/types\/post"}],"author":[{"embeddable":true,"href":"https:\/\/linitiative.ca\/International\/wp-json\/wp\/v2\/users\/1965"}],"replies":[{"embeddable":true,"href":"https:\/\/linitiative.ca\/International\/wp-json\/wp\/v2\/comments?post=99807"}],"version-history":[{"count":0,"href":"https:\/\/linitiative.ca\/International\/wp-json\/wp\/v2\/posts\/99807\/revisions"}],"wp:attachment":[{"href":"https:\/\/linitiative.ca\/International\/wp-json\/wp\/v2\/media?parent=99807"}],"wp:term":[{"taxonomy":"category","embeddable":true,"href":"https:\/\/linitiative.ca\/International\/wp-json\/wp\/v2\/categories?post=99807"},{"taxonomy":"post_tag","embeddable":true,"href":"https:\/\/linitiative.ca\/International\/wp-json\/wp\/v2\/tags?post=99807"}],"curies":[{"name":"wp","href":"https:\/\/api.w.org\/{rel}","templated":true}]}}