{"id":99808,"date":"2020-09-23T11:18:04","date_gmt":"2020-09-23T15:18:04","guid":{"rendered":"https:\/\/linitiative.ca\/International\/lunesco-proclame-trois-villes-marocaines-villes-apprenantes\/"},"modified":"2020-09-23T11:18:04","modified_gmt":"2020-09-23T15:18:04","slug":"lunesco-proclame-trois-villes-marocaines-villes-apprenantes","status":"publish","type":"post","link":"https:\/\/linitiative.ca\/International\/lunesco-proclame-trois-villes-marocaines-villes-apprenantes\/","title":{"rendered":"L\u2019UNESCO proclame trois villes marocaines \u00ab villes apprenantes \u00bb"},"content":{"rendered":"<div readability=\"32\">\n<p>Publi\u00e9 le 23.09.2020 \u00e0 16h18 par APA News<\/p>\n<\/div>\n<div readability=\"68\">\n<p>L\u2019Organisation des Nations unies pour l\u2019\u00e9ducation, la science et la culture (Unesco) a proclam\u00e9 les villes marocaines de La\u00e2youne, Bengu\u00e9rir et Chefchaouen \u00ab villes apprenantes \u00bb.Les trois villes marocaines rejoignent ainsi le r\u00e9seau mondial Unesco des villes apprenantes. L\u2019int\u00e9gration \u00e0 ce r\u00e9seau permettra aux trois villes marocaines de partager avec les autres villes leurs exp\u00e9riences en mati\u00e8re d\u2019\u00e9ducation, de formation et de recherche, mais \u00e9galement de b\u00e9n\u00e9ficier des meilleures pratiques et exp\u00e9riences r\u00e9ussies dans les domaines de la formation tout au long de la vie.<\/p>\n<p>Cette int\u00e9gration fait suite \u00e0 l\u2019appel \u00e0 candidatures lanc\u00e9 par l\u2019Institut de l\u2019Unesco pour l\u2019apprentissage tout au long de la vie (UIL) relatif \u00e0 l\u2019adh\u00e9sion au r\u00e9seau mondial Unesco des villes apprenantes (GNLC) \u2013 \u00e9dition 2020.<\/p>\n<p>La Commission nationale marocaine pour l\u2019\u00e9ducation, les sciences et la culture a accompagn\u00e9 les trois villes marocaines, \u00e0 savoir La\u00e2youne, Bengu\u00e9rir et Chefchaouen, durant la phase de pr\u00e9paration de leurs dossiers de candidature, et les a incit\u00e9es \u00e0 veiller scrupuleusement au respect des exigences arr\u00eat\u00e9es par l\u2019Unesco pour la s\u00e9lection les futurs candidats audit r\u00e9seau.<\/p>\n<p>Le r\u00e9seau des villes apprenantes a \u00e9t\u00e9 cr\u00e9\u00e9 conform\u00e9ment \u00e0 la \u00abd\u00e9claration de P\u00e9kin sur les villes apprenantes\u00bb adopt\u00e9e par la Conf\u00e9rence mondiale sur les villes apprenantes, tenue \u00e0 P\u00e9kin en Chine du 21 au 23 octobre 2013. Jusqu\u2019en 2019, ledit r\u00e9seau comportait 174 villes issues de 55 pays. Le Maroc ne l\u2019a int\u00e9gr\u00e9 qu\u2019en 2020 suite \u00e0 la s\u00e9lection r\u00e9cente des trois villes (La\u00e2youne, Bengu\u00e9rir et Chefchaouen).<\/p>\n<p>Le r\u00e9seau mondial Unesco des villes apprenantes valorise et d\u00e9veloppe la pratique de l\u2019apprentissage tout au long de la vie dans les villes de la plan\u00e8te. Il stimule le dialogue sur les politiques et l\u2019apprentissage mutuel entre les villes membres, forge des liens et partenariats, perfectionne les capacit\u00e9s et con\u00e7oit des instruments qui encouragent et reconnaissent les progr\u00e8s accomplis.<\/p>\n<\/div>\n<p>Auteur: APA News<br \/>\n<a href=\"https:\/\/www.journalducameroun.com\/lunesco-proclame-trois-villes-marocaines-villes-apprenantes\/\">Cliquez ici pour lire l&rsquo;article depuis sa source.<\/a><\/p>\n","protected":false},"excerpt":{"rendered":"<p>Publi\u00e9 le 23.09.2020 \u00e0 16h18 par APA News L\u2019Organisation des Nations unies pour l\u2019\u00e9ducation, la science et la culture (Unesco) a proclam\u00e9 les villes marocaines de La\u00e2youne, Bengu\u00e9rir et Chefchaouen \u00ab villes apprenantes \u00bb.Les trois villes marocaines rejoignent ainsi le r\u00e9seau mondial Unesco des villes apprenantes. L\u2019int\u00e9gration \u00e0 ce r\u00e9seau permettra aux trois villes marocaines [&hellip;]<\/p>\n","protected":false},"author":1965,"featured_media":0,"comment_status":"closed","ping_status":"closed","sticky":false,"template":"","format":"standard","meta":{"fifu_image_url":"","fifu_image_alt":"","footnotes":""},"categories":[73,82],"tags":[],"class_list":["post-99808","post","type-post","status-publish","format-standard","hentry","category-actualite","category-cameroun"],"_links":{"self":[{"href":"https:\/\/linitiative.ca\/International\/wp-json\/wp\/v2\/posts\/99808","targetHints":{"allow":["GET"]}}],"collection":[{"href":"https:\/\/linitiative.ca\/International\/wp-json\/wp\/v2\/posts"}],"about":[{"href":"https:\/\/linitiative.ca\/International\/wp-json\/wp\/v2\/types\/post"}],"author":[{"embeddable":true,"href":"https:\/\/linitiative.ca\/International\/wp-json\/wp\/v2\/users\/1965"}],"replies":[{"embeddable":true,"href":"https:\/\/linitiative.ca\/International\/wp-json\/wp\/v2\/comments?post=99808"}],"version-history":[{"count":0,"href":"https:\/\/linitiative.ca\/International\/wp-json\/wp\/v2\/posts\/99808\/revisions"}],"wp:attachment":[{"href":"https:\/\/linitiative.ca\/International\/wp-json\/wp\/v2\/media?parent=99808"}],"wp:term":[{"taxonomy":"category","embeddable":true,"href":"https:\/\/linitiative.ca\/International\/wp-json\/wp\/v2\/categories?post=99808"},{"taxonomy":"post_tag","embeddable":true,"href":"https:\/\/linitiative.ca\/International\/wp-json\/wp\/v2\/tags?post=99808"}],"curies":[{"name":"wp","href":"https:\/\/api.w.org\/{rel}","templated":true}]}}