{"id":99810,"date":"2020-09-23T16:18:02","date_gmt":"2020-09-23T20:18:02","guid":{"rendered":"https:\/\/linitiative.ca\/International\/le-deficit-budgetaire-plombe-les-activites-du-parlement-de-lafrique-de-lest\/"},"modified":"2020-09-23T16:18:02","modified_gmt":"2020-09-23T20:18:02","slug":"le-deficit-budgetaire-plombe-les-activites-du-parlement-de-lafrique-de-lest","status":"publish","type":"post","link":"https:\/\/linitiative.ca\/International\/le-deficit-budgetaire-plombe-les-activites-du-parlement-de-lafrique-de-lest\/","title":{"rendered":"Le d\u00e9ficit budg\u00e9taire plombe les activit\u00e9s du Parlement de l\u2019Afrique de l\u2019Est"},"content":{"rendered":"<div readability=\"32\">\n<p>Publi\u00e9 le 23.09.2020 \u00e0 21h18 par APA News<\/p>\n<\/div>\n<div readability=\"71\">\n<p>Les membres de l\u2019Assembl\u00e9e l\u00e9gislative d\u2019Afrique de l\u2019Est (EALA) ont suspendu tout d\u00e9bat sur le budget annuel 2020\/21, exigeant le paiement de leurs indemnit\u00e9s en retard depuis mars 2020, selon une correspondance officielle dont APA a obtenu copie mercredi.L\u2019Assembl\u00e9e l\u00e9gislative de l\u2019Afrique de l\u2019Est est un organe de la Communaut\u00e9 de l\u2019Afrique de l\u2019Est compos\u00e9e de l\u00e9gislateurs du Burundi, du Kenya, du Rwanda, du Sud Soudan, de l\u2019Ouganda et de la Tanzanie.\u00a0<\/p>\n<p>Les rapports indiquent que les indemnit\u00e9s non pay\u00e9es se sont accumul\u00e9es pour atteindre 2,5 millions de dollars, refl\u00e9tant le manque de liquidit\u00e9s auquel est confront\u00e9 le bloc r\u00e9gional.\u00a0<\/p>\n<p>Dans une lettre dat\u00e9e du 14 septembre adress\u00e9e au pr\u00e9sident de l\u2019EALA, Martin Ngoga, le pr\u00e9sident de la commission des questions g\u00e9n\u00e9rales, Denis Namara, a publi\u00e9 un avis suspendant ses r\u00e9unions jusqu\u2019\u00e0 ce que les questions soient trait\u00e9es.\u00a0<\/p>\n<p>\u00ab Lors de sa r\u00e9union du 14 septembre, la commission a d\u00e9cid\u00e9 de suspendre l\u2019examen des pr\u00e9visions budg\u00e9taires jusqu\u2019au paiement de tous les arri\u00e9r\u00e9s dus aux membres et au personnel pour les activit\u00e9s entreprises entre les mois de mars et juin 2020 \u00bb, peut-on lire dans la lettre de M. Namara.\u00a0<\/p>\n<p>Les d\u00e9put\u00e9s de l\u2019EALA souhaitent \u00e9galement \u00eatre pay\u00e9s pour toutes les s\u00e9ances qu\u2019ils ont entreprises apr\u00e8s le mois de juin, qui ont marqu\u00e9 le d\u00e9but de l\u2019exercice en cours.\u00a0<\/p>\n<p>La plupart des organes de la Commission est-africaine sont paralys\u00e9s, les employ\u00e9s ayant des millions de dollars d\u2019arri\u00e9r\u00e9s de salaires, suite \u00e0 un retard du budget annuel qui est cens\u00e9 avoir autoris\u00e9 le retrait des fonds.<\/p>\n<\/div>\n<p>Auteur: APA News<br \/>\n<a href=\"https:\/\/www.journalducameroun.com\/le-deficit-budgetaire-plombe-les-activites-du-parlement-de-lafrique-de-lest\/\">Cliquez ici pour lire l&rsquo;article depuis sa source.<\/a><\/p>\n","protected":false},"excerpt":{"rendered":"<p>Publi\u00e9 le 23.09.2020 \u00e0 21h18 par APA News Les membres de l\u2019Assembl\u00e9e l\u00e9gislative d\u2019Afrique de l\u2019Est (EALA) ont suspendu tout d\u00e9bat sur le budget annuel 2020\/21, exigeant le paiement de leurs indemnit\u00e9s en retard depuis mars 2020, selon une correspondance officielle dont APA a obtenu copie mercredi.L\u2019Assembl\u00e9e l\u00e9gislative de l\u2019Afrique de l\u2019Est est un organe [&hellip;]<\/p>\n","protected":false},"author":1965,"featured_media":0,"comment_status":"closed","ping_status":"closed","sticky":false,"template":"","format":"standard","meta":{"fifu_image_url":"","fifu_image_alt":"","footnotes":""},"categories":[73,82],"tags":[],"class_list":["post-99810","post","type-post","status-publish","format-standard","hentry","category-actualite","category-cameroun"],"_links":{"self":[{"href":"https:\/\/linitiative.ca\/International\/wp-json\/wp\/v2\/posts\/99810","targetHints":{"allow":["GET"]}}],"collection":[{"href":"https:\/\/linitiative.ca\/International\/wp-json\/wp\/v2\/posts"}],"about":[{"href":"https:\/\/linitiative.ca\/International\/wp-json\/wp\/v2\/types\/post"}],"author":[{"embeddable":true,"href":"https:\/\/linitiative.ca\/International\/wp-json\/wp\/v2\/users\/1965"}],"replies":[{"embeddable":true,"href":"https:\/\/linitiative.ca\/International\/wp-json\/wp\/v2\/comments?post=99810"}],"version-history":[{"count":0,"href":"https:\/\/linitiative.ca\/International\/wp-json\/wp\/v2\/posts\/99810\/revisions"}],"wp:attachment":[{"href":"https:\/\/linitiative.ca\/International\/wp-json\/wp\/v2\/media?parent=99810"}],"wp:term":[{"taxonomy":"category","embeddable":true,"href":"https:\/\/linitiative.ca\/International\/wp-json\/wp\/v2\/categories?post=99810"},{"taxonomy":"post_tag","embeddable":true,"href":"https:\/\/linitiative.ca\/International\/wp-json\/wp\/v2\/tags?post=99810"}],"curies":[{"name":"wp","href":"https:\/\/api.w.org\/{rel}","templated":true}]}}