{"id":99812,"date":"2020-09-23T13:54:21","date_gmt":"2020-09-23T17:54:21","guid":{"rendered":"https:\/\/linitiative.ca\/International\/eneo-offre-175-millions-de-f-de-materiel-medical-pour-lutter-contre-la-covid-19\/"},"modified":"2020-09-23T13:54:21","modified_gmt":"2020-09-23T17:54:21","slug":"eneo-offre-175-millions-de-f-de-materiel-medical-pour-lutter-contre-la-covid-19","status":"publish","type":"post","link":"https:\/\/linitiative.ca\/International\/eneo-offre-175-millions-de-f-de-materiel-medical-pour-lutter-contre-la-covid-19\/","title":{"rendered":"Eneo offre 175 millions de F de mat\u00e9riel m\u00e9dical pour lutter contre la Covid-19"},"content":{"rendered":"<div class=\"featured-area featured-area-inner\"><img loading=\"lazy\" decoding=\"async\" width=\"712\" height=\"534\" src=\"https:\/\/ecomatin.net\/wp-content\/uploads\/2020\/09\/FB_IMG_16008677506493819.jpg\" class=\"attachment-full size-full wp-post-image\" alt=\"\" srcset=\"https:\/\/ecomatin.net\/wp-content\/uploads\/2020\/09\/FB_IMG_16008677506493819.jpg 712w, https:\/\/ecomatin.net\/wp-content\/uploads\/2020\/09\/FB_IMG_16008677506493819-300x225.jpg 300w, https:\/\/ecomatin.net\/wp-content\/uploads\/2020\/09\/FB_IMG_16008677506493819-600x450.jpg 600w\" sizes=\"auto, (max-width: 712px) 100vw, 712px\" data-attachment-id=\"18633\" data-permalink=\"https:\/\/ecomatin.net\/eneo-offre-175-millions-de-f-de-materiel-medical-pour-lutter-contre-la-covid-19\/fb_img_16008677506493819\/\" data-orig-file=\"https:\/\/ecomatin.net\/wp-content\/uploads\/2020\/09\/FB_IMG_16008677506493819.jpg\" data-orig-size=\"712,534\" data-comments-opened=\"0\" data-image-meta=\"{&quot;aperture&quot;:&quot;0&quot;,&quot;credit&quot;:&quot;&quot;,&quot;camera&quot;:&quot;&quot;,&quot;caption&quot;:&quot;&quot;,&quot;created_timestamp&quot;:&quot;0&quot;,&quot;copyright&quot;:&quot;&quot;,&quot;focal_length&quot;:&quot;0&quot;,&quot;iso&quot;:&quot;0&quot;,&quot;shutter_speed&quot;:&quot;0&quot;,&quot;title&quot;:&quot;&quot;,&quot;orientation&quot;:&quot;0&quot;}\" data-image-title=\"FB_IMG_16008677506493819\" data-image-description=\"\" data-medium-file=\"https:\/\/ecomatin.net\/wp-content\/uploads\/2020\/09\/FB_IMG_16008677506493819-300x225.jpg\" data-large-file=\"https:\/\/ecomatin.net\/wp-content\/uploads\/2020\/09\/FB_IMG_16008677506493819.jpg\"\/><\/div>\n<div class=\"entry-content entry clearfix\" readability=\"38.142227122381\">\n<p>Le mardi 22 septembre, le ministre de la Sant\u00e9 publique Manaouda Malachie a re\u00e7u dans le cadre de la riposte contre le Coronavirus du mat\u00e9riel sanitaire offert par la soci\u00e9t\u00e9 de fourniture d\u2019\u00e9lectricit\u00e9 Energy of Cameroon (Eneo), repr\u00e9sent\u00e9 ici par son Directeur g\u00e9n\u00e9ral Eric Mansuy.<\/p>\n<p><strong>Lire aussi<\/strong> : <a href=\"https:\/\/ecomatin.net\/covid-19-eneo-reduit-de-21-milliards-son-budget-dinvestissement-en-2020\/\">Covid-19\u00a0: Eneo r\u00e9duit de 21 milliards son budget d\u2019investissement en 2020<\/a><\/p>\n<p>Chiffr\u00e9 \u00e0 pr\u00e8s de 175 millions de FCFA. Le don\u00a0\u00a0est reparti entre l\u2019h\u00f4pital g\u00e9n\u00e9ral de Douala qui re\u00e7oit 75 oxym\u00e8tres, 3 respirateurs de r\u00e9animation et 3 moniteurs multiparam\u00e9triques de r\u00e9animation\u00a0; celui de Yaound\u00e9 qui re\u00e7oit 50 oxym\u00e8tre de pouls, 2 respirateurs de r\u00e9animation et de soins intensifs, et 2 moniteurs multiparam\u00e9triques de r\u00e9animation. 10 communes d\u2019arrondissement abritant des sites sensibles de production d\u2019\u00e9lectricit\u00e9 sont aussi b\u00e9n\u00e9ficiaires du don d\u2019Eneo. Il s\u2019agit des communes de Meyomessala, Lagdo, Massock-Songloulou, Olamze, Kousseri, Bafoussam 3<sup>e<\/sup>, Limbe, Waza, Ed\u00e9a 2<sup>e<\/sup>\u00a0et Banyo. En plus des respirateurs, moniteurs multiparam\u00e9triques de r\u00e9animation, il faut aussi compter dans la dotation d\u2019Eneo des masques de protection et des gels hydro-alcooliques.<\/p>\n<p><strong>Lire aussi<\/strong> : Ene<a href=\"https:\/\/ecomatin.net\/eneo-et-laseelec-enterrent-la-hache-de-guerre\/\">o et l\u2019Aseelec enterrent la hache de guerre<\/a><\/p>\n<p>\u00ab\u00a0La volont\u00e9 d\u2019Eneo est d\u2019accompagner l\u2019Etat du Cameroun \u00e0 ma\u00eetriser davantage cette crise sanitaire sur l\u2019ensemble du territoire. Ces \u00e9quipements pourront renforcer le dispositif en place et\u00a0\u00a0plus tard, servir aux soins des autres types de maladies, prioritairement dans nos h\u00f4pitaux de r\u00e9f\u00e9rence\u00a0\u00bb, a d\u00e9clar\u00e9 Eric Mansuy, Directeur g\u00e9n\u00e9ral d\u2019Eneo. La c\u00e9r\u00e9monie du jour s\u2019est tenue\u00a0\u00a0en pr\u00e9sence du\u00a0Haut-commissaire\u00a0de Grande Bretagne au Cameroun,\u00a0S.E Rowan James LAXTON.<\/p>\n<div class=\"awac-wrapper awac widget posts-list-widget-11\">\n<h4 class=\"widget-title\">Le plus r\u00e9cent<\/h4>\n<\/div>\n<\/div>\n<p>Auteur: Eco Matin<br \/>\n<a href=\"https:\/\/ecomatin.net\/eneo-offre-175-millions-de-f-de-materiel-medical-pour-lutter-contre-la-covid-19\/\">Cliquez ici pour lire l&rsquo;article depuis sa source.<\/a><\/p>\n","protected":false},"excerpt":{"rendered":"<p>Le mardi 22 septembre, le ministre de la Sant\u00e9 publique Manaouda Malachie a re\u00e7u dans le cadre de la riposte contre le Coronavirus du mat\u00e9riel sanitaire offert par la soci\u00e9t\u00e9 de fourniture d\u2019\u00e9lectricit\u00e9 Energy of Cameroon (Eneo), repr\u00e9sent\u00e9 ici par son Directeur g\u00e9n\u00e9ral Eric Mansuy. Lire aussi : Covid-19\u00a0: Eneo r\u00e9duit de 21 milliards son [&hellip;]<\/p>\n","protected":false},"author":1969,"featured_media":99813,"comment_status":"closed","ping_status":"closed","sticky":false,"template":"","format":"standard","meta":{"fifu_image_url":"","fifu_image_alt":"","footnotes":""},"categories":[82,78],"tags":[],"class_list":["post-99812","post","type-post","status-publish","format-standard","has-post-thumbnail","hentry","category-cameroun","category-economie"],"_links":{"self":[{"href":"https:\/\/linitiative.ca\/International\/wp-json\/wp\/v2\/posts\/99812","targetHints":{"allow":["GET"]}}],"collection":[{"href":"https:\/\/linitiative.ca\/International\/wp-json\/wp\/v2\/posts"}],"about":[{"href":"https:\/\/linitiative.ca\/International\/wp-json\/wp\/v2\/types\/post"}],"author":[{"embeddable":true,"href":"https:\/\/linitiative.ca\/International\/wp-json\/wp\/v2\/users\/1969"}],"replies":[{"embeddable":true,"href":"https:\/\/linitiative.ca\/International\/wp-json\/wp\/v2\/comments?post=99812"}],"version-history":[{"count":0,"href":"https:\/\/linitiative.ca\/International\/wp-json\/wp\/v2\/posts\/99812\/revisions"}],"wp:featuredmedia":[{"embeddable":true,"href":"https:\/\/linitiative.ca\/International\/wp-json\/"}],"wp:attachment":[{"href":"https:\/\/linitiative.ca\/International\/wp-json\/wp\/v2\/media?parent=99812"}],"wp:term":[{"taxonomy":"category","embeddable":true,"href":"https:\/\/linitiative.ca\/International\/wp-json\/wp\/v2\/categories?post=99812"},{"taxonomy":"post_tag","embeddable":true,"href":"https:\/\/linitiative.ca\/International\/wp-json\/wp\/v2\/tags?post=99812"}],"curies":[{"name":"wp","href":"https:\/\/api.w.org\/{rel}","templated":true}]}}