{"id":99816,"date":"2020-09-23T15:42:55","date_gmt":"2020-09-23T19:42:55","guid":{"rendered":"https:\/\/linitiative.ca\/International\/le-quotidien-le-jour-sest-fait-cambriole\/"},"modified":"2020-09-23T15:42:55","modified_gmt":"2020-09-23T19:42:55","slug":"le-quotidien-le-jour-sest-fait-cambriole","status":"publish","type":"post","link":"https:\/\/linitiative.ca\/International\/le-quotidien-le-jour-sest-fait-cambriole\/","title":{"rendered":"Le quotidien Le Jour, s\u2019est fait cambriol\u00e9"},"content":{"rendered":"<div class=\"featured-area featured-area-inner\" readability=\"7\"><img loading=\"lazy\" decoding=\"async\" width=\"2560\" height=\"1920\" src=\"https:\/\/ecomatin.net\/wp-content\/uploads\/2020\/09\/20200923_170450-scaled.jpg\" class=\"attachment-full size-full wp-post-image\" alt=\"\" srcset=\"https:\/\/ecomatin.net\/wp-content\/uploads\/2020\/09\/20200923_170450-scaled.jpg 2560w, https:\/\/ecomatin.net\/wp-content\/uploads\/2020\/09\/20200923_170450-300x225.jpg 300w, https:\/\/ecomatin.net\/wp-content\/uploads\/2020\/09\/20200923_170450-1024x768.jpg 1024w, https:\/\/ecomatin.net\/wp-content\/uploads\/2020\/09\/20200923_170450-768x576.jpg 768w, https:\/\/ecomatin.net\/wp-content\/uploads\/2020\/09\/20200923_170450-1536x1152.jpg 1536w, https:\/\/ecomatin.net\/wp-content\/uploads\/2020\/09\/20200923_170450-2048x1536.jpg 2048w, https:\/\/ecomatin.net\/wp-content\/uploads\/2020\/09\/20200923_170450-600x450.jpg 600w\" sizes=\"auto, (max-width: 2560px) 100vw, 2560px\" data-attachment-id=\"18642\" data-permalink=\"https:\/\/ecomatin.net\/le-quotidien-le-jour-sest-fait-cambriole\/20200923_170450\/\" data-orig-file=\"https:\/\/ecomatin.net\/wp-content\/uploads\/2020\/09\/20200923_170450-scaled.jpg\" data-orig-size=\"2560,1920\" data-comments-opened=\"0\" data-image-meta=\"{&quot;aperture&quot;:&quot;1.9&quot;,&quot;credit&quot;:&quot;&quot;,&quot;camera&quot;:&quot;SM-J330FN&quot;,&quot;caption&quot;:&quot;&quot;,&quot;created_timestamp&quot;:&quot;1600880690&quot;,&quot;copyright&quot;:&quot;&quot;,&quot;focal_length&quot;:&quot;3.6&quot;,&quot;iso&quot;:&quot;125&quot;,&quot;shutter_speed&quot;:&quot;0.02&quot;,&quot;title&quot;:&quot;&quot;,&quot;orientation&quot;:&quot;1&quot;}\" data-image-title=\"20200923_170450\" data-image-description=\"\" data-medium-file=\"https:\/\/ecomatin.net\/wp-content\/uploads\/2020\/09\/20200923_170450-300x225.jpg\" data-large-file=\"https:\/\/ecomatin.net\/wp-content\/uploads\/2020\/09\/20200923_170450-1024x768.jpg\"\/> une vue du si\u00e8ge du quotidien Le Jour ce 23 septembre<\/div>\n<div class=\"entry-content entry clearfix\" readability=\"36.951679434296\">\n<p>Six laptots, six desktops,\u00a0un Power mac G4, quatre onduleurs, un \u00e9cran de t\u00e9l\u00e9vision, un poste radio, un c\u00e2ble pour connexion du groupe \u00e9lectrog\u00e8ne, une imprimante HP, \u00a0tel est le butin emport\u00e9 par des malfrats lors du cambriolage du si\u00e8ge du quotidien Le Jour dans la nuit du mardi 22 au mercredi 23 septembre. \u00a0<\/p>\n<p>A ces biens mat\u00e9riels, la direction du journal ajoute \u00e9galement les donn\u00e9es contenues dans les ordinateurs. Lesquelles se r\u00e9sument pour le directeur de publication, Haman Mana, \u00ab\u00a0\u00e0 treize ann\u00e9es de production\u00a0\u00bb, des \u00ab\u00a0photos stock\u00e9s par les journalistes\u00a0\u00bb, entre autres.<\/p>\n<p><strong>Lire aussi<\/strong> : <a href=\"https:\/\/ecomatin.net\/appui-de-letat-a-la-presse-privee-les-candidatures-sont-ouvertes-jusquau-29-mai-2020\/\">Appui de l\u2019Etat \u00e0 la presse priv\u00e9e les candidatures sont ouvertes jusqu\u2019au 29 mai 2020<\/a><\/p>\n<p>Les malfrats sont pass\u00e9s \u00e0 l\u2019acte aux environs de 2h du matin, car jusqu\u2019\u00e0 1h, il se trouvait encore du personnel dans les locaux, a-t-on appris sur place. Pour la direction, il s\u2019agit d\u2019un acte commandit\u00e9.\u00a0 \u00ab\u00a0Ce fait survient apr\u00e8s des menaces anonymes au t\u00e9l\u00e9phone contre certains journalistes du Jour\u00a0\u00bb.<\/p>\n<p>Le vol orchestr\u00e9 est de nature \u00e0 emp\u00eacher la parution d\u2019une nouvelle \u00e9dition du journal Le Jour jeudi. Des mesures sont prises par le top management pour trouver des alternatives. \u00ab\u00a0Pour le moment, nous sommes bras branlants, comme au jour o\u00f9 on a commenc\u00e9\u00a0\u00bb. Une plainte a \u00e9t\u00e9 d\u00e9pos\u00e9e ce jour contre inconnu \u00e0 la Direction r\u00e9gionale de la police judiciaire.<\/p>\n<p><strong>Lire aussi<\/strong> : <a href=\"https:\/\/ecomatin.net\/aide-publique-a-la-presse-privee-des-patrons-de-presse-critiquent-larrete-du-mincom\/\">Aide \u00e0 la presse priv\u00e9e\u00a0: des patrons de presse critiquent l\u2019arr\u00eat\u00e9 du Mincom<\/a><\/p>\n<div class=\"awac-wrapper awac widget posts-list-widget-11\">\n<h4 class=\"widget-title\">Le plus r\u00e9cent<\/h4>\n<\/div>\n<\/div>\n<p>Auteur: Eco Matin<br \/>\n<a href=\"https:\/\/ecomatin.net\/le-quotidien-le-jour-sest-fait-cambriole\/\">Cliquez ici pour lire l&rsquo;article depuis sa source.<\/a><\/p>\n","protected":false},"excerpt":{"rendered":"<p>une vue du si\u00e8ge du quotidien Le Jour ce 23 septembre Six laptots, six desktops,\u00a0un Power mac G4, quatre onduleurs, un \u00e9cran de t\u00e9l\u00e9vision, un poste radio, un c\u00e2ble pour connexion du groupe \u00e9lectrog\u00e8ne, une imprimante HP, \u00a0tel est le butin emport\u00e9 par des malfrats lors du cambriolage du si\u00e8ge du quotidien Le Jour dans [&hellip;]<\/p>\n","protected":false},"author":1969,"featured_media":99817,"comment_status":"closed","ping_status":"closed","sticky":false,"template":"","format":"standard","meta":{"fifu_image_url":"","fifu_image_alt":"","footnotes":""},"categories":[82,78],"tags":[],"class_list":["post-99816","post","type-post","status-publish","format-standard","has-post-thumbnail","hentry","category-cameroun","category-economie"],"_links":{"self":[{"href":"https:\/\/linitiative.ca\/International\/wp-json\/wp\/v2\/posts\/99816","targetHints":{"allow":["GET"]}}],"collection":[{"href":"https:\/\/linitiative.ca\/International\/wp-json\/wp\/v2\/posts"}],"about":[{"href":"https:\/\/linitiative.ca\/International\/wp-json\/wp\/v2\/types\/post"}],"author":[{"embeddable":true,"href":"https:\/\/linitiative.ca\/International\/wp-json\/wp\/v2\/users\/1969"}],"replies":[{"embeddable":true,"href":"https:\/\/linitiative.ca\/International\/wp-json\/wp\/v2\/comments?post=99816"}],"version-history":[{"count":0,"href":"https:\/\/linitiative.ca\/International\/wp-json\/wp\/v2\/posts\/99816\/revisions"}],"wp:featuredmedia":[{"embeddable":true,"href":"https:\/\/linitiative.ca\/International\/wp-json\/"}],"wp:attachment":[{"href":"https:\/\/linitiative.ca\/International\/wp-json\/wp\/v2\/media?parent=99816"}],"wp:term":[{"taxonomy":"category","embeddable":true,"href":"https:\/\/linitiative.ca\/International\/wp-json\/wp\/v2\/categories?post=99816"},{"taxonomy":"post_tag","embeddable":true,"href":"https:\/\/linitiative.ca\/International\/wp-json\/wp\/v2\/tags?post=99816"}],"curies":[{"name":"wp","href":"https:\/\/api.w.org\/{rel}","templated":true}]}}