{"id":99824,"date":"2020-09-24T11:00:26","date_gmt":"2020-09-24T15:00:26","guid":{"rendered":"https:\/\/linitiative.ca\/International\/villes-apprenantes-laayoune-benguerir-et-chefchaouen-integrent-le-reseau-de-lunesco\/"},"modified":"2020-09-24T11:00:26","modified_gmt":"2020-09-24T15:00:26","slug":"villes-apprenantes-laayoune-benguerir-et-chefchaouen-integrent-le-reseau-de-lunesco","status":"publish","type":"post","link":"https:\/\/linitiative.ca\/International\/villes-apprenantes-laayoune-benguerir-et-chefchaouen-integrent-le-reseau-de-lunesco\/","title":{"rendered":"\u00abVilles apprenantes\u00bb : La\u00e2youne, Benguerir  et Chefchaouen int\u00e8grent le R\u00e9seau de l\u2019Unesco"},"content":{"rendered":"<p><img decoding=\"async\" class=\"post_layout_5_img\" src=\"http:\/\/aujourdhui.ma\/wp-content\/uploads\/2019\/12\/Laayoune.jpg\" alt=\"&#xAB;Villes apprenantes&#xBB; : La&#xE2;youne, Benguerir et Chefchaouen int&#xE8;grent le R&#xE9;seau de l&#x2019;Unesco\"\/><\/p>\n<p><span class=\"c5\"><strong>Elles partageront notamment leurs exp\u00e9riences en mati\u00e8re d\u2019\u00e9ducation, de formation et de recherche<\/strong><\/span><span id=\"more-356138\"\/><\/p>\n<p>L\u2019Organisation des Nations Unies pour l\u2019\u00e9ducation, la science et la culture (UNESCO) a annonc\u00e9 l\u2019admission des villes de La\u00e2youne, Benguerir et Chefchaouen dans son R\u00e9seau mondial des \u00abvilles apprenantes\u00bb. \u00abSuite \u00e0 l\u2019appel \u00e0 candidature lanc\u00e9 par l\u2019Unesco \u00e0 travers son l\u2019Institut de l\u2019Unesco pour l\u2019apprentissage tout au long de la vie \u2013 UIL), relatif \u00e0 l\u2019adh\u00e9sion au R\u00e9seau mondial Unesco des villes apprenantes (GNLC), la Commission nationale marocaine pour l\u2019\u00e9ducation, les sciences et la culture a accompagn\u00e9 ces trois villes marocaines durant la phase de pr\u00e9paration de leurs dossiers de candidature, et les a incit\u00e9es \u00e0 veiller scrupuleusement au respect des exigences arr\u00eat\u00e9es par l\u2019Unesco pour la s\u00e9lection des futurs candidats audit r\u00e9seau\u00bb, peut-on lire dans un communiqu\u00e9 conjoint \u00e9tabli par l\u2019Unesco et ladite Commission.<\/p>\n<p><a href=\"https:\/\/aujourdhui.ma\/wp-content\/uploads\/2018\/11\/Chefchaouen.jpg\"><img loading=\"lazy\" decoding=\"async\" class=\" wp-image-300306 aligncenter\" src=\"http:\/\/aujourdhui.ma\/wp-content\/uploads\/2018\/11\/Chefchaouen-300x153.jpg\" alt=\"\" width=\"745\" height=\"380\" srcset=\"http:\/\/aujourdhui.ma\/wp-content\/uploads\/2018\/11\/Chefchaouen-300x153.jpg 300w, \/\/aujourdhui.ma\/wp-content\/uploads\/2018\/11\/Chefchaouen.jpg 746w\" sizes=\"auto, (max-width: 745px) 100vw, 745px\"\/><\/a><br \/>Notons que ce R\u00e9seau a \u00e9t\u00e9 cr\u00e9\u00e9 conform\u00e9ment \u00e0 la \u00abd\u00e9claration de P\u00e9kin sur les villes apprenantes\u00bb, adopt\u00e9e par la Conf\u00e9rence mondiale sur les villes apprenantes, tenue \u00e0 P\u00e9kin en Chine du 21 au 23 octobre 2013. Ainsi jusqu\u2019en 2019, ledit R\u00e9seau comportait 174 villes issues de 55 pays et le Maroc ne l\u2019a int\u00e9gr\u00e9 qu\u2019en 2020 suite \u00e0 la s\u00e9lection r\u00e9cente des trois villes (La\u00e2youne, Benguerir et Chefchaouen). Par ailleurs, il est \u00e0 noter que l\u2019int\u00e9gration de ce R\u00e9seau permettra \u00e0 ces villes marocaines de partager avec les autres villes leurs exp\u00e9riences en mati\u00e8re d\u2019\u00e9ducation, de formation et de recherche, mais \u00e9galement de b\u00e9n\u00e9ficier des meilleures pratiques et exp\u00e9riences r\u00e9ussies dans les domaines de la formation tout au long de la vie.<\/p>\n<p><a href=\"https:\/\/aujourdhui.ma\/wp-content\/uploads\/2019\/09\/Unesco.jpg\"><img loading=\"lazy\" decoding=\"async\" class=\" wp-image-318902 aligncenter\" src=\"http:\/\/aujourdhui.ma\/wp-content\/uploads\/2019\/09\/Unesco-300x153.jpg\" alt=\"\" width=\"745\" height=\"380\" srcset=\"http:\/\/aujourdhui.ma\/wp-content\/uploads\/2019\/09\/Unesco-300x153.jpg 300w, \/\/aujourdhui.ma\/wp-content\/uploads\/2019\/09\/Unesco.jpg 746w\" sizes=\"auto, (max-width: 745px) 100vw, 745px\"\/><\/a><br \/>Pour rappel, le R\u00e9seau mondial Unesco des villes apprenantes est un r\u00e9seau d\u2019envergure internationale ax\u00e9 sur les politiques et qui fournit inspiration, savoir-faire et bonnes pratiques. Ce r\u00e9seau valorise et d\u00e9veloppe la pratique de l\u2019apprentissage tout au long de la vie dans les villes de la plan\u00e8te.<\/p>\n<p>Il permet, notamment, de stimuler le dialogue sur les politiques et l\u2019apprentissage mutuel entre les villes membres, forger les liens et partenariats entre les villes membres, perfectionner les capacit\u00e9s des villes du r\u00e9seau et concevoir les instruments qui encouragent et reconnaissent les progr\u00e8s accomplis.<\/p>\n<p>Auteur: Siham Jadraoui<br \/>\n<a href=\"https:\/\/aujourdhui.ma\/culture\/villes-apprenantes-laayoune-benguerir-et-chefchaouen-integrent-le-reseau-de-lunesco\">Cliquez ici pour lire l&rsquo;article depuis sa source.<\/a><\/p>\n","protected":false},"excerpt":{"rendered":"<p>Elles partageront notamment leurs exp\u00e9riences en mati\u00e8re d\u2019\u00e9ducation, de formation et de recherche L\u2019Organisation des Nations Unies pour l\u2019\u00e9ducation, la science et la culture (UNESCO) a annonc\u00e9 l\u2019admission des villes de La\u00e2youne, Benguerir et Chefchaouen dans son R\u00e9seau mondial des \u00abvilles apprenantes\u00bb. \u00abSuite \u00e0 l\u2019appel \u00e0 candidature lanc\u00e9 par l\u2019Unesco \u00e0 travers son l\u2019Institut de [&hellip;]<\/p>\n","protected":false},"author":1759,"featured_media":99825,"comment_status":"closed","ping_status":"closed","sticky":false,"template":"","format":"standard","meta":{"fifu_image_url":"","fifu_image_alt":"","footnotes":""},"categories":[73,54],"tags":[],"class_list":["post-99824","post","type-post","status-publish","format-standard","has-post-thumbnail","hentry","category-actualite","category-maroc"],"_links":{"self":[{"href":"https:\/\/linitiative.ca\/International\/wp-json\/wp\/v2\/posts\/99824","targetHints":{"allow":["GET"]}}],"collection":[{"href":"https:\/\/linitiative.ca\/International\/wp-json\/wp\/v2\/posts"}],"about":[{"href":"https:\/\/linitiative.ca\/International\/wp-json\/wp\/v2\/types\/post"}],"author":[{"embeddable":true,"href":"https:\/\/linitiative.ca\/International\/wp-json\/wp\/v2\/users\/1759"}],"replies":[{"embeddable":true,"href":"https:\/\/linitiative.ca\/International\/wp-json\/wp\/v2\/comments?post=99824"}],"version-history":[{"count":0,"href":"https:\/\/linitiative.ca\/International\/wp-json\/wp\/v2\/posts\/99824\/revisions"}],"wp:featuredmedia":[{"embeddable":true,"href":"https:\/\/linitiative.ca\/International\/wp-json\/"}],"wp:attachment":[{"href":"https:\/\/linitiative.ca\/International\/wp-json\/wp\/v2\/media?parent=99824"}],"wp:term":[{"taxonomy":"category","embeddable":true,"href":"https:\/\/linitiative.ca\/International\/wp-json\/wp\/v2\/categories?post=99824"},{"taxonomy":"post_tag","embeddable":true,"href":"https:\/\/linitiative.ca\/International\/wp-json\/wp\/v2\/tags?post=99824"}],"curies":[{"name":"wp","href":"https:\/\/api.w.org\/{rel}","templated":true}]}}