{"id":99828,"date":"2020-09-24T09:29:04","date_gmt":"2020-09-24T13:29:04","guid":{"rendered":"https:\/\/linitiative.ca\/International\/la-berd-accorde-20-m-au-gcam\/"},"modified":"2020-09-24T09:29:04","modified_gmt":"2020-09-24T13:29:04","slug":"la-berd-accorde-20-m-au-gcam","status":"publish","type":"post","link":"https:\/\/linitiative.ca\/International\/la-berd-accorde-20-m-au-gcam\/","title":{"rendered":"La BERD accorde 20 M$ au GCAM"},"content":{"rendered":"<p class=\"has-text-color has-vivid-red-color c2\"><strong>Financement du commerce ext\u00e9rieur<\/strong><\/p>\n<p class=\"has-text-color c3\"><strong>La Banque europ\u00e9enne pour la reconstruction et le d\u00e9veloppement (BERD) a accord\u00e9 au Groupe Cr\u00e9dit Agricole du Maroc (GCAM), principale banque agricole du Royaume et partenaire historique du secteur, une nouvelle ligne de financement du commerce ext\u00e9rieur de 20 millions de dollars (M$) en vertu d\u2019une convention de pr\u00eat sign\u00e9e mercredi.<\/strong><\/p>\n<p>Cette ligne de financement du commerce ext\u00e9rieur, multidevise et non-engag\u00e9e, sera d\u00e9ploy\u00e9e pour \u00e9mettre des garanties en faveur des banques confirmatrices et pour fournir un financement en devise destin\u00e9 \u00e0 des transactions commerciales d\u2019exportations ou d\u2019importations, indique un communiqu\u00e9 conjoint des deux parties.<\/p>\n<p>Elle s\u2019inscrit dans le cadre du Programme de facilitation des \u00e9changes (TFP) de la BERD. En rejoignant le programme TFP, le Cr\u00e9dit Agricole du Maroc a d\u00e9sormais acc\u00e8s \u00e0 un r\u00e9seau de plus de 100 banques \u00e9mettrices et 800 banques confirmatrices partenaires de la BERD dans le monde entier, ce qui lui permettra d\u2019\u00e9tendre son r\u00e9seau de correspondants bancaires et permettra \u00e0 ses clients de saisir de nouvelles opportunit\u00e9s commerciales \u00e0 l\u2019international.<\/p>\n<p>Cette ligne offrira \u00e9galement au GCAM une enveloppe de financement en devise visant l\u2019accompagnement de ses clients importateurs et exportateurs. Ce projet est le premier sign\u00e9 entre la BERD et GCAM qui se sont f\u00e9licit\u00e9s de ce nouveau partenariat.<\/p>\n<p>Le TFP de la BERD a \u00e9t\u00e9 lanc\u00e9 en 1999 dans le but de promouvoir le commerce international entre les \u00e9conomies dans lesquelles elle investit, sous la forme de garanties et de pr\u00eats \u00e0 court terme aux banques et soci\u00e9t\u00e9s d\u2019affacturage participantes. La pand\u00e9mie du nouveau coronavirus (covid-19) a g\u00e9n\u00e9r\u00e9 une forte demande de financement du commerce pour maintenir l\u2019importation et l\u2019exportation de biens essentiels.<\/p>\n<p>La BERD a r\u00e9agi \u00e0 cet enjeu en augmentant la limite totale de son Programme de facilitation des \u00e9changes pour la seule ann\u00e9e 2020 \u00e0 un montant record de 3 milliards d\u2019euros. Ainsi, le financement du commerce ext\u00e9rieur est un \u00e9l\u00e9ment cl\u00e9 de la r\u00e9ponse de la BERD \u00e0 la crise du coronavirus.<\/p>\n<p>Le GCAM est la principale banque et le leader historique du financement du secteur agricole au Maroc. Il repr\u00e9sente un mod\u00e8le en Afrique compte tenu de son engagement et des efforts qu\u2019il d\u00e9ploie pour le d\u00e9veloppement de l\u2019Agriculture et du monde rural. Depuis 1961, la banque se mobilise aupr\u00e8s des agriculteurs pour r\u00e9pondre efficacement \u00e0 l\u2019ensemble de leurs besoins et apporter des solutions innovantes et efficaces aux probl\u00e9matiques du monde rural.<\/p>\n<p>Quatri\u00e8me Banque de la place, le GCAM pr\u00e9sente aujourd\u2019hui un total bilan de plus de 10 milliards euros et un encours de cr\u00e9dits de 8 milliards euros dont plus de la moiti\u00e9 est affect\u00e9e au secteur agricole, agroalimentaire et aux activit\u00e9s \u00e9conomiques en milieu rural.<\/p>\n<p>Le Maroc est un membre fondateur de la BERD et l\u2019un de ses pays d\u2019op\u00e9rations depuis 2012. \u00c0 ce jour, la BERD a investi pr\u00e8s de 2,5 milliards d\u2019euros au Maroc dans le cadre de 66 projets.<\/p>\n<p>Auteur: M&rsquo;hammed rahal<br \/>\n<a href=\"http:\/\/albayane.press.ma\/la-berd-accorde-20-m-au-gcam.html\">Cliquez ici pour lire l&rsquo;article depuis sa source.<\/a><\/p>\n","protected":false},"excerpt":{"rendered":"<p>Financement du commerce ext\u00e9rieur La Banque europ\u00e9enne pour la reconstruction et le d\u00e9veloppement (BERD) a accord\u00e9 au Groupe Cr\u00e9dit Agricole du Maroc (GCAM), principale banque agricole du Royaume et partenaire historique du secteur, une nouvelle ligne de financement du commerce ext\u00e9rieur de 20 millions de dollars (M$) en vertu d\u2019une convention de pr\u00eat sign\u00e9e mercredi. [&hellip;]<\/p>\n","protected":false},"author":1760,"featured_media":0,"comment_status":"closed","ping_status":"closed","sticky":false,"template":"","format":"standard","meta":{"fifu_image_url":"","fifu_image_alt":"","footnotes":""},"categories":[73,54],"tags":[],"class_list":["post-99828","post","type-post","status-publish","format-standard","hentry","category-actualite","category-maroc"],"_links":{"self":[{"href":"https:\/\/linitiative.ca\/International\/wp-json\/wp\/v2\/posts\/99828","targetHints":{"allow":["GET"]}}],"collection":[{"href":"https:\/\/linitiative.ca\/International\/wp-json\/wp\/v2\/posts"}],"about":[{"href":"https:\/\/linitiative.ca\/International\/wp-json\/wp\/v2\/types\/post"}],"author":[{"embeddable":true,"href":"https:\/\/linitiative.ca\/International\/wp-json\/wp\/v2\/users\/1760"}],"replies":[{"embeddable":true,"href":"https:\/\/linitiative.ca\/International\/wp-json\/wp\/v2\/comments?post=99828"}],"version-history":[{"count":0,"href":"https:\/\/linitiative.ca\/International\/wp-json\/wp\/v2\/posts\/99828\/revisions"}],"wp:attachment":[{"href":"https:\/\/linitiative.ca\/International\/wp-json\/wp\/v2\/media?parent=99828"}],"wp:term":[{"taxonomy":"category","embeddable":true,"href":"https:\/\/linitiative.ca\/International\/wp-json\/wp\/v2\/categories?post=99828"},{"taxonomy":"post_tag","embeddable":true,"href":"https:\/\/linitiative.ca\/International\/wp-json\/wp\/v2\/tags?post=99828"}],"curies":[{"name":"wp","href":"https:\/\/api.w.org\/{rel}","templated":true}]}}