{"id":99829,"date":"2020-09-24T09:35:01","date_gmt":"2020-09-24T13:35:01","guid":{"rendered":"https:\/\/linitiative.ca\/International\/%ef%bb%bfla-solution-politique-toujours-et-encore-plebiscitee-par-la-communaute-internationale\/"},"modified":"2020-09-24T09:35:01","modified_gmt":"2020-09-24T13:35:01","slug":"%ef%bb%bfla-solution-politique-toujours-et-encore-plebiscitee-par-la-communaute-internationale","status":"publish","type":"post","link":"https:\/\/linitiative.ca\/International\/%ef%bb%bfla-solution-politique-toujours-et-encore-plebiscitee-par-la-communaute-internationale\/","title":{"rendered":"\ufeffLa solution politique toujours et encore pl\u00e9biscit\u00e9e par la communaut\u00e9 internationale"},"content":{"rendered":"<p class=\"has-text-color has-vivid-red-color c2\"><strong>Sahara marocain<\/strong><\/p>\n<p class=\"has-text-color c3\"><strong>N\u2019en d\u00e9plaise \u00e0 l\u2019Alg\u00e9rie et son pantin s\u00e9paratiste du \u00abpolisario\u00bb, la communaut\u00e9 internationale telle que repr\u00e9sent\u00e9e au niveau de l\u2019Organisation des Nations-Unies, n\u2019a eu de cesse de r\u00e9affirmer la pertinence d\u2019une solution politique n\u00e9goci\u00e9e \u00e0 la question du Sahara marocain, qui trouve son incarnation dans le plan d\u2019autonomie propos\u00e9 par le Royaume comme moyen de r\u00e9gler d\u00e9finitivement ce diff\u00e9rend r\u00e9gional artificiel.<\/strong><\/p>\n<p>Le Conseil de s\u00e9curit\u00e9, l\u2019instance ex\u00e9cutive supr\u00eame des Nations-Unies, est on ne peut plus clair \u00e0 cet \u00e9gard, comme le souligne sa derni\u00e8re r\u00e9solution sur la question du Sahara, la 2494, qui r\u00e9affirme la pr\u00e9\u00e9minence de l\u2019initiative d\u2019autonomie, dans le cadre de la souverainet\u00e9 et de l\u2019int\u00e9grit\u00e9 territoriale du Maroc.<\/p>\n<p>Cette r\u00e9solution de r\u00e9f\u00e9rence consacre ainsi les param\u00e8tres de la solution de ce diff\u00e9rend r\u00e9gional, qui ne peut \u00eatre que politique, r\u00e9aliste, pragmatique, durable et de compromis. Elle a, \u00e9galement, \u00e9tabli le processus de tables rondes, avec la participation pleine et enti\u00e8re de l\u2019Alg\u00e9rie, comme seule voie pour mener le processus politique exclusivement onusien, jusqu\u2019\u00e0 son aboutissement.<\/p>\n<p>La r\u00e9solution 2494, adopt\u00e9e le 30 octobre 2019 a, en outre, exig\u00e9, \u00e0 l\u2019instar de celles qui l\u2019ont pr\u00e9c\u00e9d\u00e9e depuis 2011, l\u2019enregistrement des populations s\u00e9questr\u00e9es dans les camps de Tindouf, que l\u2019Alg\u00e9rie refuse, en violation de ses obligations internationales.<\/p>\n<p>L\u2019absence de cet enregistrement favorise, notamment, le d\u00e9tournement des aides humanitaires destin\u00e9es aux camps de Tindouf par les dirigeants du \u00ab polisario \u00ab et les responsables locaux, pour leur enrichissement personnel, comme confirm\u00e9 dans les rapports d\u2019inspection du HCR, du PAM et de l\u2019Office Europ\u00e9en de lutte anti-fraude (OLAF), ainsi que par le Parlement Europ\u00e9en.<\/p>\n<p>Cette situation contribue, \u00e9galement, \u00e0 la perp\u00e9tuation des violations graves et syst\u00e9matiques des droits de l\u2019Homme et du droit humanitaire international des populations de ces camps, impliquant directement la responsabilit\u00e9 du pays h\u00f4te, l\u2019Alg\u00e9rie, comme r\u00e9cemment confirm\u00e9 par le Comit\u00e9 des Droits de l\u2019Homme et le Groupe de travail sur la d\u00e9tention arbitraire du Conseil des droits de l\u2019Homme.<\/p>\n<p>Le Secr\u00e9tariat g\u00e9n\u00e9ral des Nations-Unies insiste aussi, de son c\u00f4t\u00e9, sur le caract\u00e8re r\u00e9gional de ce conflit artificiel et sur la n\u00e9cessit\u00e9 d\u2019une solution politique consensuelle, telle que recommand\u00e9e par le Conseil de s\u00e9curit\u00e9.<\/p>\n<p>Dans un rapport adress\u00e9 le mois dernier \u00e0 l\u2019Assembl\u00e9e g\u00e9n\u00e9rale, couvrant la p\u00e9riode de 2011 \u00e0 2020, le Secr\u00e9taire g\u00e9n\u00e9ral de l\u2019ONU, Antonio Guterres a, en effet, mentionn\u00e9 exclusivement la solution politique, la r\u00e9solution 2494 et le processus de tables rondes, en abordant la question du Sahara marocain.<\/p>\n<p>Le chef de l\u2019ONU a ainsi totalement ignor\u00e9, comme il le fait depuis deux d\u00e9cennies, le plan de r\u00e8glement et le r\u00e9f\u00e9rendum, assenant un nouveau revers aux tentatives d\u00e9sesp\u00e9r\u00e9es de l\u2019Alg\u00e9rie et du polisario, de ressusciter ces plans caducs, enterr\u00e9s par le Conseil de S\u00e9curit\u00e9 depuis 2001.<\/p>\n<p>N\u2019en d\u00e9plaise aux adversaires de l\u2019int\u00e9grit\u00e9 territoriale du Maroc, le Conseil de s\u00e9curit\u00e9 et la Communaut\u00e9 internationale ont choisi la voie de la l\u00e9galit\u00e9 en optant irr\u00e9versiblement pour une solution politique, r\u00e9aliste, pragmatique, durable et de compromis, incarn\u00e9e par l\u2019Initiative d\u2019autonomie, dont le s\u00e9rieux et la cr\u00e9dibilit\u00e9 son r\u00e9affirm\u00e9s dans les 16 r\u00e9solutions adopt\u00e9es par l\u2019instance ex\u00e9cutive des Nations-Unies depuis 2007.<\/p>\n<p>L\u2019examen de la question du Sahara le mois prochain au niveau du Conseil de s\u00e9curit\u00e9, qui votera pour le renouvellement du mandat de la Minurso, devra suivre la m\u00eame logique favorisant une solution politique et consensuelle \u00e0 ce diff\u00e9rend r\u00e9gional artificiel qui n\u2019a que trop dur\u00e9 et qui prend en otage l\u2019avenir et les aspirations des peuples du Maghreb, \u00e0 une \u00e9poque o\u00f9 le monde a plus que jamais besoin d\u2019unit\u00e9 et de solidarit\u00e9.<\/p>\n<p>Auteur: M&rsquo;hammed rahal<br \/>\n<a href=\"http:\/\/albayane.press.ma\/%EF%BB%BFla-solution-politique-toujours-et-encore-plebiscitee-par-la-communaute-internationale.html\">Cliquez ici pour lire l&rsquo;article depuis sa source.<\/a><\/p>\n","protected":false},"excerpt":{"rendered":"<p>Sahara marocain N\u2019en d\u00e9plaise \u00e0 l\u2019Alg\u00e9rie et son pantin s\u00e9paratiste du \u00abpolisario\u00bb, la communaut\u00e9 internationale telle que repr\u00e9sent\u00e9e au niveau de l\u2019Organisation des Nations-Unies, n\u2019a eu de cesse de r\u00e9affirmer la pertinence d\u2019une solution politique n\u00e9goci\u00e9e \u00e0 la question du Sahara marocain, qui trouve son incarnation dans le plan d\u2019autonomie propos\u00e9 par le Royaume comme [&hellip;]<\/p>\n","protected":false},"author":1760,"featured_media":0,"comment_status":"closed","ping_status":"closed","sticky":false,"template":"","format":"standard","meta":{"fifu_image_url":"","fifu_image_alt":"","footnotes":""},"categories":[73,54],"tags":[],"class_list":["post-99829","post","type-post","status-publish","format-standard","hentry","category-actualite","category-maroc"],"_links":{"self":[{"href":"https:\/\/linitiative.ca\/International\/wp-json\/wp\/v2\/posts\/99829","targetHints":{"allow":["GET"]}}],"collection":[{"href":"https:\/\/linitiative.ca\/International\/wp-json\/wp\/v2\/posts"}],"about":[{"href":"https:\/\/linitiative.ca\/International\/wp-json\/wp\/v2\/types\/post"}],"author":[{"embeddable":true,"href":"https:\/\/linitiative.ca\/International\/wp-json\/wp\/v2\/users\/1760"}],"replies":[{"embeddable":true,"href":"https:\/\/linitiative.ca\/International\/wp-json\/wp\/v2\/comments?post=99829"}],"version-history":[{"count":0,"href":"https:\/\/linitiative.ca\/International\/wp-json\/wp\/v2\/posts\/99829\/revisions"}],"wp:attachment":[{"href":"https:\/\/linitiative.ca\/International\/wp-json\/wp\/v2\/media?parent=99829"}],"wp:term":[{"taxonomy":"category","embeddable":true,"href":"https:\/\/linitiative.ca\/International\/wp-json\/wp\/v2\/categories?post=99829"},{"taxonomy":"post_tag","embeddable":true,"href":"https:\/\/linitiative.ca\/International\/wp-json\/wp\/v2\/tags?post=99829"}],"curies":[{"name":"wp","href":"https:\/\/api.w.org\/{rel}","templated":true}]}}