{"id":99830,"date":"2020-09-24T09:44:59","date_gmt":"2020-09-24T13:44:59","guid":{"rendered":"https:\/\/linitiative.ca\/International\/le-camarade-abdelhak-khyari-tire-sa-reverence\/"},"modified":"2020-09-24T09:44:59","modified_gmt":"2020-09-24T13:44:59","slug":"le-camarade-abdelhak-khyari-tire-sa-reverence","status":"publish","type":"post","link":"https:\/\/linitiative.ca\/International\/le-camarade-abdelhak-khyari-tire-sa-reverence\/","title":{"rendered":"Le camarade Abdelhak Khyari tire sa r\u00e9v\u00e9rence"},"content":{"rendered":"<p class=\"has-text-color has-vivid-red-color c2\"><strong>Professeur de grand talent<\/strong><\/p>\n<p><strong>Il est parti, en corrigeant ses copies d\u2019examen de ses \u00e9tudiants de la Facult\u00e9 des sciences \u00e9conomiques. En faisant son devoir professionnel, comme la gyn\u00e9cologue feue Dr Laila Yata, en donnant la vie \u00e0 un b\u00e9b\u00e9. Abdelhak Khyari, le professeur, l\u2019ami, le camarade a tir\u00e9\u00a0 sa r\u00e9v\u00e9rence sous le coup d\u2019un AVC cruel et mortel, hier matin \u00e0 son domicile casablancais.<\/strong><\/p>\n<p><strong>Natif de Taza, en 1953, il avait poursuivi ses \u00e9tudes secondaires aux lyc\u00e9es Ali Ben Barr \u00e0 Taza puis \u00e0 Moulay Slimane \u00e0 F\u00e8s.<\/strong><\/p>\n<p><strong>Il a obtenu, ensuite, une licence \u00e0 la Facult\u00e9 de droit de Rabat en 1974. Pr Belal, Abdelhak Khyari, Habriche, Il fera le voyage \u00e0 Grenoble o\u00f9 il avait d\u00e9croch\u00e9, en 1976, son Dipl\u00f4me des Etudes Sup\u00e9rieurs (Troisi\u00e8me cycle) sur l\u2019artisanat marocain.<\/strong><\/p>\n<p><strong>En 1977, le d\u00e9funt sera recrut\u00e9 par la Facult\u00e9 de sciences \u00e9conomiques de F\u00e8s pendant deux ann\u00e9es, avant de s\u2019installer \u00e0 Casablanca o\u00f9 il gravira les \u00e9chelons de la connaissance et du savoir. Il sera charg\u00e9, sous la direction de feu Aziz Belal, des TD et TP (travaux dirig\u00e9s et pratiques) du module \u00abLes probl\u00e8mes structuraux du d\u00e9veloppement au Maroc\u00bb.<\/strong><\/p>\n<p><strong>Apr\u00e8s le d\u00e9c\u00e8s du Pr Belal, Abdelhak Khyari a \u00e9t\u00e9 charg\u00e9 de dispenser les cours du regrett\u00e9 professeur disparu dans un incendie d\u2019h\u00f4tel \u00e0 Chicago.<\/strong><\/p>\n<p><strong>Le d\u00e9funt Abdelhak poursuivra la pr\u00e9paration de son doctorat d\u2019Etat en sciences \u00e9conomiques sur la d\u00e9sagr\u00e9gation de l\u2019artisanat marocain, initi\u00e9 sous la direction de feu Aziz Belal, \u00a0apr\u00e8s le d\u00e9c\u00e8s du p\u00e8re de l\u2019\u00e9conomie marxiste au Maroc, avec feu le professeur Driss Benali, en 1984.<\/strong><\/p>\n<p><strong>Depuis, Abdelhak Khyari a occup\u00e9 \u00e0 plusieurs reprises le poste de chef du d\u00e9partement des sciences \u00e9conomiques \u00e0 la Facult\u00e9 de droit de Casablanca o\u00f9 il jouissait d\u2019une grande estime.<\/strong><\/p>\n<p><strong>Au fil des ans, il s\u2019est impos\u00e9 comme un chercheur en finances internationales et en commerce international, \u00e0 c\u00f4t\u00e9 de ses anciennes sp\u00e9cialit\u00e9s. Il \u00e9tait tr\u00e8s appr\u00e9ci\u00e9 par ses les g\u00e9n\u00e9rations d\u2019\u00e9tudiants qu\u2019il a form\u00e9s et par ses nombreux coll\u00e8gues.<\/strong><\/p>\n<p><strong>Tous gardent de ce professeur sa gentillesse et son sourire \u00e0 toutes \u00e9preuves. Une douceur qui effa\u00e7ait la timidit\u00e9 des \u00e9tudiants face \u00e0 un homme de science.<\/strong><\/p>\n<p class=\"has-text-color has-vivid-red-color c2\"><strong>Un militant fid\u00e8le<\/strong><\/p>\n<p><strong>Cette posture universitaire n\u2019avait pas emp\u00each\u00e9 Abdelhak de continuer ce qu\u2019il \u00e9tait toujours\u00a0: un militant au service de son parti auquel il est rest\u00e9 fid\u00e8le, malgr\u00e9 toutes les vicissitudes de la vie. C\u2019est dans ce cadre que le d\u00e9funt a longuement contribu\u00e9, avec ses camarades de la commission \u00e9conomique du PPS fond\u00e9e par feu Belal, \u00e0 la r\u00e9alisation d\u2019une page \u00e9conomique hebdomadaire dans son journal Al Bayane. Il fera partie d\u2019un trio de choc (avec feu Mimoune Habriche, paix \u00e0 son \u00e2me, et Abdeslam Seddiki que dieu le garde) qui alimenta, quotidiennement, les colonnes de notre journal en actualit\u00e9s \u00e9conomiques et politiques, et ce pendant plusieurs ann\u00e9es quand ils \u00e9taient, tous les trois, membres permanents de la R\u00e9daction d\u2019Al Bayane.<\/strong><\/p>\n<p><strong>Depuis, le contenu de notre quotidien, sous la houlette de feus Ali et Nadir Yata, s\u2019est grandement enrichi pour tenir les premiers r\u00f4les dans le Maroc de l\u2019\u00e9poque.<\/strong><\/p>\n<p><strong>De plus, le trio et avec eux d\u2019autres camarades \u00e9conomistes dont feu le professeur Abdelkbir Fikri, ont contribu\u00e9 \u00e0 hausser la qualit\u00e9 des interventions de Ali Yata, lors de la discussion des budgets sectoriels de la Loi de finances au Parlement.<\/strong><\/p>\n<p><strong>Aujourd\u2019hui, un autre camarade d\u2019une race rarissime nous quitte. Il laisse le souvenir d\u2019une cr\u00e9ature hautement humaine et solidaire, un \u00eatre affable et modeste, un personnage discret et serviable. Il a v\u00e9cu loin des phares de la mondanit\u00e9. Un homme de grande camaraderie et d\u2019amiti\u00e9.<\/strong><\/p>\n<p><strong>En cette douloureuse circonstance, nous nous inclinons devant sa m\u00e9moire et nous pr\u00e9sentons nos sinc\u00e8res condol\u00e9ances \u00e0 toute sa famille, \u00e0 ses proches, coll\u00e8gues, amis et \u00e9tudiants.<\/strong><\/p>\n<p><strong>Une affection particuli\u00e8re, en ces moments difficiles, vont \u00e0 sa petite famille, \u00e0 sa compagne de toujours Fatima Zahra Guemira, \u00e0 ses enfants Aziz et Laila, \u00e0 ses fr\u00e8res Si Ta\u00efeb et Mustapha, \u00e0 ses s\u0153urs Bouchra, Khadija et Rquia.<\/strong><\/p>\n<p><strong>Qu\u2019il repose en paix\u00a0!<\/strong><\/p>\n<p class=\"has-text-color c3\"><strong>\u00abNous sommes \u00e0 Dieu et \u00e0 Lui nous revenons\u00bb.<\/strong><\/p>\n<p class=\"c4\"><strong>Mohamed Khalil<\/strong><\/p>\n<p>Auteur: M&rsquo;hammed rahal<br \/>\n<a href=\"http:\/\/albayane.press.ma\/le-camarade-abdelhak-khyari-tire-sa-reverence.html\">Cliquez ici pour lire l&rsquo;article depuis sa source.<\/a><\/p>\n","protected":false},"excerpt":{"rendered":"<p>Professeur de grand talent Il est parti, en corrigeant ses copies d\u2019examen de ses \u00e9tudiants de la Facult\u00e9 des sciences \u00e9conomiques. En faisant son devoir professionnel, comme la gyn\u00e9cologue feue Dr Laila Yata, en donnant la vie \u00e0 un b\u00e9b\u00e9. Abdelhak Khyari, le professeur, l\u2019ami, le camarade a tir\u00e9\u00a0 sa r\u00e9v\u00e9rence sous le coup d\u2019un [&hellip;]<\/p>\n","protected":false},"author":1760,"featured_media":0,"comment_status":"closed","ping_status":"closed","sticky":false,"template":"","format":"standard","meta":{"fifu_image_url":"","fifu_image_alt":"","footnotes":""},"categories":[73,54],"tags":[],"class_list":["post-99830","post","type-post","status-publish","format-standard","hentry","category-actualite","category-maroc"],"_links":{"self":[{"href":"https:\/\/linitiative.ca\/International\/wp-json\/wp\/v2\/posts\/99830","targetHints":{"allow":["GET"]}}],"collection":[{"href":"https:\/\/linitiative.ca\/International\/wp-json\/wp\/v2\/posts"}],"about":[{"href":"https:\/\/linitiative.ca\/International\/wp-json\/wp\/v2\/types\/post"}],"author":[{"embeddable":true,"href":"https:\/\/linitiative.ca\/International\/wp-json\/wp\/v2\/users\/1760"}],"replies":[{"embeddable":true,"href":"https:\/\/linitiative.ca\/International\/wp-json\/wp\/v2\/comments?post=99830"}],"version-history":[{"count":0,"href":"https:\/\/linitiative.ca\/International\/wp-json\/wp\/v2\/posts\/99830\/revisions"}],"wp:attachment":[{"href":"https:\/\/linitiative.ca\/International\/wp-json\/wp\/v2\/media?parent=99830"}],"wp:term":[{"taxonomy":"category","embeddable":true,"href":"https:\/\/linitiative.ca\/International\/wp-json\/wp\/v2\/categories?post=99830"},{"taxonomy":"post_tag","embeddable":true,"href":"https:\/\/linitiative.ca\/International\/wp-json\/wp\/v2\/tags?post=99830"}],"curies":[{"name":"wp","href":"https:\/\/api.w.org\/{rel}","templated":true}]}}