{"id":99831,"date":"2020-09-24T09:50:19","date_gmt":"2020-09-24T13:50:19","guid":{"rendered":"https:\/\/linitiative.ca\/International\/390-affaires-enregistrees-en-2019-et-2020\/"},"modified":"2020-09-24T09:50:19","modified_gmt":"2020-09-24T13:50:19","slug":"390-affaires-enregistrees-en-2019-et-2020","status":"publish","type":"post","link":"https:\/\/linitiative.ca\/International\/390-affaires-enregistrees-en-2019-et-2020\/","title":{"rendered":"390 affaires enregistr\u00e9es en 2019 et 2020"},"content":{"rendered":"<p class=\"has-text-color has-vivid-red-color c2\"><strong>Blanchiment de capitaux et financement du terrorisme<\/strong><\/p>\n<p class=\"has-text-color c3\"><strong>Un total de 390 affaires ont \u00e9t\u00e9 enregistr\u00e9es au titre des ann\u00e9es 2019 et 2020 en mati\u00e8re de lutte contre le blanchiment de capitaux et le financement du terrorisme, a indiqu\u00e9, mercredi \u00e0 Mekn\u00e8s, le ministre de la justice, Mohamed Ben Abdelkader.<\/strong><\/p>\n<div class=\"wp-block-image\"><img loading=\"lazy\" decoding=\"async\" src=\"http:\/\/albayane.press.ma\/wp-content\/uploads\/ouv1-3-1.jpg\" alt=\"\" class=\"wp-image-96067\" width=\"546\" height=\"322\"\/><\/div>\n<p>Ces affaires, dont une partie est en investigation p\u00e9nale, tandis que d\u2019autres sont devant les juridictions, se r\u00e9partissent entre 2019, avec 229 affaires, et 2020 durant laquelle 161 affaires ont \u00e9t\u00e9 enregistr\u00e9es, a pr\u00e9cis\u00e9 M. Ben Abdelkader, qui s\u2019exprimait lors d\u2019une rencontre de communication organis\u00e9e par le minist\u00e8re de la justice et le barreau des avocats de Mekn\u00e8s autour du th\u00e8me \u2018\u2019le r\u00f4le de l\u2019avocat dans le syst\u00e8me de lutte contre le blanchiment de capitaux et le financement du terrorisme\u2019\u2019.<\/p>\n<p>Il a relev\u00e9 que \u2018\u2019les \u00e9valuations\u2019\u2019 men\u00e9es par les instances internationales comp\u00e9tentes, notamment en 2007 et durant la p\u00e9riode entre septembre 2017 et 2019, ont montr\u00e9 \u2018\u2019l\u2019\u00e9volution notoire\u2019\u2019 qu\u2019a connue le syst\u00e8me national, malgr\u00e9 certaines remarques touchant au secteur non-financier.<\/p>\n<p>Le responsable a fait remarquer que les professions juridiques et judiciaires, notamment les avocats, les notaires et les Adouls, font partie des entit\u00e9s non- financi\u00e8res au sujet desquelles une remarque a \u00e9t\u00e9 relev\u00e9e par le groupe de travail financier international, laquelle a trait \u00e0 leur \u2018\u2019sous-implication\u2019\u2019 dans le syst\u00e8me de lutte contre le blanchiment d\u2019argent et le financement du terrorisme.<\/p>\n<p>M. Ben Abdelkader a rappel\u00e9 que son d\u00e9partement a \u2018\u2019mis en place, \u00e0 ce sujet, un plan de qualification des professions juridiques et judiciaires, en vue d\u2019\u00e9viter certaines remarques n\u00e9gatives\u2019\u2019, exprimant la disposition du minist\u00e8re, en concertation avec l\u2019unit\u00e9 de traitement du renseignement financier (UTRF), \u00e0 accompagner les instances des avocats pour leur fournir l\u2019assistance technique n\u00e9cessaire pour une meilleure mise en \u0153uvre des engagements en la mati\u00e8re.<\/p>\n<p>\u2018\u2019Nous veillerons, au minist\u00e8re de la justice, en coordination avec l\u2019UTRF et les syndicats des barreaux d\u2019avocats \u00e0 programmer des rencontres de communication pour mettre la lumi\u00e8re sur ces obligations et \u00e0 mettre \u00e0 disposition des guides pratiques simplifi\u00e9s\u2019\u2019, a-t-il dit, ajoutant que son d\u00e9partement pr\u00e9pare un projet de r\u00e9solution expliquant les d\u00e9marches et proc\u00e9d\u00e9s d\u2019implication des professions juridiques et judiciaires dans le syst\u00e8me de lutte contre le blanchiment de capitaux et le financement du terrorisme, \u00e0 l\u2019instar de ce qui a \u00e9t\u00e9 entrepris pour les m\u00e9tiers financiers.<\/p>\n<p>Mekn\u00e8s est la troisi\u00e8me \u00e9tape d\u2019une s\u00e9rie de rencontres de communication sur ce sujet, apr\u00e8s la premi\u00e8re tenue avec le barreau des avocats de Rabat et la deuxi\u00e8me avec le barreau d\u2019avocats de Safi.<\/p>\n<p>En marge de cette rencontre, un m\u00e9morandum d\u2019entente entre le minist\u00e8re de la justice et le Barreau de Mekn\u00e8s portant sur la formation des formateurs a \u00e9t\u00e9 sign\u00e9.<\/p>\n<p>Par la m\u00eame occasion, le ministre, accompagn\u00e9 du gouverneur de la pr\u00e9fecture de Mekn\u00e8s, Abdelghani Sabbar, s\u2019est enquis des travaux de construction du tribunal de premi\u00e8re instance de Mekn\u00e8s.<\/p>\n<p>D\u2019un co\u00fbt global de 120 millions de DH, ce projet \u00e9tal\u00e9 sur une superficie totale de 17.000m2 comprend plusieurs d\u00e9pendances, dont des salles d\u2019audience, des bureaux des juges d\u2019instruction, des bureaux des magistrats et des unit\u00e9s des archives.<\/p>\n<p>Auteur: M&rsquo;hammed rahal<br \/>\n<a href=\"http:\/\/albayane.press.ma\/390-affaires-enregistrees-en-2019-et-2020.html\">Cliquez ici pour lire l&rsquo;article depuis sa source.<\/a><\/p>\n","protected":false},"excerpt":{"rendered":"<p>Blanchiment de capitaux et financement du terrorisme Un total de 390 affaires ont \u00e9t\u00e9 enregistr\u00e9es au titre des ann\u00e9es 2019 et 2020 en mati\u00e8re de lutte contre le blanchiment de capitaux et le financement du terrorisme, a indiqu\u00e9, mercredi \u00e0 Mekn\u00e8s, le ministre de la justice, Mohamed Ben Abdelkader. Ces affaires, dont une partie est [&hellip;]<\/p>\n","protected":false},"author":1760,"featured_media":99832,"comment_status":"closed","ping_status":"closed","sticky":false,"template":"","format":"standard","meta":{"fifu_image_url":"","fifu_image_alt":"","footnotes":""},"categories":[73,54],"tags":[],"class_list":["post-99831","post","type-post","status-publish","format-standard","has-post-thumbnail","hentry","category-actualite","category-maroc"],"_links":{"self":[{"href":"https:\/\/linitiative.ca\/International\/wp-json\/wp\/v2\/posts\/99831","targetHints":{"allow":["GET"]}}],"collection":[{"href":"https:\/\/linitiative.ca\/International\/wp-json\/wp\/v2\/posts"}],"about":[{"href":"https:\/\/linitiative.ca\/International\/wp-json\/wp\/v2\/types\/post"}],"author":[{"embeddable":true,"href":"https:\/\/linitiative.ca\/International\/wp-json\/wp\/v2\/users\/1760"}],"replies":[{"embeddable":true,"href":"https:\/\/linitiative.ca\/International\/wp-json\/wp\/v2\/comments?post=99831"}],"version-history":[{"count":0,"href":"https:\/\/linitiative.ca\/International\/wp-json\/wp\/v2\/posts\/99831\/revisions"}],"wp:featuredmedia":[{"embeddable":true,"href":"https:\/\/linitiative.ca\/International\/wp-json\/"}],"wp:attachment":[{"href":"https:\/\/linitiative.ca\/International\/wp-json\/wp\/v2\/media?parent=99831"}],"wp:term":[{"taxonomy":"category","embeddable":true,"href":"https:\/\/linitiative.ca\/International\/wp-json\/wp\/v2\/categories?post=99831"},{"taxonomy":"post_tag","embeddable":true,"href":"https:\/\/linitiative.ca\/International\/wp-json\/wp\/v2\/tags?post=99831"}],"curies":[{"name":"wp","href":"https:\/\/api.w.org\/{rel}","templated":true}]}}