{"id":99833,"date":"2020-09-24T10:01:28","date_gmt":"2020-09-24T14:01:28","guid":{"rendered":"https:\/\/linitiative.ca\/International\/zidane-au-wydad-roberto-carlos-confirme\/"},"modified":"2020-09-24T10:01:28","modified_gmt":"2020-09-24T14:01:28","slug":"zidane-au-wydad-roberto-carlos-confirme","status":"publish","type":"post","link":"https:\/\/linitiative.ca\/International\/zidane-au-wydad-roberto-carlos-confirme\/","title":{"rendered":"Zidane au Wydad, Roberto Carlos confirme!"},"content":{"rendered":"<p class=\"has-text-color has-very-dark-gray-color c2\"><strong>Par Oussama Zidouhia<\/strong><\/p>\n<p class=\"has-text-color c3\"><strong>C\u2019est la bombe du mercato estival au Maroc, Enzo Zidane, fils du l\u00e9gendaire joueur et entra\u00eeneur du Real Madrid, Zinedine Zidane, va rejoindre le Wydad de Casablanca, comme annonc\u00e9 par son agent, qui n\u2019est autre que l\u2019ancien lat\u00e9ral br\u00e9silien du club de la capitale espagnole, Roberto Carlos.<\/strong><\/p>\n<p>En effet, le WAC, en cas d\u2019officialisation de la nouvelle, r\u00e9alisera un tr\u00e8s grand coup \u00e0 un mois des demi-finales de la Ligue des champions africaine qui l\u2019opposeront \u00e0 Al Ahly .Enzo Zidane (25 ans), pass\u00e9 par le centre de formation du Real Madrid entre 2014 et 2017, avait fait ses d\u00e9buts sous la tunique merengue en novembre 2014.<\/p>\n<p>En ao\u00fbt 2015, \u00e0 la suite de la dissolution de l\u2019\u00e9quipe C, il rejoint \u00e0 temps plein l\u2019\u00e9quipe B dirig\u00e9e par son p\u00e8re et en devient le capitaine. Il joue son premier match avec l\u2019\u00e9quipe premi\u00e8re lors des seizi\u00e8mes de finale de Coupe d\u2019Espagne contre le Cultural Leonesa et marque son premier but d\u00e8s les premi\u00e8res minutes apr\u00e8s son entr\u00e9e en jeu.<\/p>\n<p>Le 29 juin 2017, lib\u00e9r\u00e9 de son contrat au Real Madrid, il signe pour trois ans au Deportivo Alav\u00e9s et joue son premier match en amical contre le Toulouse FC. Le 30 d\u00e9cembre 2017, il s\u2019engage au FC Lausanne-Sport et inscrit son premier but en Super League le 18 f\u00e9vrier 2018 lors du derby face au FC Sion. Apr\u00e8s une demi-saison pass\u00e9e en Suisse et un pr\u00eat en Espagne, le club lausannois met fin \u00e0 son contrat.<\/p>\n<p>En\u00a0<a href=\"https:\/\/fr.wikipedia.org\/wiki\/Juillet_2018_en_sport\">juillet<\/a>\u00a0<a href=\"https:\/\/fr.wikipedia.org\/wiki\/2018_en_football\">2018<\/a>, il est pr\u00eat\u00e9 au\u00a0<a href=\"https:\/\/fr.wikipedia.org\/wiki\/Club_de_F%C3%BAtbol_Rayo_Majadahonda\">Rayo Majadahonda<\/a>, qui vient de monter en\u00a0<a href=\"https:\/\/fr.wikipedia.org\/wiki\/Championnat_d%27Espagne_de_football_D2_2018-2019\">D2 espagnole<\/a>. Le club est rel\u00e9gu\u00e9 au terme de la saison et en 2019, Enzo Zidane s\u2019engage pour deux saisons avec le club portugais du\u00a0<a href=\"https:\/\/fr.wikipedia.org\/wiki\/Clube_Desportivo_das_Aves\">CD Aves<\/a>\u00a0qui \u00e9volue en D1.<\/p>\n<p>En manque de temps de jeu, il quitte le CD Aves pour rejoindre\u00a0<a href=\"https:\/\/fr.wikipedia.org\/wiki\/Uni%C3%B3n_Deportiva_Almer%C3%ADa\">UD Almer\u00eda<\/a>\u00a0dans les derni\u00e8res heures du mercato hivernal, paraphant un contrat jusqu\u2019au mois de juin 2021.<\/p>\n<p>N\u00e9anmoins, sur le plan marketing, le Wydad r\u00e9alise un recrutement XXL qui aidera a promouvoir encore plus l\u2019image du club Casablancais sur la sc\u00e8ne internationale. Sportivement, celui consid\u00e9r\u00e9 auparavant comme le digne successeur de son p\u00e8re aura encore beaucoup a prouver vu ses r\u00e9centes exp\u00e9riences.<\/p>\n<p>Auteur: M&rsquo;hammed rahal<br \/>\n<a href=\"http:\/\/albayane.press.ma\/zidane-au-wydad-roberto-carlos-confirme.html\">Cliquez ici pour lire l&rsquo;article depuis sa source.<\/a><\/p>\n","protected":false},"excerpt":{"rendered":"<p>Par Oussama Zidouhia C\u2019est la bombe du mercato estival au Maroc, Enzo Zidane, fils du l\u00e9gendaire joueur et entra\u00eeneur du Real Madrid, Zinedine Zidane, va rejoindre le Wydad de Casablanca, comme annonc\u00e9 par son agent, qui n\u2019est autre que l\u2019ancien lat\u00e9ral br\u00e9silien du club de la capitale espagnole, Roberto Carlos. En effet, le WAC, en [&hellip;]<\/p>\n","protected":false},"author":1760,"featured_media":0,"comment_status":"closed","ping_status":"closed","sticky":false,"template":"","format":"standard","meta":{"fifu_image_url":"","fifu_image_alt":"","footnotes":""},"categories":[73,54],"tags":[],"class_list":["post-99833","post","type-post","status-publish","format-standard","hentry","category-actualite","category-maroc"],"_links":{"self":[{"href":"https:\/\/linitiative.ca\/International\/wp-json\/wp\/v2\/posts\/99833","targetHints":{"allow":["GET"]}}],"collection":[{"href":"https:\/\/linitiative.ca\/International\/wp-json\/wp\/v2\/posts"}],"about":[{"href":"https:\/\/linitiative.ca\/International\/wp-json\/wp\/v2\/types\/post"}],"author":[{"embeddable":true,"href":"https:\/\/linitiative.ca\/International\/wp-json\/wp\/v2\/users\/1760"}],"replies":[{"embeddable":true,"href":"https:\/\/linitiative.ca\/International\/wp-json\/wp\/v2\/comments?post=99833"}],"version-history":[{"count":0,"href":"https:\/\/linitiative.ca\/International\/wp-json\/wp\/v2\/posts\/99833\/revisions"}],"wp:attachment":[{"href":"https:\/\/linitiative.ca\/International\/wp-json\/wp\/v2\/media?parent=99833"}],"wp:term":[{"taxonomy":"category","embeddable":true,"href":"https:\/\/linitiative.ca\/International\/wp-json\/wp\/v2\/categories?post=99833"},{"taxonomy":"post_tag","embeddable":true,"href":"https:\/\/linitiative.ca\/International\/wp-json\/wp\/v2\/tags?post=99833"}],"curies":[{"name":"wp","href":"https:\/\/api.w.org\/{rel}","templated":true}]}}