{"id":99839,"date":"2020-09-24T13:03:11","date_gmt":"2020-09-24T17:03:11","guid":{"rendered":"https:\/\/linitiative.ca\/International\/ouverture-de-la-galerie-diwaniya-art-gallery-a-alger\/"},"modified":"2020-09-24T13:03:11","modified_gmt":"2020-09-24T17:03:11","slug":"ouverture-de-la-galerie-diwaniya-art-gallery-a-alger","status":"publish","type":"post","link":"https:\/\/linitiative.ca\/International\/ouverture-de-la-galerie-diwaniya-art-gallery-a-alger\/","title":{"rendered":"Ouverture de la galerie \u00ab\u00a0Diwaniya Art Gallery\u00a0\u00bb \u00e0 Alger  \u00a0"},"content":{"rendered":"<div readability=\"36\">\n<p>ALGER- Une nouvelle galerie d&rsquo;art, d\u00e9di\u00e9e \u00e0 l&rsquo;art contemporain de l&rsquo;Afrique du nord et du monde arabe, baptis\u00e9e \u00ab\u00a0Diwaniya Art Gallery\u00a0\u00bb a ouvert ses portes r\u00e9cemment aux visiteurs \u00e0 la faveur de l&rsquo;exposition collective \u00ab\u00a0Massarat\u00a0\u00bb (parcours).<\/p>\n<\/div>\n<div readability=\"72\">\n<p>Cette nouvelle galerie situ\u00e9e dans le quartier de Cheraga (banlieue ouest d&rsquo;Alger) a \u00e9t\u00e9 fond\u00e9e par le c\u00e9l\u00e8bre plasticien alg\u00e9rien Hamza Bounoua qui ambitionne, par ce nouvel espace, d&rsquo;apporter un plus au d\u00e9veloppement des arts et du march\u00e9 de l&rsquo;art alg\u00e9rien , enrichir le d\u00e9bat artistique par des opportunit\u00e9s d&rsquo;\u00e9change d&rsquo;exp\u00e9riences et promouvoir le mouvement artistique alg\u00e9rien<\/p>\n<blockquote readability=\"14\">\n<p><strong><em>Ce nouveau venu dans le paysage culturel entame son parcours par l&rsquo;exposition collective \u00ab\u00a0Massarat\u00a0\u00bb qui regroupe les oeuvres des artistes alg\u00e9riennes Thilleli Rahmoun et Rachida Azdaou et celles de Lulwah Al Homoud (Arabie Saoudite), Mohamed Ibrahim El Masry (Egypte), Ghada Zoughby (Liban), Rashid Diab (Soudan), Mohamed Al Ameri (Jordanie), Mohamed Abou El Naga (Egypte), Shadi Talaei (Iran).<\/em><\/strong><\/p>\n<\/blockquote>\n<p>\u00ab\u00a0Massarat\u00a0\u00bb propose une collection de Rachida Azdaou, intitul\u00e9e \u00ab\u00a0Depressed\u00a0\u00bb photographie et vid\u00e9o prises lors d&rsquo;une performance de l&rsquo;artiste Toufik Kara ainsi que des toiles de\u00a0 Thilleli Rahmoun\u00a0 intitul\u00e9e \u00ab\u00a0Syndrome de Stockholm\u00a0\u00bb des collages avec des techniques mixtes sur le th\u00e8me de la libert\u00e9.<\/p>\n<p>Le plasticien soudanais\u00a0 Rashid Diab propose pour sa part des travaux sur la femme soudanaise et son costume traditionnel d\u00e9clin\u00e9 en plusieurs toiles alors que l&rsquo;Iranienne Shadi Talaei offre aux visiteurs une perception contemporaine de la calligraphie dans une collection intitul\u00e9e \u00ab\u00a0Immigration Of Coulours\u00a0\u00bb o\u00f9 la calligraphie se transforme en \u00e9l\u00e9ment iconographique et adopte une palette de couleur plus riche.<\/p>\n<blockquote readability=\"6\">\n<p><em><strong>La derni\u00e8re oeuvre de la plasticienne alg\u00e9rienne Baya Mahieddine tr\u00f4ne \u00e9galement sur les cimaises de la galerie comme un hommage \u00e0 cette grande figure de l&rsquo;art alg\u00e9rien.<\/strong><\/em><\/p>\n<\/blockquote>\n<p>Par mesure de pr\u00e9vention contre la propagation du coronavirus \u00ab\u00a0Diwaniya Art Gallery\u00a0\u00bb a opt\u00e9 pour des journ\u00e9es portes ouvertes qui durent jusqu&rsquo;au 28 septembre en guise de vernissage et d&rsquo;inauguration afin de limiter le nombre de visiteurs.<\/p>\n<p>Hamza Bounoua, fondateur de cette galerie a expliqu\u00e9 que l&rsquo;ouverture, initialement pr\u00e9vue pour le mois de mars dernier, a \u00e9t\u00e9 \u00ab\u00a0report\u00e9e vu la situation sanitaire et s&rsquo;est tenue en l&rsquo;absence des artistes participants\u00a0\u00bb.<\/p>\n<p>Il indique \u00e9galement que la \u00ab\u00a0Diwaniya Art Gallery\u00a0\u00bb pr\u00e9voit une exposition chaque trimestre et des rencontres sur les arts et le march\u00e9 de l&rsquo;art.<\/p>\n<p>L&rsquo;exposition \u00ab\u00a0Massarat\u00a0\u00bb est ouverte au public jusqu&rsquo;au 13 janvier 2021.<\/p>\n<\/div>\n<p>Auteur:<br \/>\n<a href=\"http:\/\/www.aps.dz\/culture\/110098-ouverture-de-la-galerie-diwaniya-art-gallery-a-alger\">Cliquez ici pour lire l&rsquo;article depuis sa source.<\/a><\/p>\n","protected":false},"excerpt":{"rendered":"<p>ALGER- Une nouvelle galerie d&rsquo;art, d\u00e9di\u00e9e \u00e0 l&rsquo;art contemporain de l&rsquo;Afrique du nord et du monde arabe, baptis\u00e9e \u00ab\u00a0Diwaniya Art Gallery\u00a0\u00bb a ouvert ses portes r\u00e9cemment aux visiteurs \u00e0 la faveur de l&rsquo;exposition collective \u00ab\u00a0Massarat\u00a0\u00bb (parcours). Cette nouvelle galerie situ\u00e9e dans le quartier de Cheraga (banlieue ouest d&rsquo;Alger) a \u00e9t\u00e9 fond\u00e9e par le c\u00e9l\u00e8bre plasticien [&hellip;]<\/p>\n","protected":false},"author":1790,"featured_media":0,"comment_status":"closed","ping_status":"closed","sticky":false,"template":"","format":"standard","meta":{"fifu_image_url":"","fifu_image_alt":"","footnotes":""},"categories":[53,79],"tags":[],"class_list":["post-99839","post","type-post","status-publish","format-standard","hentry","category-algerie","category-culture"],"_links":{"self":[{"href":"https:\/\/linitiative.ca\/International\/wp-json\/wp\/v2\/posts\/99839","targetHints":{"allow":["GET"]}}],"collection":[{"href":"https:\/\/linitiative.ca\/International\/wp-json\/wp\/v2\/posts"}],"about":[{"href":"https:\/\/linitiative.ca\/International\/wp-json\/wp\/v2\/types\/post"}],"author":[{"embeddable":true,"href":"https:\/\/linitiative.ca\/International\/wp-json\/wp\/v2\/users\/1790"}],"replies":[{"embeddable":true,"href":"https:\/\/linitiative.ca\/International\/wp-json\/wp\/v2\/comments?post=99839"}],"version-history":[{"count":0,"href":"https:\/\/linitiative.ca\/International\/wp-json\/wp\/v2\/posts\/99839\/revisions"}],"wp:attachment":[{"href":"https:\/\/linitiative.ca\/International\/wp-json\/wp\/v2\/media?parent=99839"}],"wp:term":[{"taxonomy":"category","embeddable":true,"href":"https:\/\/linitiative.ca\/International\/wp-json\/wp\/v2\/categories?post=99839"},{"taxonomy":"post_tag","embeddable":true,"href":"https:\/\/linitiative.ca\/International\/wp-json\/wp\/v2\/tags?post=99839"}],"curies":[{"name":"wp","href":"https:\/\/api.w.org\/{rel}","templated":true}]}}