{"id":99840,"date":"2020-09-24T05:30:00","date_gmt":"2020-09-24T09:30:00","guid":{"rendered":"https:\/\/linitiative.ca\/International\/trois-ans-de-prison-requis-contre-mohamed-djemai\/"},"modified":"2020-09-24T05:30:00","modified_gmt":"2020-09-24T09:30:00","slug":"trois-ans-de-prison-requis-contre-mohamed-djemai","status":"publish","type":"post","link":"https:\/\/linitiative.ca\/International\/trois-ans-de-prison-requis-contre-mohamed-djemai\/","title":{"rendered":"Trois ans de prison requis contre Mohamed Djema\u00ef"},"content":{"rendered":"<div id=\"originalText\" readability=\"82\">\n<p>Jug\u00e9 hier\u00a0 en\u00a0 premi\u00e8re instance\u00a0 par le tribunal\u00a0 de\u00a0 Sidi M\u2019hamed, l\u2019ancien secr\u00e9taire g\u00e9n\u00e9ral du FLN, Mohamed Djema\u00ef, risque\u00a0 jusqu\u2019\u00e0 trois ans de prison et une amende de 500 000 DA. C\u2019est\u00a0ce\u00a0qui ressort\u00a0du\u00a0r\u00e9quisitoire du\u00a0 procureur\u00a0 de\u00a0 la\u00a0 R\u00e9publique,\u00a0 en\u00a0 attendant\u00a0 le\u00a0 prononc\u00e9\u00a0 du\u00a0 verdict\u00a0 dans\u00a0 les prochains jours.<\/p>\n<p>Mohamed Djema\u00ef est poursuivi pour \u201cmenaces\u201d et \u201cabus d\u2019autorit\u00e9\u201d suite \u00e0 des textos envoy\u00e9s au journaliste et chroniqueur Sa\u00e2d Bouakba. Il est en d\u00e9tention provisoire depuis ao\u00fbt 2019.<\/p>\n<p>Pourtant, le journaliste a demand\u00e9 au procureur de la R\u00e9publique de retirer la plainte. Mais\u00a0 rien\u00a0 n\u2019a\u00a0 \u00e9t\u00e9\u00a0 fait. La\u00a0 justice\u00a0 a\u00a0 continu\u00e9\u00a0 les\u00a0 poursuites\u00a0 contre\u00a0 celui\u00a0 qui\u00a0 incarnait, avec Baha Eddine Tliba (lui aussi en d\u00e9tention) l\u2019immixtion de l\u2019argent en politique.\u00a0<\/p>\n<p>Mais bizarrement, ce n\u2019est pas pour des faits politiques, ni ceux li\u00e9s \u00e0 ses activit\u00e9s d\u2019homme\u00a0 d\u2019affaires\u00a0 (il est\u00a0 notamment\u00a0 propri\u00e9taire\u00a0 d\u2019une\u00a0 entreprise d\u2019assemblage d\u2019appareils \u00e9lectrom\u00e9nagers) qu\u2019il est poursuivi.<\/p>\n<p>Ce qui\u00a0 a\u00a0 pouss\u00e9\u00a0 ses\u00a0 avocats\u00a0 \u00e0\u00a0 r\u00e9clamer, naturellement, la\u00a0 relaxe. Ancien d\u00e9put\u00e9, Mohamed Djema\u00ef avait lui-m\u00eame demand\u00e9 la lev\u00e9e de son immunit\u00e9 parlementaire suite \u00e0 sa convocation par la justice.<\/p>\n<p>Il ne s\u2019attendait sans doute pas \u00e0 \u00eatre mis tout de\u00a0 suite\u00a0 en\u00a0 d\u00e9tention\u00a0 surtout\u00a0 que\u00a0 les faits\u00a0 qui\u00a0 lui sont reproch\u00e9s ne sont pas li\u00e9s \u00e0 ceux qui\u00a0 ont\u00a0conduit les autres symboles de l\u2019\u00e8re Bouteflika en prison.<\/p>\n<p>Mais le juge a d\u00e9cid\u00e9 de le mettre sous mandat de d\u00e9p\u00f4t. Apr\u00e8s avoir \u00e9t\u00e9 \u00e9lu d\u00e9put\u00e9 de T\u00e9bessa sans interruption depuis 2002, Mohamed Djema\u00ef a \u00e9t\u00e9 \u00e9lu vice-pr\u00e9sident de l\u2019APN. En 2019, apr\u00e8s le soul\u00e8vement populaire, il a \u00e9t\u00e9 \u201c\u00e9lu\u201d secr\u00e9taire g\u00e9n\u00e9ral du FLN, en remplacement de Mouadh Bouchareb, d\u00e9missionnaire.<\/p>\n<p>Il ne restera\u00a0 pas longtemps\u00a0 \u00e0\u00a0 ce\u00a0 poste puisqu\u2019il\u00a0 a\u00a0 \u00e9t\u00e9\u00a0 arr\u00eat\u00e9. Depuis ao\u00fbt 2019, le FLN\u00a0 est\u00a0 rest\u00e9\u00a0 sans\u00a0 secr\u00e9taire\u00a0 g\u00e9n\u00e9ral\u00a0 jusqu\u2019\u00e0\u00a0 la\u00a0 d\u00e9signation\u00a0 de Ba\u00e2dji Abou-El-Fadhl en mai dernier.\u00a0<br \/>\u00a0<\/p>\n<p class=\"c6\"><strong>Ali B.<\/strong><\/p>\n<\/div>\n<div id=\"text_core\" readability=\"82\">\n<p>Jug\u00e9 hier\u00a0 en\u00a0 premi\u00e8re instance\u00a0 par le tribunal\u00a0 de\u00a0 Sidi M\u2019hamed, l\u2019ancien secr\u00e9taire g\u00e9n\u00e9ral du FLN, Mohamed Djema\u00ef, risque\u00a0 jusqu\u2019\u00e0 trois ans de prison et une amende de 500 000 DA. C\u2019est\u00a0ce\u00a0qui ressort\u00a0du\u00a0r\u00e9quisitoire du\u00a0 procureur\u00a0 de\u00a0 la\u00a0 R\u00e9publique,\u00a0 en\u00a0 attendant\u00a0 le\u00a0 prononc\u00e9\u00a0 du\u00a0 verdict\u00a0 dans\u00a0 les prochains jours.<\/p>\n<p>Mohamed Djema\u00ef est poursuivi pour \u201cmenaces\u201d et \u201cabus d\u2019autorit\u00e9\u201d suite \u00e0 des textos envoy\u00e9s au journaliste et chroniqueur Sa\u00e2d Bouakba. Il est en d\u00e9tention provisoire depuis ao\u00fbt 2019.<\/p>\n<p>Pourtant, le journaliste a demand\u00e9 au procureur de la R\u00e9publique de retirer la plainte. Mais\u00a0 rien\u00a0 n\u2019a\u00a0 \u00e9t\u00e9\u00a0 fait. La\u00a0 justice\u00a0 a\u00a0 continu\u00e9\u00a0 les\u00a0 poursuites\u00a0 contre\u00a0 celui\u00a0 qui\u00a0 incarnait, avec Baha Eddine Tliba (lui aussi en d\u00e9tention) l\u2019immixtion de l\u2019argent en politique.\u00a0<\/p>\n<p>Mais bizarrement, ce n\u2019est pas pour des faits politiques, ni ceux li\u00e9s \u00e0 ses activit\u00e9s d\u2019homme\u00a0 d\u2019affaires\u00a0 (il est\u00a0 notamment\u00a0 propri\u00e9taire\u00a0 d\u2019une\u00a0 entreprise d\u2019assemblage d\u2019appareils \u00e9lectrom\u00e9nagers) qu\u2019il est poursuivi.<\/p>\n<p>Ce qui\u00a0 a\u00a0 pouss\u00e9\u00a0 ses\u00a0 avocats\u00a0 \u00e0\u00a0 r\u00e9clamer, naturellement, la\u00a0 relaxe. Ancien d\u00e9put\u00e9, Mohamed Djema\u00ef avait lui-m\u00eame demand\u00e9 la lev\u00e9e de son immunit\u00e9 parlementaire suite \u00e0 sa convocation par la justice.<\/p>\n<p>Il ne s\u2019attendait sans doute pas \u00e0 \u00eatre mis tout de\u00a0 suite\u00a0 en\u00a0 d\u00e9tention\u00a0 surtout\u00a0 que\u00a0 les faits\u00a0 qui\u00a0 lui sont reproch\u00e9s ne sont pas li\u00e9s \u00e0 ceux qui\u00a0 ont\u00a0conduit les autres symboles de l\u2019\u00e8re Bouteflika en prison.<\/p>\n<p>Mais le juge a d\u00e9cid\u00e9 de le mettre sous mandat de d\u00e9p\u00f4t. Apr\u00e8s avoir \u00e9t\u00e9 \u00e9lu d\u00e9put\u00e9 de T\u00e9bessa sans interruption depuis 2002, Mohamed Djema\u00ef a \u00e9t\u00e9 \u00e9lu vice-pr\u00e9sident de l\u2019APN. En 2019, apr\u00e8s le soul\u00e8vement populaire, il a \u00e9t\u00e9 \u201c\u00e9lu\u201d secr\u00e9taire g\u00e9n\u00e9ral du FLN, en remplacement de Mouadh Bouchareb, d\u00e9missionnaire.<\/p>\n<p>Il ne restera\u00a0 pas longtemps\u00a0 \u00e0\u00a0 ce\u00a0 poste puisqu\u2019il\u00a0 a\u00a0 \u00e9t\u00e9\u00a0 arr\u00eat\u00e9. Depuis ao\u00fbt 2019, le FLN\u00a0 est\u00a0 rest\u00e9\u00a0 sans\u00a0 secr\u00e9taire\u00a0 g\u00e9n\u00e9ral\u00a0 jusqu\u2019\u00e0\u00a0 la\u00a0 d\u00e9signation\u00a0 de Ba\u00e2dji Abou-El-Fadhl en mai dernier.\u00a0<br \/>\u00a0<\/p>\n<p class=\"c6\"><strong>Ali B.<\/strong><\/p>\n<\/div>\n<p>Auteur:<br \/>\n<a href=\"https:\/\/www.liberte-algerie.com\/actualite\/trois-ans-de-prison-requis-contre-mohamed-djemai-346116\">Cliquez ici pour lire l&rsquo;article depuis sa source.<\/a><\/p>\n","protected":false},"excerpt":{"rendered":"<p>Jug\u00e9 hier\u00a0 en\u00a0 premi\u00e8re instance\u00a0 par le tribunal\u00a0 de\u00a0 Sidi M\u2019hamed, l\u2019ancien secr\u00e9taire g\u00e9n\u00e9ral du FLN, Mohamed Djema\u00ef, risque\u00a0 jusqu\u2019\u00e0 trois ans de prison et une amende de 500 000 DA. C\u2019est\u00a0ce\u00a0qui ressort\u00a0du\u00a0r\u00e9quisitoire du\u00a0 procureur\u00a0 de\u00a0 la\u00a0 R\u00e9publique,\u00a0 en\u00a0 attendant\u00a0 le\u00a0 prononc\u00e9\u00a0 du\u00a0 verdict\u00a0 dans\u00a0 les prochains jours. Mohamed Djema\u00ef est poursuivi pour \u201cmenaces\u201d et [&hellip;]<\/p>\n","protected":false},"author":1742,"featured_media":0,"comment_status":"closed","ping_status":"closed","sticky":false,"template":"","format":"standard","meta":{"fifu_image_url":"","fifu_image_alt":"","footnotes":""},"categories":[73,53],"tags":[],"class_list":["post-99840","post","type-post","status-publish","format-standard","hentry","category-actualite","category-algerie"],"_links":{"self":[{"href":"https:\/\/linitiative.ca\/International\/wp-json\/wp\/v2\/posts\/99840","targetHints":{"allow":["GET"]}}],"collection":[{"href":"https:\/\/linitiative.ca\/International\/wp-json\/wp\/v2\/posts"}],"about":[{"href":"https:\/\/linitiative.ca\/International\/wp-json\/wp\/v2\/types\/post"}],"author":[{"embeddable":true,"href":"https:\/\/linitiative.ca\/International\/wp-json\/wp\/v2\/users\/1742"}],"replies":[{"embeddable":true,"href":"https:\/\/linitiative.ca\/International\/wp-json\/wp\/v2\/comments?post=99840"}],"version-history":[{"count":0,"href":"https:\/\/linitiative.ca\/International\/wp-json\/wp\/v2\/posts\/99840\/revisions"}],"wp:attachment":[{"href":"https:\/\/linitiative.ca\/International\/wp-json\/wp\/v2\/media?parent=99840"}],"wp:term":[{"taxonomy":"category","embeddable":true,"href":"https:\/\/linitiative.ca\/International\/wp-json\/wp\/v2\/categories?post=99840"},{"taxonomy":"post_tag","embeddable":true,"href":"https:\/\/linitiative.ca\/International\/wp-json\/wp\/v2\/tags?post=99840"}],"curies":[{"name":"wp","href":"https:\/\/api.w.org\/{rel}","templated":true}]}}