{"id":99842,"date":"2020-09-24T05:30:00","date_gmt":"2020-09-24T09:30:00","guid":{"rendered":"https:\/\/linitiative.ca\/International\/ce-nest-pas-assez\/"},"modified":"2020-09-24T05:30:00","modified_gmt":"2020-09-24T09:30:00","slug":"ce-nest-pas-assez","status":"publish","type":"post","link":"https:\/\/linitiative.ca\/International\/ce-nest-pas-assez\/","title":{"rendered":"\u201cCe n\u2019est pas assez\u201d"},"content":{"rendered":"<div id=\"originalText\" readability=\"124\">\n<p>Les mesures\u00a0 d\u2019accompagnement\u00a0 d\u00e9cid\u00e9es par les pouvoirs publics au profit des entreprises impact\u00e9es par la crise sanitaire ne trouvent pas leur traduction sur\u00a0 le\u00a0 terrain, du\u00a0 moins\u00a0 jusqu\u2019\u00e0 juin dernier.\u00a0 C\u2019est\u00a0 ce qu\u2019a\u00a0 indiqu\u00e9, hier, le pr\u00e9sident la Conf\u00e9d\u00e9ration alg\u00e9rienne du patronat citoyen (CAPC), Mohamed Sami Agli, lors d\u2019une conf\u00e9rence de presse organis\u00e9e au si\u00e8ge de l\u2019association patronale \u00e0 Alger.\u00a0<\/p>\n<p>\u201cL\u2019accompagnement n\u2019a\u00a0 pas \u00e9t\u00e9 suivi \u00e0 100%\u201d, soutient le pr\u00e9sident de la CAPC, relevant que dans\u00a0 une\u00a0 wilaya, une\u00a0 institution, sans citer laquelle, applique les mesures. Dans une autre wilaya, la m\u00eame institution affirme n\u2019avoir rien re\u00e7u.<\/p>\n<p>\u201cC\u2019\u00e9tait au mois de juin. Depuis, il y a eu un accompagnement. Est-ce assez ? Ma r\u00e9ponse\u00a0 est\u00a0 non\u201d, a-t-il\u00a0 soulign\u00e9.\u00a0 M. Agli, qui\u00a0 a\u00a0 pr\u00e9cis\u00e9 que\u00a0 la\u00a0 CAPC a salu\u00e9 les mesures prises par le gouvernement \u00e0 la demande du patronat, a mis en exergue l\u2019importance de la \u201cd\u00e9tresse\u201d des entreprises.<\/p>\n<p>\u201cTous les secteurs, notamment le BTPH et les services, sont impact\u00e9s par la crise sanitaire. Des chantiers \u00e9taient totalement \u00e0 l\u2019arr\u00eat. Des villes enti\u00e8res \u00e9taient\u00a0 confin\u00e9es.\u00a0 Les\u00a0 TPE\u00a0 et\u00a0 les Pme\u00a0 sont\u00a0 les\u00a0 entreprises\u00a0 les\u00a0 plus impact\u00e9es\u201d, a-t-il constat\u00e9, refusant de quantifier les pertes enregistr\u00e9es.<\/p>\n<p>\u201cAucune institution\u00a0 ne\u00a0 peut\u00a0 avancer\u00a0 le chiffre exact des pertes\u201d, estime le pr\u00e9sident de la CAPC, saluant, par ailleurs, l\u2019annonce, par le pr\u00e9sident de la R\u00e9publique, de\u00a0 la\u00a0 cr\u00e9ation d\u2019un\u00a0 \u00a0fonds\u00a0 de\u00a0 compensation. Interrog\u00e9 sur la derni\u00e8re d\u00e9cision du\u00a0 Conseil\u00a0 des\u00a0 ministres concernant les importations, M. Agli affirme qu\u2019il est pr\u00e9matur\u00e9 de s\u2019exprimer sur la question.<\/p>\n<p>\u201cNous allons voir la traduction de la\u00a0 mesure sur le plan op\u00e9rationnel\u201d, a-t-il nuanc\u00e9. N\u00e9anmoins, le pr\u00e9sident de la CAPC plaide pour que la mesure ne soit pas \u201cun obstacle\u201d aux acteurs \u00e9conomiques.<\/p>\n<p>Le\u00a0 dernier\u00a0 Conseil\u00a0 des\u00a0 ministres\u00a0 a d\u00e9cid\u00e9 de \u201csoumettre, \u00e0 l&rsquo;avenir, tout engagement financier dans l&rsquo;importation et toute transaction en devises, \u00e0 l&rsquo;approbation pr\u00e9alable du Conseil du gouvernement en vue de prot\u00e9ger le produit\u00a0 national, d\u2019encourager\u00a0 sa\u00a0 consommation\u00a0 au\u00a0 niveau\u00a0 local\u00a0 et\u00a0 de pr\u00e9server les r\u00e9serves de change\u201d.<\/p>\n<p>M. Agli\u00a0 dit\u00a0 comprendre\u00a0 que\u00a0 le\u00a0 gouvernement\u00a0 soit\u00a0 strict\u00a0 concernant\u00a0 les importations de produits destin\u00e9s \u00e0 la revente en l\u2019\u00e9tat, en raison de la baisse des r\u00e9serves de change, mais les industriels, ceux qui ach\u00e8tent de la mati\u00e8re premi\u00e8re, des\u00a0 machines, des\u00a0 pi\u00e8ces\u00a0 de\u00a0 rechange\u2026 ne doivent pas \u00eatre impact\u00e9s par cette mesure.<\/p>\n<p>Le pr\u00e9sident de\u00a0 la\u00a0 CAPC\u00a0 souhaite que cette mesure ne soit pas\u00a0 \u201cun verrou bureaucratique pour les vrais cr\u00e9ateurs de richesse\u201d. M. Agli, qui a\u00a0 d\u00e9clin\u00e9 le plan d\u2019action de son organisation patronale, a \u00e9voqu\u00e9 la pr\u00e9paration d\u2019un livre blanc\u00a0 sur\u00a0 l\u2019\u00e9conomie, un\u00a0 document\u00a0 qualifi\u00e9\u00a0 d\u2019important\u00a0 qui\u00a0 devrait\u00a0 \u00eatre divulgu\u00e9 dans quelques semaines. M. Agli s\u2019est montr\u00e9 optimiste.<\/p>\n<p>\u201cSi\u00a0 le\u00a0 plan\u00a0 de\u00a0 relance\u00a0 ne\u00a0 r\u00e9ussit\u00a0 pas,\u00a0 la\u00a0 situation\u00a0 risque\u00a0 d\u2019\u00eatre\u00a0 tr\u00e8s compliqu\u00e9e\u201d,\u00a0 a-t-il\u00a0 averti,\u00a0 soulignant\u00a0 l\u2019imp\u00e9ratif\u00a0 d\u2019un\u00a0 nouveau\u00a0 mod\u00e8le \u00e9conomique. Le pr\u00e9sident de la CAPC, qui soutient la strat\u00e9gie \u00e9conomique du gouvernement, estime que l\u2019agriculture, l\u2019\u00e9conomie de la connaissance et l\u2019industrie peuvent constituer des leviers de croissance.<br \/>\u00a0<\/p>\n<p class=\"c6\"><strong>M. R.<\/strong><\/p>\n<\/div>\n<div id=\"text_core\" readability=\"124\">\n<p>Les mesures\u00a0 d\u2019accompagnement\u00a0 d\u00e9cid\u00e9es par les pouvoirs publics au profit des entreprises impact\u00e9es par la crise sanitaire ne trouvent pas leur traduction sur\u00a0 le\u00a0 terrain, du\u00a0 moins\u00a0 jusqu\u2019\u00e0 juin dernier.\u00a0 C\u2019est\u00a0 ce qu\u2019a\u00a0 indiqu\u00e9, hier, le pr\u00e9sident la Conf\u00e9d\u00e9ration alg\u00e9rienne du patronat citoyen (CAPC), Mohamed Sami Agli, lors d\u2019une conf\u00e9rence de presse organis\u00e9e au si\u00e8ge de l\u2019association patronale \u00e0 Alger.\u00a0<\/p>\n<p>\u201cL\u2019accompagnement n\u2019a\u00a0 pas \u00e9t\u00e9 suivi \u00e0 100%\u201d, soutient le pr\u00e9sident de la CAPC, relevant que dans\u00a0 une\u00a0 wilaya, une\u00a0 institution, sans citer laquelle, applique les mesures. Dans une autre wilaya, la m\u00eame institution affirme n\u2019avoir rien re\u00e7u.<\/p>\n<p>\u201cC\u2019\u00e9tait au mois de juin. Depuis, il y a eu un accompagnement. Est-ce assez ? Ma r\u00e9ponse\u00a0 est\u00a0 non\u201d, a-t-il\u00a0 soulign\u00e9.\u00a0 M. Agli, qui\u00a0 a\u00a0 pr\u00e9cis\u00e9 que\u00a0 la\u00a0 CAPC a salu\u00e9 les mesures prises par le gouvernement \u00e0 la demande du patronat, a mis en exergue l\u2019importance de la \u201cd\u00e9tresse\u201d des entreprises.<\/p>\n<p>\u201cTous les secteurs, notamment le BTPH et les services, sont impact\u00e9s par la crise sanitaire. Des chantiers \u00e9taient totalement \u00e0 l\u2019arr\u00eat. Des villes enti\u00e8res \u00e9taient\u00a0 confin\u00e9es.\u00a0 Les\u00a0 TPE\u00a0 et\u00a0 les Pme\u00a0 sont\u00a0 les\u00a0 entreprises\u00a0 les\u00a0 plus impact\u00e9es\u201d, a-t-il constat\u00e9, refusant de quantifier les pertes enregistr\u00e9es.<\/p>\n<p>\u201cAucune institution\u00a0 ne\u00a0 peut\u00a0 avancer\u00a0 le chiffre exact des pertes\u201d, estime le pr\u00e9sident de la CAPC, saluant, par ailleurs, l\u2019annonce, par le pr\u00e9sident de la R\u00e9publique, de\u00a0 la\u00a0 cr\u00e9ation d\u2019un\u00a0 \u00a0fonds\u00a0 de\u00a0 compensation. Interrog\u00e9 sur la derni\u00e8re d\u00e9cision du\u00a0 Conseil\u00a0 des\u00a0 ministres concernant les importations, M. Agli affirme qu\u2019il est pr\u00e9matur\u00e9 de s\u2019exprimer sur la question.<\/p>\n<p>\u201cNous allons voir la traduction de la\u00a0 mesure sur le plan op\u00e9rationnel\u201d, a-t-il nuanc\u00e9. N\u00e9anmoins, le pr\u00e9sident de la CAPC plaide pour que la mesure ne soit pas \u201cun obstacle\u201d aux acteurs \u00e9conomiques.<\/p>\n<p>Le\u00a0 dernier\u00a0 Conseil\u00a0 des\u00a0 ministres\u00a0 a d\u00e9cid\u00e9 de \u201csoumettre, \u00e0 l&rsquo;avenir, tout engagement financier dans l&rsquo;importation et toute transaction en devises, \u00e0 l&rsquo;approbation pr\u00e9alable du Conseil du gouvernement en vue de prot\u00e9ger le produit\u00a0 national, d\u2019encourager\u00a0 sa\u00a0 consommation\u00a0 au\u00a0 niveau\u00a0 local\u00a0 et\u00a0 de pr\u00e9server les r\u00e9serves de change\u201d.<\/p>\n<p>M. Agli\u00a0 dit\u00a0 comprendre\u00a0 que\u00a0 le\u00a0 gouvernement\u00a0 soit\u00a0 strict\u00a0 concernant\u00a0 les importations de produits destin\u00e9s \u00e0 la revente en l\u2019\u00e9tat, en raison de la baisse des r\u00e9serves de change, mais les industriels, ceux qui ach\u00e8tent de la mati\u00e8re premi\u00e8re, des\u00a0 machines, des\u00a0 pi\u00e8ces\u00a0 de\u00a0 rechange\u2026 ne doivent pas \u00eatre impact\u00e9s par cette mesure.<\/p>\n<p>Le pr\u00e9sident de\u00a0 la\u00a0 CAPC\u00a0 souhaite que cette mesure ne soit pas\u00a0 \u201cun verrou bureaucratique pour les vrais cr\u00e9ateurs de richesse\u201d. M. Agli, qui a\u00a0 d\u00e9clin\u00e9 le plan d\u2019action de son organisation patronale, a \u00e9voqu\u00e9 la pr\u00e9paration d\u2019un livre blanc\u00a0 sur\u00a0 l\u2019\u00e9conomie, un\u00a0 document\u00a0 qualifi\u00e9\u00a0 d\u2019important\u00a0 qui\u00a0 devrait\u00a0 \u00eatre divulgu\u00e9 dans quelques semaines. M. Agli s\u2019est montr\u00e9 optimiste.<\/p>\n<p>\u201cSi\u00a0 le\u00a0 plan\u00a0 de\u00a0 relance\u00a0 ne\u00a0 r\u00e9ussit\u00a0 pas,\u00a0 la\u00a0 situation\u00a0 risque\u00a0 d\u2019\u00eatre\u00a0 tr\u00e8s compliqu\u00e9e\u201d,\u00a0 a-t-il\u00a0 averti,\u00a0 soulignant\u00a0 l\u2019imp\u00e9ratif\u00a0 d\u2019un\u00a0 nouveau\u00a0 mod\u00e8le \u00e9conomique. Le pr\u00e9sident de la CAPC, qui soutient la strat\u00e9gie \u00e9conomique du gouvernement, estime que l\u2019agriculture, l\u2019\u00e9conomie de la connaissance et l\u2019industrie peuvent constituer des leviers de croissance.<br \/>\u00a0<\/p>\n<p class=\"c6\"><strong>M. R.<\/strong><\/p>\n<\/div>\n<p>Auteur:<br \/>\n<a href=\"https:\/\/www.liberte-algerie.com\/economie\/ce-nest-pas-assez-346114\">Cliquez ici pour lire l&rsquo;article depuis sa source.<\/a><\/p>\n","protected":false},"excerpt":{"rendered":"<p>Les mesures\u00a0 d\u2019accompagnement\u00a0 d\u00e9cid\u00e9es par les pouvoirs publics au profit des entreprises impact\u00e9es par la crise sanitaire ne trouvent pas leur traduction sur\u00a0 le\u00a0 terrain, du\u00a0 moins\u00a0 jusqu\u2019\u00e0 juin dernier.\u00a0 C\u2019est\u00a0 ce qu\u2019a\u00a0 indiqu\u00e9, hier, le pr\u00e9sident la Conf\u00e9d\u00e9ration alg\u00e9rienne du patronat citoyen (CAPC), Mohamed Sami Agli, lors d\u2019une conf\u00e9rence de presse organis\u00e9e au si\u00e8ge [&hellip;]<\/p>\n","protected":false},"author":1742,"featured_media":0,"comment_status":"closed","ping_status":"closed","sticky":false,"template":"","format":"standard","meta":{"fifu_image_url":"","fifu_image_alt":"","footnotes":""},"categories":[73,53],"tags":[],"class_list":["post-99842","post","type-post","status-publish","format-standard","hentry","category-actualite","category-algerie"],"_links":{"self":[{"href":"https:\/\/linitiative.ca\/International\/wp-json\/wp\/v2\/posts\/99842","targetHints":{"allow":["GET"]}}],"collection":[{"href":"https:\/\/linitiative.ca\/International\/wp-json\/wp\/v2\/posts"}],"about":[{"href":"https:\/\/linitiative.ca\/International\/wp-json\/wp\/v2\/types\/post"}],"author":[{"embeddable":true,"href":"https:\/\/linitiative.ca\/International\/wp-json\/wp\/v2\/users\/1742"}],"replies":[{"embeddable":true,"href":"https:\/\/linitiative.ca\/International\/wp-json\/wp\/v2\/comments?post=99842"}],"version-history":[{"count":0,"href":"https:\/\/linitiative.ca\/International\/wp-json\/wp\/v2\/posts\/99842\/revisions"}],"wp:attachment":[{"href":"https:\/\/linitiative.ca\/International\/wp-json\/wp\/v2\/media?parent=99842"}],"wp:term":[{"taxonomy":"category","embeddable":true,"href":"https:\/\/linitiative.ca\/International\/wp-json\/wp\/v2\/categories?post=99842"},{"taxonomy":"post_tag","embeddable":true,"href":"https:\/\/linitiative.ca\/International\/wp-json\/wp\/v2\/tags?post=99842"}],"curies":[{"name":"wp","href":"https:\/\/api.w.org\/{rel}","templated":true}]}}