{"id":99844,"date":"2020-09-24T05:30:00","date_gmt":"2020-09-24T09:30:00","guid":{"rendered":"https:\/\/linitiative.ca\/International\/scandale-a-la-foire-dalger\/"},"modified":"2020-09-24T05:30:00","modified_gmt":"2020-09-24T09:30:00","slug":"scandale-a-la-foire-dalger","status":"publish","type":"post","link":"https:\/\/linitiative.ca\/International\/scandale-a-la-foire-dalger\/","title":{"rendered":"Scandale \u00e0 la Foire d\u2019Alger"},"content":{"rendered":"<div id=\"originalText\" readability=\"126\">\n<p>La premi\u00e8re \u00e9dition de la Foire nationale des produits de l\u2019agriculture et de l\u2019agroalimentaire, qui devait se tenir du 23 au 27 du mois en cours au Palais des expositions (Pins-Maritimes) d\u2019Alger, a \u00e9t\u00e9 annul\u00e9e \u00e0 quelques heures seulement de son inauguration.<\/p>\n<p>L\u2019annonce a \u00e9t\u00e9 faite, mardi \u00e0 22h, quand la Soci\u00e9t\u00e9 alg\u00e9rienne des foires et exportations (Safex) a envoy\u00e9 un communiqu\u00e9 sibyllin aux m\u00e9dias nationaux indiquant que l\u2019\u00e9v\u00e9nement a \u00e9t\u00e9 report\u00e9 \u201cpour des raisons organisationnelles\u201d, pr\u00e9cisant que \u201cla nouvelle date de la tenue de cet \u00e9v\u00e9nement sera communiqu\u00e9e ult\u00e9rieurement\u201d.<\/p>\n<p>Que s\u2019est-il pass\u00e9 exactement ? L\u2019\u00e9v\u00e9nement, que devaient organiser la Safex et la Chambre nationale d\u2019agriculture, devait regrouper pr\u00e8s de 180 exposants de 26 wilayas et \u00e9tait \u00e0 ses derni\u00e8res retouches lorsqu\u2019un responsable du minist\u00e8re du Commerce a appel\u00e9 \u00e0 18h les responsables de la Safex pour les informer que ladite manifestation avait \u00e9t\u00e9 ajourn\u00e9e.<\/p>\n<p>Une r\u00e9union d\u2019urgence a alors \u00e9t\u00e9 convoqu\u00e9e \u00e0 la Safex et \u00e0 la Chambre d\u2019agriculture, vu que le minist\u00e8re de l\u2019Agriculture \u00e9tait inform\u00e9 au m\u00eame titre que celui du Commerce de cette d\u00e9cision.<\/p>\n<p>Au pavillon central o\u00f9 devait se d\u00e9rouler l\u2019\u00e9v\u00e9nement, les participants s\u2019attelaient \u00e0 exposer leurs productions et \u00e0 s\u2019organiser sur 7 000 m\u00e8tres carr\u00e9s pour recevoir les visiteurs, d\u2019autant que cette premi\u00e8re foire rev\u00eat, outre ses objectifs pour la reprise \u00e9conomique, un caract\u00e8re commercial qui permettrait aux exposants, impact\u00e9s par la crise sanitaire, d\u2019\u00e9couler l\u2019exc\u00e9dent de la production en fruits et l\u00e9gumes, boissons, produits transform\u00e9s, produits du terroir et autres produits agricoles et agroalimentaires.<\/p>\n<p>Et alors que les exposants commen\u00e7aient \u00e0 peine \u00e0 go\u00fbter \u00e0 cette ambiance, ces derniers sont inform\u00e9s par la Safex et la Chambre nationale d\u2019agriculture du \u201creport\u201d de l\u2019\u00e9v\u00e9nement. La d\u00e9ception est totale. Selon nos sources, le gouvernement aurait fait machine arri\u00e8re suite \u00e0 la d\u00e9cision du Comit\u00e9 scientifique qui n\u2019aurait pas valid\u00e9 cet \u00e9v\u00e9nement.<\/p>\n<p>Un v\u00e9ritable scandale qui nous rappelle la cacophonie qui r\u00e8gne entre les politiques et les scientifiques, et qui se rejettent \u00e0 chaque fois la balle, comme c\u2019est le cas pour la rentr\u00e9e scolaire.<\/p>\n<p>Pourtant, \u00e0 15h, la Safex a adress\u00e9 un dernier rappel \u00e0 la presse nationale sur l\u2019importance de la m\u00e9diatisation de cet \u00e9v\u00e9nement rappelant que \u201ccette manifestation qui marquera la reprise de l\u2019activit\u00e9 \u00e9v\u00e9nementielle nationale concerne les secteurs de l\u2019agriculture et de l\u2019agroalimentaire, consid\u00e9r\u00e9s comme des secteurs strat\u00e9giques qui entrent dans la nouvelle vision \u00e9conomique de l\u2019Alg\u00e9rie nouvelle instaur\u00e9e par le pr\u00e9sident de la R\u00e9publique, Abdelmadjid Tebboune\u201d, d\u2019une part, et que \u201cles organisateurs veilleront au respect du protocole sanitaire de pr\u00e9vention contre la Covid-19, instaur\u00e9 et \u00e9dict\u00e9 par l\u2019Union des Foires internationales\u201d, d\u2019autre part.<\/p>\n<p>Pis encore, il y a quatre jours, le directeur des Foires \u00e0 l\u2019\u00e9tranger aupr\u00e8s de la Safex, Ali Ferah, a, lors d\u2019une conf\u00e9rence de presse, d\u00e9taill\u00e9 le dispositif de pr\u00e9vention contre le coronavirus qui \u00e9tait pr\u00e9vu par la Safex tout au long de cet \u00e9v\u00e9nement qui devait accueillir plus de 5 000 visiteurs.<\/p>\n<p>M. Ferah s\u2019est, en effet, attard\u00e9 sur l\u2019affichage obligatoire des gestes barri\u00e8res \u00e0 l\u2019int\u00e9rieur du site et l\u2019\u00e9laboration d\u2019un guide sanitaire destin\u00e9 aux exposants sur le respect des gestes barri\u00e8res, ainsi que sur la manipulation des produits qui devraient \u00eatre conformes aux normes de s\u00e9curit\u00e9 sanitaire.<\/p>\n<p>Mieux, ce dispositif portait sur le nettoyage et la d\u00e9sinfection des stands et pavillons, l\u2019organisation des espaces d\u2019exposition et la gestion des flux de circulation des visiteurs. Hier, les exposants, d\u00e9sempar\u00e9s devant cette d\u00e9cision, sont rentr\u00e9s bredouilles, en attendant une nouvelle date.\u00a0<br \/>\u00a0<\/p>\n<p class=\"c6\"><strong>FARID BELGACEM<\/strong><\/p>\n<\/div>\n<div id=\"text_core\" readability=\"126\">\n<p>La premi\u00e8re \u00e9dition de la Foire nationale des produits de l\u2019agriculture et de l\u2019agroalimentaire, qui devait se tenir du 23 au 27 du mois en cours au Palais des expositions (Pins-Maritimes) d\u2019Alger, a \u00e9t\u00e9 annul\u00e9e \u00e0 quelques heures seulement de son inauguration.<\/p>\n<p>L\u2019annonce a \u00e9t\u00e9 faite, mardi \u00e0 22h, quand la Soci\u00e9t\u00e9 alg\u00e9rienne des foires et exportations (Safex) a envoy\u00e9 un communiqu\u00e9 sibyllin aux m\u00e9dias nationaux indiquant que l\u2019\u00e9v\u00e9nement a \u00e9t\u00e9 report\u00e9 \u201cpour des raisons organisationnelles\u201d, pr\u00e9cisant que \u201cla nouvelle date de la tenue de cet \u00e9v\u00e9nement sera communiqu\u00e9e ult\u00e9rieurement\u201d.<\/p>\n<p>Que s\u2019est-il pass\u00e9 exactement ? L\u2019\u00e9v\u00e9nement, que devaient organiser la Safex et la Chambre nationale d\u2019agriculture, devait regrouper pr\u00e8s de 180 exposants de 26 wilayas et \u00e9tait \u00e0 ses derni\u00e8res retouches lorsqu\u2019un responsable du minist\u00e8re du Commerce a appel\u00e9 \u00e0 18h les responsables de la Safex pour les informer que ladite manifestation avait \u00e9t\u00e9 ajourn\u00e9e.<\/p>\n<p>Une r\u00e9union d\u2019urgence a alors \u00e9t\u00e9 convoqu\u00e9e \u00e0 la Safex et \u00e0 la Chambre d\u2019agriculture, vu que le minist\u00e8re de l\u2019Agriculture \u00e9tait inform\u00e9 au m\u00eame titre que celui du Commerce de cette d\u00e9cision.<\/p>\n<p>Au pavillon central o\u00f9 devait se d\u00e9rouler l\u2019\u00e9v\u00e9nement, les participants s\u2019attelaient \u00e0 exposer leurs productions et \u00e0 s\u2019organiser sur 7 000 m\u00e8tres carr\u00e9s pour recevoir les visiteurs, d\u2019autant que cette premi\u00e8re foire rev\u00eat, outre ses objectifs pour la reprise \u00e9conomique, un caract\u00e8re commercial qui permettrait aux exposants, impact\u00e9s par la crise sanitaire, d\u2019\u00e9couler l\u2019exc\u00e9dent de la production en fruits et l\u00e9gumes, boissons, produits transform\u00e9s, produits du terroir et autres produits agricoles et agroalimentaires.<\/p>\n<p>Et alors que les exposants commen\u00e7aient \u00e0 peine \u00e0 go\u00fbter \u00e0 cette ambiance, ces derniers sont inform\u00e9s par la Safex et la Chambre nationale d\u2019agriculture du \u201creport\u201d de l\u2019\u00e9v\u00e9nement. La d\u00e9ception est totale. Selon nos sources, le gouvernement aurait fait machine arri\u00e8re suite \u00e0 la d\u00e9cision du Comit\u00e9 scientifique qui n\u2019aurait pas valid\u00e9 cet \u00e9v\u00e9nement.<\/p>\n<p>Un v\u00e9ritable scandale qui nous rappelle la cacophonie qui r\u00e8gne entre les politiques et les scientifiques, et qui se rejettent \u00e0 chaque fois la balle, comme c\u2019est le cas pour la rentr\u00e9e scolaire.<\/p>\n<p>Pourtant, \u00e0 15h, la Safex a adress\u00e9 un dernier rappel \u00e0 la presse nationale sur l\u2019importance de la m\u00e9diatisation de cet \u00e9v\u00e9nement rappelant que \u201ccette manifestation qui marquera la reprise de l\u2019activit\u00e9 \u00e9v\u00e9nementielle nationale concerne les secteurs de l\u2019agriculture et de l\u2019agroalimentaire, consid\u00e9r\u00e9s comme des secteurs strat\u00e9giques qui entrent dans la nouvelle vision \u00e9conomique de l\u2019Alg\u00e9rie nouvelle instaur\u00e9e par le pr\u00e9sident de la R\u00e9publique, Abdelmadjid Tebboune\u201d, d\u2019une part, et que \u201cles organisateurs veilleront au respect du protocole sanitaire de pr\u00e9vention contre la Covid-19, instaur\u00e9 et \u00e9dict\u00e9 par l\u2019Union des Foires internationales\u201d, d\u2019autre part.<\/p>\n<p>Pis encore, il y a quatre jours, le directeur des Foires \u00e0 l\u2019\u00e9tranger aupr\u00e8s de la Safex, Ali Ferah, a, lors d\u2019une conf\u00e9rence de presse, d\u00e9taill\u00e9 le dispositif de pr\u00e9vention contre le coronavirus qui \u00e9tait pr\u00e9vu par la Safex tout au long de cet \u00e9v\u00e9nement qui devait accueillir plus de 5 000 visiteurs.<\/p>\n<p>M. Ferah s\u2019est, en effet, attard\u00e9 sur l\u2019affichage obligatoire des gestes barri\u00e8res \u00e0 l\u2019int\u00e9rieur du site et l\u2019\u00e9laboration d\u2019un guide sanitaire destin\u00e9 aux exposants sur le respect des gestes barri\u00e8res, ainsi que sur la manipulation des produits qui devraient \u00eatre conformes aux normes de s\u00e9curit\u00e9 sanitaire.<\/p>\n<p>Mieux, ce dispositif portait sur le nettoyage et la d\u00e9sinfection des stands et pavillons, l\u2019organisation des espaces d\u2019exposition et la gestion des flux de circulation des visiteurs. Hier, les exposants, d\u00e9sempar\u00e9s devant cette d\u00e9cision, sont rentr\u00e9s bredouilles, en attendant une nouvelle date.\u00a0<br \/>\u00a0<\/p>\n<p class=\"c6\"><strong>FARID BELGACEM<\/strong><\/p>\n<\/div>\n<p>Auteur:<br \/>\n<a href=\"https:\/\/www.liberte-algerie.com\/actualite\/scandale-a-la-foire-dalger-346112\">Cliquez ici pour lire l&rsquo;article depuis sa source.<\/a><\/p>\n","protected":false},"excerpt":{"rendered":"<p>La premi\u00e8re \u00e9dition de la Foire nationale des produits de l\u2019agriculture et de l\u2019agroalimentaire, qui devait se tenir du 23 au 27 du mois en cours au Palais des expositions (Pins-Maritimes) d\u2019Alger, a \u00e9t\u00e9 annul\u00e9e \u00e0 quelques heures seulement de son inauguration. L\u2019annonce a \u00e9t\u00e9 faite, mardi \u00e0 22h, quand la Soci\u00e9t\u00e9 alg\u00e9rienne des foires [&hellip;]<\/p>\n","protected":false},"author":1742,"featured_media":0,"comment_status":"closed","ping_status":"closed","sticky":false,"template":"","format":"standard","meta":{"fifu_image_url":"","fifu_image_alt":"","footnotes":""},"categories":[73,53],"tags":[],"class_list":["post-99844","post","type-post","status-publish","format-standard","hentry","category-actualite","category-algerie"],"_links":{"self":[{"href":"https:\/\/linitiative.ca\/International\/wp-json\/wp\/v2\/posts\/99844","targetHints":{"allow":["GET"]}}],"collection":[{"href":"https:\/\/linitiative.ca\/International\/wp-json\/wp\/v2\/posts"}],"about":[{"href":"https:\/\/linitiative.ca\/International\/wp-json\/wp\/v2\/types\/post"}],"author":[{"embeddable":true,"href":"https:\/\/linitiative.ca\/International\/wp-json\/wp\/v2\/users\/1742"}],"replies":[{"embeddable":true,"href":"https:\/\/linitiative.ca\/International\/wp-json\/wp\/v2\/comments?post=99844"}],"version-history":[{"count":0,"href":"https:\/\/linitiative.ca\/International\/wp-json\/wp\/v2\/posts\/99844\/revisions"}],"wp:attachment":[{"href":"https:\/\/linitiative.ca\/International\/wp-json\/wp\/v2\/media?parent=99844"}],"wp:term":[{"taxonomy":"category","embeddable":true,"href":"https:\/\/linitiative.ca\/International\/wp-json\/wp\/v2\/categories?post=99844"},{"taxonomy":"post_tag","embeddable":true,"href":"https:\/\/linitiative.ca\/International\/wp-json\/wp\/v2\/tags?post=99844"}],"curies":[{"name":"wp","href":"https:\/\/api.w.org\/{rel}","templated":true}]}}