{"id":99852,"date":"2020-09-24T13:59:16","date_gmt":"2020-09-24T17:59:16","guid":{"rendered":"https:\/\/linitiative.ca\/International\/covid-19-campagne-de-sensibilisation-dans-le-souk-daguerd\/"},"modified":"2020-09-24T13:59:16","modified_gmt":"2020-09-24T17:59:16","slug":"covid-19-campagne-de-sensibilisation-dans-le-souk-daguerd","status":"publish","type":"post","link":"https:\/\/linitiative.ca\/International\/covid-19-campagne-de-sensibilisation-dans-le-souk-daguerd\/","title":{"rendered":"Covid-19: Campagne de sensibilisation dans le souk d\u2019Aguerd"},"content":{"rendered":"<div readability=\"39\">\n<p>Commune d\u2019Aguerd (province d\u2019Essaouira) \u2013 Une vaste campagne de sensibilisation et de conscientisation a \u00e9t\u00e9 men\u00e9e, mercredi, dans le souk hebdomadaire de la commune d\u2019Aguerd, relevant de la province d\u2019Essaouira et ce, dans le cadre des actions entreprises pour le renforcement de la s\u00e9curit\u00e9 sanitaire et la lutte contre la propagation de la pand\u00e9mie de la Covid-19.<\/p>\n<\/div>\n<div readability=\"89\">\n<p>Cette campagne intervient dans le sillage des efforts d\u00e9ploy\u00e9s par le conseil de la commune pour l\u2019organisation de l\u2019activit\u00e9 commerciale au sein du souk hebdomadaire, conform\u00e9ment aux r\u00e8gles d\u2019hygi\u00e8ne et aux mesures pr\u00e9ventives pour la lutte contre la pand\u00e9mie.<\/p>\n<p>Dans ce sens, une commission mixte, compos\u00e9e notamment des repr\u00e9sentants des autorit\u00e9s locales et s\u00e9curitaires, a men\u00e9 cette vaste campagne de sensibilisation aupr\u00e8s des commer\u00e7ants, clients et usagers du souk, avec pour objectifs, entre autres, de veiller \u00e0 l\u2019organisation des vendeurs \u00e0 l\u2019int\u00e9rieur de ce march\u00e9 selon le genre des activit\u00e9s qui y sont exerc\u00e9es.<\/p>\n<p>Ainsi, les commer\u00e7ants ont \u00e9t\u00e9 invit\u00e9s \u00e0 respecter les r\u00e8gles de s\u00e9curit\u00e9 sanitaire et d\u2019hygi\u00e8ne et \u00e0 se conformer aux mesures de pr\u00e9vention, telles que le port obligatoire des masques de protection, la distanciation physique et l\u2019\u00e9largissement des passages au sein du souk en vue d\u2019assurer l\u2019exercice de leurs activit\u00e9s dans des conditions appropri\u00e9es, s\u00fbres et saines.<\/p>\n<p>Cette op\u00e9ration, qui s\u2019inscrit dans le cadre des efforts constants consentis par le conseil de la commune d\u2019Aguerd, visait aussi \u00e0 favoriser la lutte contre l\u2019anarchie et l\u2019organisation de l\u2019activit\u00e9 commerciale dans ces lieux, selon une approche participative impliquant les diff\u00e9rentes parties concern\u00e9es.<\/p>\n<p>Cette visite de terrain au souk hebdomadaire d\u2019Aguerd a \u00e9t\u00e9 ainsi marqu\u00e9e par une op\u00e9ration de contr\u00f4le des commerces de vente de viande et par la sensibilisation des marchands de poissons quant \u00e0 l\u2019imp\u00e9ratif de respecter l\u2019espace qui leur est d\u00e9di\u00e9 pour la vente des produits de la mer, sachant qu\u2019un autre espace a \u00e9t\u00e9 am\u00e9nag\u00e9 au profit des vendeurs des volailles.<\/p>\n<p>A cette occasion, le pr\u00e9sident de la commune d\u2019Aguerd, El Mostafa Blinka, a indiqu\u00e9 que le conseil communal a d\u00e9cid\u00e9 de proc\u00e9der \u00e0 l\u2019organisation des vendeurs au sein du souk hebdomadaire et de l\u2019abattoir communal afin d\u2019\u00eatre en conformit\u00e9 avec les r\u00e8gles et mesures de pr\u00e9vention en vigueur, ajoutant qu\u2019il a \u00e9t\u00e9 \u00e9galement propos\u00e9 d\u2019exploiter certains espaces jouxtant ce march\u00e9 en vue d\u2019\u00e9viter tout encombrement des commer\u00e7ants.<\/p>\n<p>Et M. Blinka d\u2019affirmer que la pr\u00e9sidence du conseil ne m\u00e9nage aucun effort pour le d\u00e9veloppement et l\u2019am\u00e9lioration de ce march\u00e9 en vue d\u2019en faire un lieu r\u00e9pondant aux attentes et aux besoins de la population de la commune, en particulier, et de la province d\u2019Essaouira, en g\u00e9n\u00e9ral, ainsi qu\u2019une source de revenus pour les professionnels et les commer\u00e7ants ou ceux exer\u00e7ant d\u2019autres activit\u00e9s, le tout dans le respect de l\u2019ensemble des mesures et dispositifs d\u00e9cr\u00e9t\u00e9s par les autorit\u00e9s afin d\u2019enrayer la propagation de la pand\u00e9mie du nouveau coronavirus.<\/p>\n<\/div>\n<p>Auteur: Meriem IGASS<br \/>\n<a href=\"http:\/\/www.mapmarrakech.ma\/fr\/covid-19-campagne-de-sensibilisation-dans-le-souk-hebdomadaire-daguerd\/\">Cliquez ici pour lire l&rsquo;article depuis sa source.<\/a><\/p>\n","protected":false},"excerpt":{"rendered":"<p>Commune d\u2019Aguerd (province d\u2019Essaouira) \u2013 Une vaste campagne de sensibilisation et de conscientisation a \u00e9t\u00e9 men\u00e9e, mercredi, dans le souk hebdomadaire de la commune d\u2019Aguerd, relevant de la province d\u2019Essaouira et ce, dans le cadre des actions entreprises pour le renforcement de la s\u00e9curit\u00e9 sanitaire et la lutte contre la propagation de la pand\u00e9mie de [&hellip;]<\/p>\n","protected":false},"author":1788,"featured_media":0,"comment_status":"closed","ping_status":"closed","sticky":false,"template":"","format":"standard","meta":{"fifu_image_url":"","fifu_image_alt":"","footnotes":""},"categories":[54,76],"tags":[],"class_list":["post-99852","post","type-post","status-publish","format-standard","hentry","category-maroc","category-regions"],"_links":{"self":[{"href":"https:\/\/linitiative.ca\/International\/wp-json\/wp\/v2\/posts\/99852","targetHints":{"allow":["GET"]}}],"collection":[{"href":"https:\/\/linitiative.ca\/International\/wp-json\/wp\/v2\/posts"}],"about":[{"href":"https:\/\/linitiative.ca\/International\/wp-json\/wp\/v2\/types\/post"}],"author":[{"embeddable":true,"href":"https:\/\/linitiative.ca\/International\/wp-json\/wp\/v2\/users\/1788"}],"replies":[{"embeddable":true,"href":"https:\/\/linitiative.ca\/International\/wp-json\/wp\/v2\/comments?post=99852"}],"version-history":[{"count":0,"href":"https:\/\/linitiative.ca\/International\/wp-json\/wp\/v2\/posts\/99852\/revisions"}],"wp:attachment":[{"href":"https:\/\/linitiative.ca\/International\/wp-json\/wp\/v2\/media?parent=99852"}],"wp:term":[{"taxonomy":"category","embeddable":true,"href":"https:\/\/linitiative.ca\/International\/wp-json\/wp\/v2\/categories?post=99852"},{"taxonomy":"post_tag","embeddable":true,"href":"https:\/\/linitiative.ca\/International\/wp-json\/wp\/v2\/tags?post=99852"}],"curies":[{"name":"wp","href":"https:\/\/api.w.org\/{rel}","templated":true}]}}