{"id":99863,"date":"2020-09-24T10:34:47","date_gmt":"2020-09-24T14:34:47","guid":{"rendered":"https:\/\/linitiative.ca\/International\/une-bourse-fulbright-pour-la-recherche-post-doctorale\/"},"modified":"2020-09-24T10:34:47","modified_gmt":"2020-09-24T14:34:47","slug":"une-bourse-fulbright-pour-la-recherche-post-doctorale","status":"publish","type":"post","link":"https:\/\/linitiative.ca\/International\/une-bourse-fulbright-pour-la-recherche-post-doctorale\/","title":{"rendered":"Une bourse Fulbright pour la recherche post-doctorale"},"content":{"rendered":"<div class=\"author\" readability=\"5.6949152542373\"> Par <a href=\"\/content\/ahlam-nazih\"> Ahlam NAZIH<\/a> <a href=\"\/node\/\"> <\/a> | Edition N\u00b0:5850 Le 24\/09\/2020 | Partager <\/div>\n<div class=\"body\">\n<div class=\"field field-name-body field-type-text-with-summary field-label-hidden\">\n<div class=\"field-items\" readability=\"10.5\">\n<div class=\"field-item even\" property=\"content:encoded\" readability=\"16\">\n<p class=\"rtejustify\">Les Marocains occupant des postes d\u2019enseignement ou de recherche peuvent d\u00e8s \u00e0 pr\u00e9sent candidater pour la bourse de recherche post-doctorale Fulbright, qui vient d\u2019\u00eatre ouverte par la Commission maroco-am\u00e9ricaine pour les \u00e9changes \u00e9ducatifs et culturels (MACECE). La bourse couvrira une p\u00e9riode de trois mois continus aux Etats-Unis, \u00e0 compter de l\u2019\u00e9t\u00e9 2021. Elle int\u00e8gre le billet d\u2019avion (aller-retour), une allocation mensuelle, des indemnit\u00e9s (professionnelle, d\u2019installation et pour personne \u00e0 charge), ainsi qu\u2019une assurance m\u00e9dicale. Les candidatures doivent \u00eatre d\u00e9pos\u00e9es sur le site du MACECE. Le deadline est fix\u00e9 pour le 15 novembre 2020.<br \/><em>A.Na<\/em><\/p>\n<\/div>\n<\/div>\n<\/div>\n<\/div>\n<div class=\"eco-conseil\">\n<div class=\"view view-eco-conseil-16 view-id-eco_conseil_16 view-display-id-cookies view-dom-id-afec3022098cba65020f7e1be61b805c\">\n<div class=\"view-content\">\n<div id=\"views-bootstrap-grid-1\" class=\"views-bootstrap-grid-plugin-style\">\n<div class=\"row\">\n<div class=\" col-xs-12 col-lg-4\">\n<div class=\"row\">\n<div class=\"col col-xs-12 col-lg-12\">\n<div class=\"field-content\"><a href=\"\/article\/1067609-un-master-en-ingenierie-immobiliere-l-ecole-hassania\"><img loading=\"lazy\" decoding=\"async\" class=\"img-responsive\" typeof=\"foaf:Image\" src=\"https:\/\/www.leconomiste.com\/sites\/default\/files\/eco7\/public\/styles\/800x400\/public\/default_images\/default_une.jpg?itok=4jZlgnIZ\" width=\"660\" height=\"330\" alt=\"\"\/><\/a><\/div>\n<\/div>\n<div class=\" title_suite_2 col col-xs-12 col-lg-12\"> <a href=\"\/article\/1067609-un-master-en-ingenierie-immobiliere-l-ecole-hassania\"\/><span class=\"field-content\">Article 1067609<\/span><\/div>\n<\/div>\n<\/div>\n<div class=\" col-xs-12 col-lg-4\">\n<div class=\"row\">\n<div class=\"col col-xs-12 col-lg-12\">\n<div class=\"field-content\"><a href=\"\/article\/1067607-valyans-et-aiox-lancent-une-joint-venture\"><img loading=\"lazy\" decoding=\"async\" class=\"img-responsive\" typeof=\"foaf:Image\" src=\"https:\/\/www.leconomiste.com\/sites\/default\/files\/eco7\/public\/styles\/800x400\/public\/default_images\/default_une.jpg?itok=4jZlgnIZ\" width=\"660\" height=\"330\" alt=\"\"\/><\/a><\/div>\n<\/div>\n<div class=\" title_suite_2 col col-xs-12 col-lg-12\"> <a href=\"\/article\/1067607-valyans-et-aiox-lancent-une-joint-venture\"\/><span class=\"field-content\">Valyans et Aiox lancent une joint-venture<\/span><\/div>\n<\/div>\n<\/div>\n<div class=\" col-xs-12 col-lg-4\">\n<div class=\"row\">\n<div class=\"col col-xs-12 col-lg-12\">\n<div class=\"field-content\"><a href=\"\/article\/1067606-rd-l-um6p-s-allie-de-nouveaux-partenaires\"><img loading=\"lazy\" decoding=\"async\" class=\"img-responsive\" typeof=\"foaf:Image\" src=\"https:\/\/www.leconomiste.com\/sites\/default\/files\/eco7\/public\/styles\/800x400\/public\/default_images\/default_une.jpg?itok=4jZlgnIZ\" width=\"660\" height=\"330\" alt=\"\"\/><\/a><\/div>\n<\/div>\n<div class=\" title_suite_2 col col-xs-12 col-lg-12\"> <a href=\"\/article\/1067606-rd-l-um6p-s-allie-de-nouveaux-partenaires\"\/><span class=\"field-content\">R&amp;D: L\u2019UM6P s\u2019allie \u00e0 de nouveaux partenaires<\/span><\/div>\n<\/div>\n<\/div>\n<\/div>\n<\/div>\n<\/div>\n<\/div>\n<\/div>\n<p>Auteur: hlafriqi<br \/>\n<a href=\"https:\/\/www.leconomiste.com\/article\/1067608-une-bourse-fulbright-pour-la-recherche-post-doctorale\">Cliquez ici pour lire l&rsquo;article depuis sa source.<\/a><\/p>\n","protected":false},"excerpt":{"rendered":"<p>Par Ahlam NAZIH | Edition N\u00b0:5850 Le 24\/09\/2020 | Partager Les Marocains occupant des postes d\u2019enseignement ou de recherche peuvent d\u00e8s \u00e0 pr\u00e9sent candidater pour la bourse de recherche post-doctorale Fulbright, qui vient d\u2019\u00eatre ouverte par la Commission maroco-am\u00e9ricaine pour les \u00e9changes \u00e9ducatifs et culturels (MACECE). La bourse couvrira une p\u00e9riode de trois mois continus [&hellip;]<\/p>\n","protected":false},"author":1763,"featured_media":0,"comment_status":"closed","ping_status":"closed","sticky":false,"template":"","format":"standard","meta":{"fifu_image_url":"","fifu_image_alt":"","footnotes":""},"categories":[78,54],"tags":[],"class_list":["post-99863","post","type-post","status-publish","format-standard","hentry","category-economie","category-maroc"],"_links":{"self":[{"href":"https:\/\/linitiative.ca\/International\/wp-json\/wp\/v2\/posts\/99863","targetHints":{"allow":["GET"]}}],"collection":[{"href":"https:\/\/linitiative.ca\/International\/wp-json\/wp\/v2\/posts"}],"about":[{"href":"https:\/\/linitiative.ca\/International\/wp-json\/wp\/v2\/types\/post"}],"author":[{"embeddable":true,"href":"https:\/\/linitiative.ca\/International\/wp-json\/wp\/v2\/users\/1763"}],"replies":[{"embeddable":true,"href":"https:\/\/linitiative.ca\/International\/wp-json\/wp\/v2\/comments?post=99863"}],"version-history":[{"count":0,"href":"https:\/\/linitiative.ca\/International\/wp-json\/wp\/v2\/posts\/99863\/revisions"}],"wp:attachment":[{"href":"https:\/\/linitiative.ca\/International\/wp-json\/wp\/v2\/media?parent=99863"}],"wp:term":[{"taxonomy":"category","embeddable":true,"href":"https:\/\/linitiative.ca\/International\/wp-json\/wp\/v2\/categories?post=99863"},{"taxonomy":"post_tag","embeddable":true,"href":"https:\/\/linitiative.ca\/International\/wp-json\/wp\/v2\/tags?post=99863"}],"curies":[{"name":"wp","href":"https:\/\/api.w.org\/{rel}","templated":true}]}}