{"id":99865,"date":"2020-09-24T11:30:00","date_gmt":"2020-09-24T15:30:00","guid":{"rendered":"https:\/\/linitiative.ca\/International\/je-suis-pret-a-reponde-a-lappel-du-devoir-mais-je-ne-vais-plus-me-taire\/"},"modified":"2020-09-24T11:30:00","modified_gmt":"2020-09-24T15:30:00","slug":"je-suis-pret-a-reponde-a-lappel-du-devoir-mais-je-ne-vais-plus-me-taire","status":"publish","type":"post","link":"https:\/\/linitiative.ca\/International\/je-suis-pret-a-reponde-a-lappel-du-devoir-mais-je-ne-vais-plus-me-taire\/","title":{"rendered":"\u00abJe suis pr\u00eat \u00e0 r\u00e9ponde \u00e0 l\u2019appel du devoir, mais  je ne vais plus me taire\u00a0!\u00bb"},"content":{"rendered":"<p class=\"p1 c3\"><span class=\"c2\">La figure embl\u00e9matique de l\u2019Etoile du sahel Zoubeir Beya vient de r\u00e9v\u00e9ler sa profonde indignation quant aux incoh\u00e9rences manag\u00e9riales de la direction de son club de c\u0153ur.<span class=\"Apple-converted-space\">\u00a0<\/span><\/span><\/p>\n<p class=\"p1 c3\"><span class=\"c2\">Zoubeir Beya n\u2019a pas rat\u00e9 l\u2019occasion pour pointer du doigt la politique de la terre br\u00fbl\u00e9e adopt\u00e9e par le pr\u00e9sident de l\u2019Etoile Ridha Charfeddine\u00a0\u00ab L\u2019Etoile n\u2019est ni une entreprise ou usine pour la g\u00e9rer de la sorte et au gr\u00e9 du patron qui la dirige.<\/span><\/p>\n<p class=\"p1 c3\"><span class=\"c2\">Il est vrai que Ridha Charfeddine a d\u00fb d\u00e9bourser 50 millions de dinars pour subvenir aux besoins de l\u2019Etoile mais r\u00e9pertori\u00e9s sous forme de dette, mais il faut admettre que personne ne lui a demand\u00e9 de d\u00e9penser autant d\u2019argent pour ensuite prendre en otage une Etoile d\u00e9sormais \u00e9troitement d\u00e9pendante de la personne du pr\u00e9sident du club. Une situation qui n\u2019incite personne \u00e0 postuler \u00e0 la pr\u00e9sidence du club sah\u00e9lien, \u00e0 cause justement de la dette faramineuse envers Ridha Charfeddine.<\/span><\/p>\n<p class=\"p1 c3\"><span class=\"c2\">De fait, la situation est devenue intenable voire \u00e9touffante. En ce qui me concerne, je ne vais plus me taire, parce que l\u2019Etoile est une partie pr\u00e9cieuse de mon destin et de ma vie. Je suis pr\u00eat \u00e0 assumer une responsabilit\u00e9 au sein de mon club de c\u0153ur \u00e0 condition de trouver les conditions de travail ad\u00e9quates et surtout une vision manag\u00e9riale claire et coh\u00e9rente\u00a0\u00bb,a affirm\u00e9 l\u2019ex-gloire de l\u2019ESS sur un ton amer.<\/span><\/p>\n<p class=\"p2 c4\">\u00a0<\/p>\n<p class=\"p3 c5\"><span class=\"c2\"><strong>Shaka Bienvenu partant<\/strong><\/span><\/p>\n<p class=\"p1 c3\"><span class=\"c2\">Les responsables \u00e9toil\u00e9s et l\u2019attaquant burundais Shaka Bienvenu ont trouv\u00e9 un terrain d\u2019entente pour r\u00e9silier \u00e0 l\u2019amiable leur liaison apr\u00e8s un bref passage du c\u00f4t\u00e9 de l\u2019ESS.<\/span><\/p>\n<p class=\"p4 c6\"><span class=\"c2\"><strong>Hatem REGAIEG<\/strong><\/span><\/p>\n<p>Auteur: letemps1<br \/>\n<a href=\"http:\/\/www.letemps.com.tn\/article\/117232\/%C2%ABje-suis-pr%C3%AAt-%C3%A0-r%C3%A9ponde-%C3%A0-l%E2%80%99appel-du-devoir-mais-je-ne-vais-plus-me-taire%C2%A0%C2%BB\">Cliquez ici pour lire l&rsquo;article depuis sa source.<\/a><\/p>\n","protected":false},"excerpt":{"rendered":"<p>La figure embl\u00e9matique de l\u2019Etoile du sahel Zoubeir Beya vient de r\u00e9v\u00e9ler sa profonde indignation quant aux incoh\u00e9rences manag\u00e9riales de la direction de son club de c\u0153ur.\u00a0 Zoubeir Beya n\u2019a pas rat\u00e9 l\u2019occasion pour pointer du doigt la politique de la terre br\u00fbl\u00e9e adopt\u00e9e par le pr\u00e9sident de l\u2019Etoile Ridha Charfeddine\u00a0\u00ab L\u2019Etoile n\u2019est ni une [&hellip;]<\/p>\n","protected":false},"author":1773,"featured_media":0,"comment_status":"closed","ping_status":"closed","sticky":false,"template":"","format":"standard","meta":{"fifu_image_url":"","fifu_image_alt":"","footnotes":""},"categories":[73,55],"tags":[],"class_list":["post-99865","post","type-post","status-publish","format-standard","hentry","category-actualite","category-tunisie"],"_links":{"self":[{"href":"https:\/\/linitiative.ca\/International\/wp-json\/wp\/v2\/posts\/99865","targetHints":{"allow":["GET"]}}],"collection":[{"href":"https:\/\/linitiative.ca\/International\/wp-json\/wp\/v2\/posts"}],"about":[{"href":"https:\/\/linitiative.ca\/International\/wp-json\/wp\/v2\/types\/post"}],"author":[{"embeddable":true,"href":"https:\/\/linitiative.ca\/International\/wp-json\/wp\/v2\/users\/1773"}],"replies":[{"embeddable":true,"href":"https:\/\/linitiative.ca\/International\/wp-json\/wp\/v2\/comments?post=99865"}],"version-history":[{"count":0,"href":"https:\/\/linitiative.ca\/International\/wp-json\/wp\/v2\/posts\/99865\/revisions"}],"wp:attachment":[{"href":"https:\/\/linitiative.ca\/International\/wp-json\/wp\/v2\/media?parent=99865"}],"wp:term":[{"taxonomy":"category","embeddable":true,"href":"https:\/\/linitiative.ca\/International\/wp-json\/wp\/v2\/categories?post=99865"},{"taxonomy":"post_tag","embeddable":true,"href":"https:\/\/linitiative.ca\/International\/wp-json\/wp\/v2\/tags?post=99865"}],"curies":[{"name":"wp","href":"https:\/\/api.w.org\/{rel}","templated":true}]}}