{"id":99866,"date":"2020-09-24T11:30:00","date_gmt":"2020-09-24T15:30:00","guid":{"rendered":"https:\/\/linitiative.ca\/International\/le-barca-blinde-fati-avec-une-clause-a-400-millions-deuros\/"},"modified":"2020-09-24T11:30:00","modified_gmt":"2020-09-24T15:30:00","slug":"le-barca-blinde-fati-avec-une-clause-a-400-millions-deuros","status":"publish","type":"post","link":"https:\/\/linitiative.ca\/International\/le-barca-blinde-fati-avec-une-clause-a-400-millions-deuros\/","title":{"rendered":"Le Bar\u00e7a blinde Fati avec une clause \u00e0 400 millions d\u2019euros\u00a0!"},"content":{"rendered":"<p class=\"p1 c3\"><span class=\"c2\"><span class=\"Apple-converted-space\">\u00a0<\/span>Ayant particip\u00e9 \u00e0 24 matches avec le FC Barcelone la saison derni\u00e8re, Ansu Fati avait r\u00e9ussi \u00e0 trouver sa place dans l\u2019effectif catalan. Mais, il n\u2019\u00e9tait pas consid\u00e9r\u00e9 un joueur de l\u2019\u00e9quipe premi\u00e8re aupr\u00e8s des instances espagnoles.<\/span><\/p>\n<p class=\"p1 c3\"><span class=\"c2\">C\u2019est d\u00e9sormais le cas apr\u00e8s avoir sign\u00e9 la fiche de la f\u00e9d\u00e9ration comme peut le confirmer\u00a0Goal\u00a0qui avait annonc\u00e9 il y a deux semaines que le club avait convoqu\u00e9 le n\u00e9o-international pour revoir son contrat.<\/span><\/p>\n<p class=\"p1 c3\"><span class=\"c2\">Suite \u00e0 cette r\u00e9union, Ansu Fati n\u2019est d\u00e9sormais plus \u00e9ligible pour participer aux rencontres des \u00e9quipes de jeunes du Bar\u00e7a, lui qui n\u2019a que 17 ans.<\/span><\/p>\n<p class=\"p1 c3\"><span class=\"c2\">Si la dur\u00e9e du contrat de l\u2019Hispano-Bissau Guin\u00e9en reste la m\u00eame qu\u2019auparavant (juin 2024), le plus jeune buteur de l\u2019histoire du club verra son salaire augmenter ainsi que sa clause lib\u00e9ratoire, qui est d\u00e9sormais fix\u00e9e \u00e0 400 millions d\u2019euros.<\/span><\/p>\n<p class=\"p1 c3\"><span class=\"c2\">Annonc\u00e9 dans le viseur du Manchester United, Ainsu Fati va donc rester dans son club formateur et faire partie int\u00e9grante de l\u2019effectif de Ronald Koeman.<\/span><\/p>\n<p class=\"p1 c3\"><span class=\"c2\">Fort de ce nouveau statut, l\u2019ailier va troquer le num\u00e9ro 31 qu\u2019il porte depuis ses d\u00e9buts en professionnels et va arborer un nouveau num\u00e9ro (le 22)\u00a0\u00e0 l\u2019occasion du match contre Villarreal, dimanche prochain.<\/span><\/p>\n<p>Auteur: letemps1<br \/>\n<a href=\"http:\/\/www.letemps.com.tn\/article\/117233\/le-bar%C3%A7a-blinde-fati-avec-une-clause-%C3%A0-400-millions-d%E2%80%99euros%C2%A0\">Cliquez ici pour lire l&rsquo;article depuis sa source.<\/a><\/p>\n","protected":false},"excerpt":{"rendered":"<p>\u00a0Ayant particip\u00e9 \u00e0 24 matches avec le FC Barcelone la saison derni\u00e8re, Ansu Fati avait r\u00e9ussi \u00e0 trouver sa place dans l\u2019effectif catalan. Mais, il n\u2019\u00e9tait pas consid\u00e9r\u00e9 un joueur de l\u2019\u00e9quipe premi\u00e8re aupr\u00e8s des instances espagnoles. C\u2019est d\u00e9sormais le cas apr\u00e8s avoir sign\u00e9 la fiche de la f\u00e9d\u00e9ration comme peut le confirmer\u00a0Goal\u00a0qui avait annonc\u00e9 [&hellip;]<\/p>\n","protected":false},"author":1773,"featured_media":0,"comment_status":"closed","ping_status":"closed","sticky":false,"template":"","format":"standard","meta":{"fifu_image_url":"","fifu_image_alt":"","footnotes":""},"categories":[73,55],"tags":[],"class_list":["post-99866","post","type-post","status-publish","format-standard","hentry","category-actualite","category-tunisie"],"_links":{"self":[{"href":"https:\/\/linitiative.ca\/International\/wp-json\/wp\/v2\/posts\/99866","targetHints":{"allow":["GET"]}}],"collection":[{"href":"https:\/\/linitiative.ca\/International\/wp-json\/wp\/v2\/posts"}],"about":[{"href":"https:\/\/linitiative.ca\/International\/wp-json\/wp\/v2\/types\/post"}],"author":[{"embeddable":true,"href":"https:\/\/linitiative.ca\/International\/wp-json\/wp\/v2\/users\/1773"}],"replies":[{"embeddable":true,"href":"https:\/\/linitiative.ca\/International\/wp-json\/wp\/v2\/comments?post=99866"}],"version-history":[{"count":0,"href":"https:\/\/linitiative.ca\/International\/wp-json\/wp\/v2\/posts\/99866\/revisions"}],"wp:attachment":[{"href":"https:\/\/linitiative.ca\/International\/wp-json\/wp\/v2\/media?parent=99866"}],"wp:term":[{"taxonomy":"category","embeddable":true,"href":"https:\/\/linitiative.ca\/International\/wp-json\/wp\/v2\/categories?post=99866"},{"taxonomy":"post_tag","embeddable":true,"href":"https:\/\/linitiative.ca\/International\/wp-json\/wp\/v2\/tags?post=99866"}],"curies":[{"name":"wp","href":"https:\/\/api.w.org\/{rel}","templated":true}]}}