{"id":99867,"date":"2020-09-24T11:30:00","date_gmt":"2020-09-24T15:30:00","guid":{"rendered":"https:\/\/linitiative.ca\/International\/luka-jovic-veut-quitter-le-real-madrid\/"},"modified":"2020-09-24T11:30:00","modified_gmt":"2020-09-24T15:30:00","slug":"luka-jovic-veut-quitter-le-real-madrid","status":"publish","type":"post","link":"https:\/\/linitiative.ca\/International\/luka-jovic-veut-quitter-le-real-madrid\/","title":{"rendered":"Luka Jovic veut quitter le Real Madrid"},"content":{"rendered":"<p class=\"p1 c3\"><span class=\"c2\">D\u00e9cid\u00e9ment, du c\u00f4t\u00e9 du Real Madrid, c\u2019est la grande braderie\u2026 Alors que Sergio Reguilon et Gareth Bale sont en partance pour la Premier League et Tottenham, un nouveau \u00e9l\u00e9ment d\u00e9sire mettre les voiles. Dans son \u00e9dition du jour, Marca indique que Luka Jovic aimerait se relancer apr\u00e8s une premi\u00e8re saison compliqu\u00e9e dans la capitale espagnole (17 matches, 2 buts). Annonc\u00e9 dans le viseur de plusieurs \u00e9curies europ\u00e9ennes comme Monaco ou le milan AC, l\u2019attaquant sait qu\u2019il doit quitter le Real Madrid s\u2019il veut retrouver du temps de jeu et le rendement qui \u00e9tait le sien \u00e0 l\u2019Eintracht Francfort (25 buts en 54 matches).<\/span><\/p>\n<p class=\"p1 c3\"><span class=\"c2\">Des statistiques qui avaient pouss\u00e9 les champions d\u2019Espagne \u00e0 d\u00e9penser 60 millions d\u2019euros, il y a un an. En vain\u2026<\/span><\/p>\n<p class=\"p1 c3\"><span class=\"c2\">Du c\u00f4t\u00e9 du club, la perspective d\u2019un pr\u00eat du Serbe semble convenir afin de pouvoir amortir un contrat qui s\u2019\u00e9tend jusqu\u2019en 2024. S\u2019il parvient \u00e0 retrouver ses standards sous d\u2019autres horizons, Jovic verra sa cote grimper en fl\u00e8che et le Real Madrid pourra en d\u00e9gager une manne financi\u00e8re. A moins que Zidane ne finisse par \u00eatre convaincu que l\u2019attaquant a un r\u00f4le \u00e0 jouer.<\/span><\/p>\n<p>Auteur: letemps1<br \/>\n<a href=\"http:\/\/www.letemps.com.tn\/article\/117234\/luka-jovic-veut-quitter-le-real-madrid\">Cliquez ici pour lire l&rsquo;article depuis sa source.<\/a><\/p>\n","protected":false},"excerpt":{"rendered":"<p>D\u00e9cid\u00e9ment, du c\u00f4t\u00e9 du Real Madrid, c\u2019est la grande braderie\u2026 Alors que Sergio Reguilon et Gareth Bale sont en partance pour la Premier League et Tottenham, un nouveau \u00e9l\u00e9ment d\u00e9sire mettre les voiles. Dans son \u00e9dition du jour, Marca indique que Luka Jovic aimerait se relancer apr\u00e8s une premi\u00e8re saison compliqu\u00e9e dans la capitale espagnole [&hellip;]<\/p>\n","protected":false},"author":1773,"featured_media":0,"comment_status":"closed","ping_status":"closed","sticky":false,"template":"","format":"standard","meta":{"fifu_image_url":"","fifu_image_alt":"","footnotes":""},"categories":[73,55],"tags":[],"class_list":["post-99867","post","type-post","status-publish","format-standard","hentry","category-actualite","category-tunisie"],"_links":{"self":[{"href":"https:\/\/linitiative.ca\/International\/wp-json\/wp\/v2\/posts\/99867","targetHints":{"allow":["GET"]}}],"collection":[{"href":"https:\/\/linitiative.ca\/International\/wp-json\/wp\/v2\/posts"}],"about":[{"href":"https:\/\/linitiative.ca\/International\/wp-json\/wp\/v2\/types\/post"}],"author":[{"embeddable":true,"href":"https:\/\/linitiative.ca\/International\/wp-json\/wp\/v2\/users\/1773"}],"replies":[{"embeddable":true,"href":"https:\/\/linitiative.ca\/International\/wp-json\/wp\/v2\/comments?post=99867"}],"version-history":[{"count":0,"href":"https:\/\/linitiative.ca\/International\/wp-json\/wp\/v2\/posts\/99867\/revisions"}],"wp:attachment":[{"href":"https:\/\/linitiative.ca\/International\/wp-json\/wp\/v2\/media?parent=99867"}],"wp:term":[{"taxonomy":"category","embeddable":true,"href":"https:\/\/linitiative.ca\/International\/wp-json\/wp\/v2\/categories?post=99867"},{"taxonomy":"post_tag","embeddable":true,"href":"https:\/\/linitiative.ca\/International\/wp-json\/wp\/v2\/tags?post=99867"}],"curies":[{"name":"wp","href":"https:\/\/api.w.org\/{rel}","templated":true}]}}