{"id":99868,"date":"2020-09-24T11:30:00","date_gmt":"2020-09-24T15:30:00","guid":{"rendered":"https:\/\/linitiative.ca\/International\/le-bayern-songe-a-mario-gotze\/"},"modified":"2020-09-24T11:30:00","modified_gmt":"2020-09-24T15:30:00","slug":"le-bayern-songe-a-mario-gotze","status":"publish","type":"post","link":"https:\/\/linitiative.ca\/International\/le-bayern-songe-a-mario-gotze\/","title":{"rendered":"Le Bayern songe \u00e0 Mario Gotze"},"content":{"rendered":"<p class=\"p1 c3\"><span class=\"c2\">Ayant fait le choix de ne pas engager d\u00e9finitivement Philippe Coutinho et Ivan Perisic, le Bayern Munich s\u2019est affaibli sur les ailes de son attaque. Malgr\u00e9 l\u2019arriv\u00e9e de Leroy San\u00e9, les champions d\u2019Europe sont \u00e0 la recherche de renforts offensifs \u00e0 douze jours de la fin du march\u00e9 des transferts.<\/span><\/p>\n<p class=\"p1 c3\"><span class=\"c2\">\u00abLa situation n\u2019est pas facile. Nous avons perdu de la qualit\u00e9\u00bb, avait d\u00e9clar\u00e9 l\u2019entra\u00eeneur du Bayern. A en croire Sport Bild, l\u2019une des pistes d\u2019Hansi Flick m\u00e8ne \u00e0 un ancien de la maison munichoise. Le technicien allemand a pris contact avec Mario Gotze, qu\u2019il a connu avec la s\u00e9lection allemande, afin d\u2019avoir des renseignements sur la motivation du joueur ainsi que de son physique.<\/span><\/p>\n<p class=\"p2 c4\"><span class=\"c2\"><strong>Gotze n\u2019a que 28 ans<\/strong><\/span><\/p>\n<p class=\"p1 c3\"><span class=\"c2\">Libre depuis la fin de son contrat avec le Borussia Dortmund, Gotze est \u00e0 la recherche d\u2019un nouveau challenge au plus haut niveau. H\u00e9ros de la finale de la Coupe du Monde 2014, le meneur s\u2019est perdu depuis et n\u2019a jamais retrouv\u00e9 le niveau qui \u00e9tait le sien sous les ordres de Jurgen Klopp au BvB. \u00abJ\u2019ai des projets ambitieux et je veux gagner la Ligue des Champions\u00bb, avait-il d\u00e9clar\u00e9 \u00e0 Sky il y a quelques temps.<\/span><\/p>\n<p class=\"p1 c3\"><span class=\"c2\">Avec un mercato qui se termine dans quelques jours, le Bayern Munich sait que les renforts \u00e0 petits prix ne sont pas l\u00e9gion et la situation de Gotze plaide en sa faveur. Surtout, le joueur de 28 ans connait bien les champions d\u2019Allemagne pour y avoir \u00e9t\u00e9 form\u00e9 avant d\u2019y revenir entre 2013 et 2016, sous les ordres de Pep Guardiola.<\/span><\/p>\n<p class=\"p1 c3\"><span class=\"c2\">Annonc\u00e9 \u00e0 Monaco, au FC S\u00e9ville ou encore \u00e0 Valence, Mario Gotze pourrait donner un nouvel \u00e9lan \u00e0 sa carri\u00e8re. A condition de ne pas se montrer trop gourmand\u2026<\/span><\/p>\n<p>Auteur: letemps1<br \/>\n<a href=\"http:\/\/www.letemps.com.tn\/article\/117235\/le-bayern-songe-%C3%A0-mario-gotze\">Cliquez ici pour lire l&rsquo;article depuis sa source.<\/a><\/p>\n","protected":false},"excerpt":{"rendered":"<p>Ayant fait le choix de ne pas engager d\u00e9finitivement Philippe Coutinho et Ivan Perisic, le Bayern Munich s\u2019est affaibli sur les ailes de son attaque. Malgr\u00e9 l\u2019arriv\u00e9e de Leroy San\u00e9, les champions d\u2019Europe sont \u00e0 la recherche de renforts offensifs \u00e0 douze jours de la fin du march\u00e9 des transferts. \u00abLa situation n\u2019est pas facile. [&hellip;]<\/p>\n","protected":false},"author":1773,"featured_media":0,"comment_status":"closed","ping_status":"closed","sticky":false,"template":"","format":"standard","meta":{"fifu_image_url":"","fifu_image_alt":"","footnotes":""},"categories":[73,55],"tags":[],"class_list":["post-99868","post","type-post","status-publish","format-standard","hentry","category-actualite","category-tunisie"],"_links":{"self":[{"href":"https:\/\/linitiative.ca\/International\/wp-json\/wp\/v2\/posts\/99868","targetHints":{"allow":["GET"]}}],"collection":[{"href":"https:\/\/linitiative.ca\/International\/wp-json\/wp\/v2\/posts"}],"about":[{"href":"https:\/\/linitiative.ca\/International\/wp-json\/wp\/v2\/types\/post"}],"author":[{"embeddable":true,"href":"https:\/\/linitiative.ca\/International\/wp-json\/wp\/v2\/users\/1773"}],"replies":[{"embeddable":true,"href":"https:\/\/linitiative.ca\/International\/wp-json\/wp\/v2\/comments?post=99868"}],"version-history":[{"count":0,"href":"https:\/\/linitiative.ca\/International\/wp-json\/wp\/v2\/posts\/99868\/revisions"}],"wp:attachment":[{"href":"https:\/\/linitiative.ca\/International\/wp-json\/wp\/v2\/media?parent=99868"}],"wp:term":[{"taxonomy":"category","embeddable":true,"href":"https:\/\/linitiative.ca\/International\/wp-json\/wp\/v2\/categories?post=99868"},{"taxonomy":"post_tag","embeddable":true,"href":"https:\/\/linitiative.ca\/International\/wp-json\/wp\/v2\/tags?post=99868"}],"curies":[{"name":"wp","href":"https:\/\/api.w.org\/{rel}","templated":true}]}}